{"id":1102,"date":"2021-08-25T16:02:16","date_gmt":"2021-08-25T13:02:16","guid":{"rendered":"https:\/\/sosyalevin.com\/blog\/?p=1102"},"modified":"2025-12-22T19:50:14","modified_gmt":"2025-12-22T16:50:14","slug":"tiktokta-ses-ekleme","status":"publish","type":"post","link":"https:\/\/sosyalevin.com\/blog\/tiktokta-ses-ekleme\/","title":{"rendered":"Tiktok\u2019ta Ses Ekleme"},"content":{"rendered":"<p>Milyarlarca kullan\u0131c\u0131 potansiyeline ula\u015fan, ses ve m\u00fczi\u011fin birlikte kullan\u0131m\u0131 ile \u00fcretilen k\u0131sa videolar\u0131 bar\u0131nd\u0131ran bir platformdur. Tiktok\u2019ta ses ekleme nas\u0131l olur?<\/p>\n<p>\u0130steyen kullan\u0131c\u0131lar kendi seslerini de videolara ekleyebilmektedir. Tiktok\u2019un seslendirme \u00f6zelli\u011fini kullanarak bu i\u015flemi ger\u00e7ekle\u015ftirebilirler. Bu i\u00e7erikte sizleri Tiktok\u2019ta Kendi Seslerinizi Nas\u0131l Ekleyebilirsiniz? konuyla alakal\u0131 geri bildirimler bekliyor. Bu sayede art\u0131k tiktok videolar\u0131n\u0131za kendi sesinizi ekleyebileceksiniz.<\/p>\n<p>\u0130\u00e7inde bar\u0131nd\u0131rd\u0131\u011f\u0131 ses k\u00fct\u00fcphanesi ile bu imk\u00e2n sunulmaktad\u0131r. Bu imk\u00e2ndan faydalanmak isteyen kullan\u0131c\u0131lar\u0131n ak\u0131llar\u0131na gelen ilk soru <a href=\"https:\/\/sosyalevin.com\/blog\/tiktokta-ses-ekleme\/\" target=\"_blank\" rel=\"noopener sponsored\">Tiktok\u2019ta ses ekleme nas\u0131l olur<\/a>? sorusudur. Bunun yan\u0131 s\u0131ra ses ekleme \u00f6zelli\u011fi nas\u0131l kullan\u0131l\u0131r konusu da merak uyand\u0131rmaktad\u0131r.<\/p>\n<p>Milyarlarca ki\u015fi video platformlar\u0131nda vakit ge\u00e7irmektedir. Bu platformlar\u0131 ayakta tutan dijital i\u00e7eriklerdir. Dijital i\u00e7eriklerin i\u00e7inde var olan sesler, g\u00f6r\u00fcnt\u00fcler ve yaz\u0131lar ile g\u00fc\u00e7lendirilmektedir.<\/p>\n<p>Dolay\u0131s\u0131 ile <a href=\"https:\/\/www.tiktok.com\/explore\" target=\"_blank\" rel=\"noopener\">Tiktok<\/a> ses ekleme \u00f6zelli\u011fini s\u00fcrekli geli\u015ftirmektedir. Ses eklemenin yan\u0131nda kullan\u0131c\u0131lar tema, kurgu ve efekt ekleme f\u0131rsat\u0131 da bulmaktad\u0131r. Ses ekleme \u00f6zelli\u011fini kullanarak i\u00e7eriklerini g\u00fc\u00e7lendiren kullan\u0131c\u0131lar daha fazla i\u00e7erik \u00fcretmenin gayreti i\u00e7indedirler.<\/p>\n<p><img decoding=\"async\" class=\"alignnone wp-image-1292 size-full\" src=\"https:\/\/sosyalevin.com\/blog\/wp-content\/uploads\/2021\/08\/tiktokta-kendi-seslerinizi-nasil-ekleyebilirsiniz.jpg\" alt=\"Tiktok\u2019ta Kendi Seslerinizi Nas\u0131l Ekleyebilirsiniz?\" width=\"1200\" height=\"628\" title=\"\" srcset=\"https:\/\/sosyalevin.com\/blog\/wp-content\/uploads\/2021\/08\/tiktokta-kendi-seslerinizi-nasil-ekleyebilirsiniz.jpg 1200w, https:\/\/sosyalevin.com\/blog\/wp-content\/uploads\/2021\/08\/tiktokta-kendi-seslerinizi-nasil-ekleyebilirsiniz-300x157.jpg 300w, https:\/\/sosyalevin.com\/blog\/wp-content\/uploads\/2021\/08\/tiktokta-kendi-seslerinizi-nasil-ekleyebilirsiniz-1024x536.jpg 1024w, https:\/\/sosyalevin.com\/blog\/wp-content\/uploads\/2021\/08\/tiktokta-kendi-seslerinizi-nasil-ekleyebilirsiniz-768x402.jpg 768w\" sizes=\"(max-width: 1200px) 100vw, 1200px\" \/><\/p>\n<div id=\"ez-toc-container\" class=\"ez-toc-v2_0_82_2 counter-hierarchy ez-toc-counter ez-toc-grey ez-toc-container-direction\">\n<div class=\"ez-toc-title-container\"><p class=\"ez-toc-title\" style=\"cursor:inherit\">\u0130\u00e7indekiler<\/p>\n<\/div><nav><ul class='ez-toc-list ez-toc-list-level-1 ' ><li class='ez-toc-page-1 ez-toc-heading-level-2'><a class=\"ez-toc-link ez-toc-heading-1\" href=\"https:\/\/sosyalevin.com\/blog\/tiktokta-ses-ekleme\/#Tiktokta-Ses-Ekleme\" >Tiktok\u2019ta Ses Ekleme<\/a><\/li><li class='ez-toc-page-1 ez-toc-heading-level-2'><a class=\"ez-toc-link ez-toc-heading-2\" href=\"https:\/\/sosyalevin.com\/blog\/tiktokta-ses-ekleme\/#Cihazdaki-Kendi-Sesinizi-Videoya-Ekleme\" >Cihazdaki Kendi Sesinizi Videoya Ekleme<\/a><\/li><li class='ez-toc-page-1 ez-toc-heading-level-2'><a class=\"ez-toc-link ez-toc-heading-3\" href=\"https:\/\/sosyalevin.com\/blog\/tiktokta-ses-ekleme\/#Tiktokun-Seslendirme-Ozelligini-Kullanma\" >Tiktok\u2019un Seslendirme \u00d6zelli\u011fini Kullanma<\/a><\/li><li class='ez-toc-page-1 ez-toc-heading-level-2'><a class=\"ez-toc-link ez-toc-heading-4\" href=\"https:\/\/sosyalevin.com\/blog\/tiktokta-ses-ekleme\/#Tiktokta-Kendi-Sesini-Olusturma\" >Tiktok\u2019ta Kendi Sesini Olu\u015fturma<\/a><\/li><li class='ez-toc-page-1 ez-toc-heading-level-2'><a class=\"ez-toc-link ez-toc-heading-5\" href=\"https:\/\/sosyalevin.com\/blog\/tiktokta-ses-ekleme\/#Sonuc\" >Sonu\u00e7<\/a><\/li><\/ul><\/nav><\/div>\n<h2><span class=\"ez-toc-section\" id=\"Tiktokta-Ses-Ekleme\"><\/span>Tiktok\u2019ta Ses Ekleme<span class=\"ez-toc-section-end\"><\/span><\/h2>\n<p>Ses ekleme \u00f6zelli\u011fini kullanarak seslendirme yap\u0131l\u0131rken dikkatli olmak mant\u0131kl\u0131d\u0131r. Ses k\u00fct\u00fcphanesinden istenilen \u00f6zelliklere sahip m\u00fczik ve ses kullanma imk\u00e2n\u0131n\u0131n yan\u0131nda, kullan\u0131c\u0131 kendi kitapl\u0131\u011f\u0131n\u0131 da olu\u015fturabilmektedir. Bu durumda telif alma imk\u00e2n\u0131 sunulmaktad\u0131r. Ses ekleme \u00f6zelli\u011finde k\u00fc\u00e7\u00fck \u00e7apta de\u011fi\u015fikler yap\u0131lsa bile kendi sesini kullanarak video olu\u015fturabilmektedir. \u0130\u015fte Tiktok&#8217;ta ses ekleme i\u00e7in a\u00e7\u0131klamalar a\u015fa\u011f\u0131da yer al\u0131yor.<\/p>\n<h2><span class=\"ez-toc-section\" id=\"Cihazdaki-Kendi-Sesinizi-Videoya-Ekleme\"><\/span>Cihazdaki Kendi Sesinizi Videoya Ekleme<span class=\"ez-toc-section-end\"><\/span><\/h2>\n<p><em>Cihazda var olan foto\u011fraflar uygulamas\u0131nda yer alan orijinal sesli videolar\u0131 y\u00fcklemek i\u00e7in uygulanacak ad\u0131mlar \u015f\u00f6yledir;<\/em><\/p>\n<ol>\n<li>Uygulamaya giri\u015f yap\u0131lmas\u0131<\/li>\n<li>Ekran\u0131n alt k\u0131sm\u0131nda mevcut olan art\u0131 simgesine dokunma<\/li>\n<li>Y\u00fckle komutunun se\u00e7ilmesi<\/li>\n<li>T\u00fcm foto\u011fraflar b\u00f6l\u00fcm\u00fcne girilerek ilgili videonun se\u00e7imi<\/li>\n<li>D\u00fczenlemenin yap\u0131lmas\u0131 i\u00e7in ileri ad\u0131m\u0131n\u0131n t\u0131klanmas\u0131<\/li>\n<li>Sa\u011f \u00fcst k\u0131s\u0131mda bulunan ileri komutu t\u0131klanarak video payla\u015f\u0131l\u0131r.<\/li>\n<\/ol>\n<h2><span class=\"ez-toc-section\" id=\"Tiktokun-Seslendirme-Ozelligini-Kullanma\"><\/span>Tiktok\u2019un Seslendirme \u00d6zelli\u011fini Kullanma<span class=\"ez-toc-section-end\"><\/span><\/h2>\n<p><em>Kullan\u0131c\u0131lar\u0131n Tiktok\u2019un seslendirme \u00f6zelli\u011fini kullanarak video olu\u015fturmak istediklerinde \u015fu ad\u0131mlar\u0131 izlemeleri gerekir;<\/em><\/p>\n<ol>\n<li>Uygulamaya giri\u015f yap\u0131lmas\u0131<\/li>\n<li>Ekran\u0131n alt k\u0131sm\u0131nda mevcut olan kay\u0131t butonu kullan\u0131larak videonun \u00e7ekimi<\/li>\n<li>Kay\u0131t edilmesi i\u00e7in k\u0131rm\u0131z\u0131 tik i\u015faretine bas\u0131lmas\u0131<\/li>\n<li>Seslendirme i\u015flemlerinin yap\u0131lmas\u0131<\/li>\n<li>Kay\u0131t simgesi kullan\u0131larak ses ekleme yap\u0131lmas\u0131<\/li>\n<li>Orijinal sesi koru simgesinin onaylanmas\u0131<\/li>\n<li>Kaydet se\u00e7ilerek sesler men\u00fcs\u00fcn\u00fcn se\u00e7ilmesi<\/li>\n<li>Ses seviyesini t\u0131klanarak ses ge\u00e7i\u015flerinin ayarlanmas\u0131<\/li>\n<li>Tiktok Seslendirme \u00d6zelli\u011finin Kullan\u0131m\u0131<\/li>\n<\/ol>\n<p>Kullan\u0131c\u0131lar kendi seslerini eklemenin yan\u0131 s\u0131ra uygulaman\u0131n sunmu\u015f oldu\u011fu sesleri kullanarak i\u00e7erik \u00fcretilebilir. Seslendirme \u00f6zelli\u011fi sayesinde \u00fcretilen videolar ile takip\u00e7i say\u0131s\u0131 artt\u0131rmak m\u00fcmk\u00fcnd\u00fcr. Bunu ger\u00e7ekle\u015ftirmek i\u00e7in uygulamaya giri\u015f yapmak gerekir.<\/p>\n<p>Kay\u0131t butonu kullan\u0131larak video \u00e7ekimi ger\u00e7ekle\u015ftirilir. Seslendirme men\u00fcs\u00fcnden bir seslendirme olu\u015fturularak videonun arka plandaki sesini kapatarak orijinal sesi koru simgesi bo\u015f b\u0131rak\u0131l\u0131r. Kaydet butonu t\u0131klan\u0131larak sesler men\u00fcs\u00fcne giri\u015f yap\u0131l\u0131r. Son a\u015famada ses seviyesi kullan\u0131larak orijinal ses ge\u00e7i\u015fleri ayarlan\u0131r.<\/p>\n<h2><span class=\"ez-toc-section\" id=\"Tiktokta-Kendi-Sesini-Olusturma\"><\/span>Tiktok\u2019ta Kendi Sesini Olu\u015fturma<span class=\"ez-toc-section-end\"><\/span><\/h2>\n<p>Kullan\u0131c\u0131lar telefonlar\u0131na m\u00fczik y\u00fcklemede sorun ya\u015fad\u0131klar\u0131nda Tiktok yard\u0131ma haz\u0131rd\u0131r. Seslendirme \u00f6zelli\u011fi kullan\u0131larak ses kayd\u0131 yap\u0131labilmektedir.<\/p>\n<p><em>Bunun i\u00e7in yap\u0131lmas\u0131 gerekenler \u015funlard\u0131r;<\/em><\/p>\n<ol>\n<li>Telefonda mevcut olan uygulamaya girilir.<\/li>\n<li>Alt k\u0131s\u0131mda bulunan art\u0131 i\u015fareti se\u00e7ilir<\/li>\n<li>Video kayd\u0131 i\u00e7in ekrandaki k\u0131rm\u0131z\u0131 d\u00fc\u011fme kullan\u0131l\u0131r. Yeni bir video eklemenin yan\u0131 s\u0131ra kay\u0131t edilmi\u015f bir video da se\u00e7ilebilir.<\/li>\n<li>Seslendirme yap\u0131lmas\u0131 i\u00e7in video se\u00e7ilir. \u00dcst k\u0131s\u0131mdan ileri t\u0131klan\u0131r.<\/li>\n<li>Seslendirme \u00fczerine t\u0131klanarak simgelere ula\u015f\u0131l\u0131r.<\/li>\n<li>Kaydet d\u00fc\u011fmesi kullan\u0131larak ses kayd\u0131 yap\u0131l\u0131r.<\/li>\n<li>Orijinal sesin videodan kald\u0131r\u0131lmas\u0131 sa\u011flanabilir. Bunu ger\u00e7ekle\u015ftirmek i\u00e7in orijinal sesi koru kutusundaki i\u015faret kald\u0131r\u0131lmak sureti ile ger\u00e7ekle\u015ftirilir. Ses arka planda tutulacak i\u00e7i i\u015faret se\u00e7ilir.<\/li>\n<li>Ses kayd\u0131n\u0131n yap\u0131labilmesi i\u00e7in kaydet se\u00e7ilerek i\u015flem ger\u00e7ekle\u015ftirilir.<\/li>\n<\/ol>\n<h2><span class=\"ez-toc-section\" id=\"Sonuc\"><\/span>Sonu\u00e7<span class=\"ez-toc-section-end\"><\/span><\/h2>\n<p>T\u00fcm ad\u0131mlar uyguland\u0131ktan sonra kullan\u0131c\u0131lar kendi seslerini Tiktok uygulamas\u0131nda var olan videolara veya yeni \u00e7ekilecek videolara ekleyebilirler. Bu sayede ses ekleme \u00f6zelli\u011fi kullan\u0131larak \u00fcretilen kaliteli i\u00e7erikler sayesinde daha fazla kullan\u0131c\u0131 say\u0131s\u0131na ula\u015f\u0131lm\u0131\u015f olur. Tiktok&#8217;ta ses ekleme \u00f6zelli\u011fini kolayl\u0131kla yapabilirsiniz.<\/p>\n<p>&nbsp;<\/p>\n","protected":false},"excerpt":{"rendered":"<p>Milyarlarca kullan\u0131c\u0131 potansiyeline ula\u015fan, ses ve m\u00fczi\u011fin birlikte kullan\u0131m\u0131 ile \u00fcretilen k\u0131sa videolar\u0131 bar\u0131nd\u0131ran bir platformdur. Tiktok\u2019ta ses ekleme nas\u0131l olur? \u0130steyen kullan\u0131c\u0131lar kendi seslerini de videolara ekleyebilmektedir. Tiktok\u2019un seslendirme \u00f6zelli\u011fini kullanarak bu i\u015flemi ger\u00e7ekle\u015ftirebilirler. Bu i\u00e7erikte sizleri Tiktok\u2019ta Kendi Seslerinizi Nas\u0131l Ekleyebilirsiniz? konuyla alakal\u0131 geri bildirimler bekliyor. Bu sayede art\u0131k tiktok videolar\u0131n\u0131za kendi sesinizi &hellip;<\/p>\n","protected":false},"author":1,"featured_media":1103,"comment_status":"open","ping_status":"open","sticky":false,"template":"","format":"standard","meta":{"footnotes":""},"categories":[73],"tags":[],"class_list":["post-1102","post","type-post","status-publish","format-standard","has-post-thumbnail","hentry","category-tiktok-destek"],"_links":{"self":[{"href":"https:\/\/sosyalevin.com\/blog\/wp-json\/wp\/v2\/posts\/1102","targetHints":{"allow":["GET"]}}],"collection":[{"href":"https:\/\/sosyalevin.com\/blog\/wp-json\/wp\/v2\/posts"}],"about":[{"href":"https:\/\/sosyalevin.com\/blog\/wp-json\/wp\/v2\/types\/post"}],"author":[{"embeddable":true,"href":"https:\/\/sosyalevin.com\/blog\/wp-json\/wp\/v2\/users\/1"}],"replies":[{"embeddable":true,"href":"https:\/\/sosyalevin.com\/blog\/wp-json\/wp\/v2\/comments?post=1102"}],"version-history":[{"count":1,"href":"https:\/\/sosyalevin.com\/blog\/wp-json\/wp\/v2\/posts\/1102\/revisions"}],"predecessor-version":[{"id":6725,"href":"https:\/\/sosyalevin.com\/blog\/wp-json\/wp\/v2\/posts\/1102\/revisions\/6725"}],"wp:featuredmedia":[{"embeddable":true,"href":"https:\/\/sosyalevin.com\/blog\/wp-json\/wp\/v2\/media\/1103"}],"wp:attachment":[{"href":"https:\/\/sosyalevin.com\/blog\/wp-json\/wp\/v2\/media?parent=1102"}],"wp:term":[{"taxonomy":"category","embeddable":true,"href":"https:\/\/sosyalevin.com\/blog\/wp-json\/wp\/v2\/categories?post=1102"},{"taxonomy":"post_tag","embeddable":true,"href":"https:\/\/sosyalevin.com\/blog\/wp-json\/wp\/v2\/tags?post=1102"}],"curies":[{"name":"wp","href":"https:\/\/api.w.org\/{rel}","templated":true}]}}