{"id":2579,"date":"2022-03-29T16:08:31","date_gmt":"2022-03-29T13:08:31","guid":{"rendered":"https:\/\/sosyalevin.com\/blog\/?p=2579"},"modified":"2025-12-22T19:50:13","modified_gmt":"2025-12-22T16:50:13","slug":"instagram-hikaye-sesli-yanit-ozelligi","status":"publish","type":"post","link":"https:\/\/sosyalevin.com\/blog\/instagram-hikaye-sesli-yanit-ozelligi\/","title":{"rendered":"Instagram Hikaye Sesli Yan\u0131t \u00d6zelli\u011fi"},"content":{"rendered":"<p><a href=\"https:\/\/www.instagram.com\/\" target=\"_blank\" rel=\"noopener\">Instagram<\/a> hikaye sesli yan\u0131t \u00f6zelli\u011fi mi geliyor? Instagram Hikaye sesli yan\u0131t \u00f6zelli\u011fi sayesinde h\u0131zla ve zahmetsizce hikayelere cevap vereceksiniz.<\/p>\n<h2><img decoding=\"async\" class=\"alignnone wp-image-2582 size-full\" src=\"https:\/\/sosyalevin.com\/blog\/wp-content\/uploads\/2022\/03\/instagram-hikaye-sesli-yanit-ozelligi.jpeg\" alt=\"Instagram Hikaye Sesli Yan\u0131t \u00d6zelli\u011fi\" width=\"1200\" height=\"628\" title=\"\" srcset=\"https:\/\/sosyalevin.com\/blog\/wp-content\/uploads\/2022\/03\/instagram-hikaye-sesli-yanit-ozelligi.jpeg 1200w, https:\/\/sosyalevin.com\/blog\/wp-content\/uploads\/2022\/03\/instagram-hikaye-sesli-yanit-ozelligi-300x157.jpeg 300w, https:\/\/sosyalevin.com\/blog\/wp-content\/uploads\/2022\/03\/instagram-hikaye-sesli-yanit-ozelligi-1024x536.jpeg 1024w, https:\/\/sosyalevin.com\/blog\/wp-content\/uploads\/2022\/03\/instagram-hikaye-sesli-yanit-ozelligi-768x402.jpeg 768w\" sizes=\"(max-width: 1200px) 100vw, 1200px\" \/><\/h2>\n<div id=\"ez-toc-container\" class=\"ez-toc-v2_0_82_2 counter-hierarchy ez-toc-counter ez-toc-grey ez-toc-container-direction\">\n<div class=\"ez-toc-title-container\"><p class=\"ez-toc-title\" style=\"cursor:inherit\">\u0130\u00e7indekiler<\/p>\n<\/div><nav><ul class='ez-toc-list ez-toc-list-level-1 ' ><li class='ez-toc-page-1 ez-toc-heading-level-2'><a class=\"ez-toc-link ez-toc-heading-1\" href=\"https:\/\/sosyalevin.com\/blog\/instagram-hikaye-sesli-yanit-ozelligi\/#Instagram-Hikaye-Sesli-Yanit-Ozelligi\" >Instagram Hikaye Sesli Yan\u0131t \u00d6zelli\u011fi<\/a><ul class='ez-toc-list-level-3' ><li class='ez-toc-heading-level-3'><a class=\"ez-toc-link ez-toc-heading-2\" href=\"https:\/\/sosyalevin.com\/blog\/instagram-hikaye-sesli-yanit-ozelligi\/#Hikaye-Sesli-Yanit-Ozelligi-Nasil-Gorunecek\" >Hikaye Sesli Yan\u0131t \u00d6zelli\u011fi Nas\u0131l G\u00f6r\u00fcnecek?<\/a><\/li><\/ul><\/li><li class='ez-toc-page-1 ez-toc-heading-level-2'><a class=\"ez-toc-link ez-toc-heading-3\" href=\"https:\/\/sosyalevin.com\/blog\/instagram-hikaye-sesli-yanit-ozelligi\/#Instagram-Hikayelere-Gorsel-ile-Yanit-Verme\" >Instagram Hikayelere G\u00f6rsel ile Yan\u0131t Verme<\/a><\/li><li class='ez-toc-page-1 ez-toc-heading-level-2'><a class=\"ez-toc-link ez-toc-heading-4\" href=\"https:\/\/sosyalevin.com\/blog\/instagram-hikaye-sesli-yanit-ozelligi\/#Sonuc\" >Sonu\u00e7<\/a><ul class='ez-toc-list-level-3' ><li class='ez-toc-heading-level-3'><a class=\"ez-toc-link ez-toc-heading-5\" href=\"https:\/\/sosyalevin.com\/blog\/instagram-hikaye-sesli-yanit-ozelligi\/#Instagram-Hikaye-Begeni-Hizmetiniz-Var-midir\" >Instagram Hikaye Be\u011feni Hizmetiniz Var m\u0131d\u0131r?<\/a><\/li><\/ul><\/li><\/ul><\/nav><\/div>\n<h2><span class=\"ez-toc-section\" id=\"Instagram-Hikaye-Sesli-Yanit-Ozelligi\"><\/span>Instagram Hikaye Sesli Yan\u0131t \u00d6zelli\u011fi<span class=\"ez-toc-section-end\"><\/span><\/h2>\n<p><a href=\"https:\/\/x.com\/alex193a\" target=\"_blank\" rel=\"noopener\">Alessandro Paluzzi<\/a>, uygulamalar\u0131n yeni gelen \u00f6zelliklerini &#8216;s\u0131zd\u0131ran&#8217; ba\u011f\u0131ms\u0131z geli\u015ftiricidir. Paluzzi bir tweet ile Instagram&#8217;\u0131n yeni bir \u00f6zellik \u00fczerinde \u00e7al\u0131\u015ft\u0131\u011f\u0131n\u0131 payla\u015ft\u0131.<\/p>\n<p>Instagram, k\u0131sa s\u00fcre \u00f6nce de bir \u00f6zelli\u011fi kullan\u0131ma sunmu\u015ftu. Bu \u00f6zellik sizlere \u00f6nceden bilgisini verdi\u011fimiz &#8220;Hikaye Be\u011fenme \u00d6zelli\u011fi&#8221; idi. Hikayeler taraf\u0131nda etkile\u015fimi art\u0131rmak i\u00e7in kullan\u0131c\u0131lar\u0131n g\u00f6rd\u00fckleri bir hikayeyi be\u011fenmelerini sa\u011fl\u0131yordu.<\/p>\n<div class=\"\" data-block=\"true\" data-editor=\"1l0cv\" data-offset-key=\"afnb0-0-0\">\n<div class=\"public-DraftStyleDefault-block public-DraftStyleDefault-ltr\" data-offset-key=\"afnb0-0-0\"><span data-offset-key=\"afnb0-0-0\">\n\t\t<div class=\"box note  \">\n\t\t\t<div class=\"box-inner-block\">\n\t\t\t\t<span class=\"fa tie-shortcode-boxicon\"><\/span>Instagram Hikaye Be\u011fenme \u00d6zelli\u011fi ba\u015fl\u0131kl\u0131 yaz\u0131m\u0131za linke t\u0131klayarak ula\u015fabilirsiniz. \u00d6zelli\u011fin t\u00fcm detaylar\u0131 yaz\u0131m\u0131zda bulunmaktad\u0131r. Link i\u00e7in;<a href=\"https:\/\/sosyalevin.com\/blog\/instagram-hikaye-begeni-ozelligi\/\" target=\"_blank\" rel=\"noopener sponsored\"> https:\/\/sosyalevin.com\/blog\/instagram-hikaye-begeni<\/a>\n\t\t\t<\/div>\n\t\t<\/div>\n\t<\/span><\/div>\n<\/div>\n<div data-offset-key=\"afnb0-0-0\"><\/div>\n<div data-offset-key=\"afnb0-0-0\">\n<p><iframe loading=\"lazy\" title=\"Instagram Hikaye Be\u011feni \u00d6zelli\u011fi 2022\" width=\"628\" height=\"353\" src=\"https:\/\/www.youtube.com\/embed\/zWuaHlr3aFQ?feature=oembed\" frameborder=\"0\" allow=\"accelerometer; autoplay; clipboard-write; encrypted-media; gyroscope; picture-in-picture; web-share\" referrerpolicy=\"strict-origin-when-cross-origin\" allowfullscreen><\/iframe><\/p>\n<\/div>\n<div class=\"\" data-block=\"true\" data-editor=\"1l0cv\" data-offset-key=\"afnb0-0-0\">\n<div data-offset-key=\"afnb0-0-0\"><\/div>\n<\/div>\n<div class=\"\" data-block=\"true\" data-editor=\"1l0cv\" data-offset-key=\"auvak-0-0\">\n<div class=\"public-DraftStyleDefault-block public-DraftStyleDefault-ltr\" data-offset-key=\"auvak-0-0\"><span data-offset-key=\"auvak-0-0\">Uygulamalar\u0131n yeni \u00f6zelliklerini duyuran Alessandro Paluzzi \u00f6zelli\u011fi bizlere s\u0131zd\u0131rd\u0131. Paluzzi&#8217;ye g\u00f6re Instagram, yak\u0131nda hikayelere yan\u0131t vermenin ba\u015fka bir yolunu sunacakt\u0131r. Kullan\u0131c\u0131lar\u0131<\/span>n hikayelere yan\u0131t olarak sesli mesaj g\u00f6nderebilmeleri i\u00e7in \u00e7al\u0131\u015f\u0131yor.<\/div>\n<div data-offset-key=\"auvak-0-0\">\n<div class=\"\" data-block=\"true\" data-editor=\"1l0cv\" data-offset-key=\"a4i5t-0-0\">\n<div class=\"public-DraftStyleDefault-block public-DraftStyleDefault-ltr\" data-offset-key=\"a4i5t-0-0\"><span data-offset-key=\"a4i5t-0-0\">\u00a0<\/span><\/div>\n<\/div>\n<div class=\"\" data-block=\"true\" data-editor=\"1l0cv\" data-offset-key=\"ddg1v-0-0\">\n<div class=\"public-DraftStyleDefault-block public-DraftStyleDefault-ltr\" data-offset-key=\"ddg1v-0-0\"><span data-offset-key=\"ddg1v-0-0\">Paluzzi\u2019nin iddialar\u0131na kar\u015f\u0131n, Instagram hen\u00fcz konuyla ilgili resmi bir a\u00e7\u0131klama duyurmad\u0131.<\/span><\/div>\n<\/div>\n<\/div>\n<\/div>\n<div data-offset-key=\"ddg1v-0-0\"><\/div>\n<h3 data-offset-key=\"ddg1v-0-0\"><span class=\"ez-toc-section\" id=\"Hikaye-Sesli-Yanit-Ozelligi-Nasil-Gorunecek\"><\/span>Hikaye Sesli Yan\u0131t \u00d6zelli\u011fi Nas\u0131l G\u00f6r\u00fcnecek?<span class=\"ez-toc-section-end\"><\/span><\/h3>\n<p>Paluzzi, Instagram&#8217;\u0131n yeni \u00e7\u0131karaca\u011f\u0131 \u00f6zelli\u011fin g\u00f6rselini de bizlere sundu. Hikaye yan\u0131t b\u00f6l\u00fcm\u00fcnden bir ekran g\u00f6r\u00fcnt\u00fcs\u00fc payla\u015ft\u0131.<\/p>\n<p>Bu ekran g\u00f6r\u00fcnt\u00fcs\u00fcnde, Hikaye yan\u0131t verme \u00e7ubu\u011funda bir mikrofon bulunmaktad\u0131r. Bu mikrofon sayesinde butona bas\u0131l\u0131 tutarak sesli yan\u0131t g\u00f6nderebilece\u011fiz.<\/p>\n<p>G\u00f6rsel olarak incelemeniz i\u00e7in sizlerle g\u00f6r\u00fcnt\u00fcy\u00fc payla\u015f\u0131yorum. \u0130nceleyebilirsiniz.<\/p>\n<p><img decoding=\"async\" class=\"alignnone wp-image-2581 size-full\" src=\"https:\/\/sosyalevin.com\/blog\/wp-content\/uploads\/2022\/03\/instagram-hikaye-sesli-yanit-ozelligi-1.png\" alt=\"Instagram Hikaye Sesli Yan\u0131t \u00d6zelli\u011fi\" width=\"1200\" height=\"628\" title=\"\" srcset=\"https:\/\/sosyalevin.com\/blog\/wp-content\/uploads\/2022\/03\/instagram-hikaye-sesli-yanit-ozelligi-1.png 1200w, https:\/\/sosyalevin.com\/blog\/wp-content\/uploads\/2022\/03\/instagram-hikaye-sesli-yanit-ozelligi-1-300x157.png 300w, https:\/\/sosyalevin.com\/blog\/wp-content\/uploads\/2022\/03\/instagram-hikaye-sesli-yanit-ozelligi-1-1024x536.png 1024w, https:\/\/sosyalevin.com\/blog\/wp-content\/uploads\/2022\/03\/instagram-hikaye-sesli-yanit-ozelligi-1-768x402.png 768w\" sizes=\"(max-width: 1200px) 100vw, 1200px\" \/><\/p>\n<p>Paluzzi buna ek bir g\u00f6rsel daha payla\u015ft\u0131. Farkl\u0131 bir \u00f6zellik daha gelebilece\u011fini duyurdu. Instagram Hikayelere g\u00f6rselle yan\u0131t verme \u00f6zelli\u011fi. Hadi gelin inceleyelim.<\/p>\n<h2><span class=\"ez-toc-section\" id=\"Instagram-Hikayelere-Gorsel-ile-Yanit-Verme\"><\/span>Instagram Hikayelere G\u00f6rsel ile Yan\u0131t Verme<span class=\"ez-toc-section-end\"><\/span><\/h2>\n<p>Paluzzi, Instagram Hikaye sesli yan\u0131t \u00f6zelli\u011finden \u00f6nce bir \u00f6zellik daha payla\u015ft\u0131. Bu \u00f6zellik iste sesli yan\u0131t yerine g\u00f6rsel ile yan\u0131t vermekti.<\/p>\n<p>Bu ekran g\u00f6r\u00fcnt\u00fcs\u00fcnde, Hikaye yan\u0131t verme \u00e7ubu\u011funda bir g\u00f6rsel simgesi bulunmaktad\u0131r. Bu simge sayesinde butona dokunarak g\u00f6rsel yan\u0131t g\u00f6nderebileceksiniz.<\/p>\n<p>Bu \u00f6zelli\u011fin kullan\u0131\u015f amac\u0131 ne olur hen\u00fcz net bir fikrimiz yok. Sesli yan\u0131t \u00f6zelli\u011finin gelmesi daha mant\u0131kl\u0131 gibi g\u00f6r\u00fcn\u00fcyor ama bekleyip g\u00f6rece\u011fiz.<\/p>\n<p>G\u00f6rsel olarak incelemeniz i\u00e7in sizlerle g\u00f6r\u00fcnt\u00fcy\u00fc payla\u015f\u0131yorum. \u0130nceleyebilirsiniz.<\/p>\n<p><img decoding=\"async\" class=\"alignnone wp-image-2580 size-full\" src=\"https:\/\/sosyalevin.com\/blog\/wp-content\/uploads\/2022\/03\/instagram-hikaye-sesli-yanit-ozelligi.png\" alt=\"Instagram Hikaye Sesli Yan\u0131t \u00d6zelli\u011fi\" width=\"1200\" height=\"628\" title=\"\" srcset=\"https:\/\/sosyalevin.com\/blog\/wp-content\/uploads\/2022\/03\/instagram-hikaye-sesli-yanit-ozelligi.png 1200w, https:\/\/sosyalevin.com\/blog\/wp-content\/uploads\/2022\/03\/instagram-hikaye-sesli-yanit-ozelligi-300x157.png 300w, https:\/\/sosyalevin.com\/blog\/wp-content\/uploads\/2022\/03\/instagram-hikaye-sesli-yanit-ozelligi-1024x536.png 1024w, https:\/\/sosyalevin.com\/blog\/wp-content\/uploads\/2022\/03\/instagram-hikaye-sesli-yanit-ozelligi-768x402.png 768w\" sizes=\"(max-width: 1200px) 100vw, 1200px\" \/><\/p>\n<p>&nbsp;<\/p>\n<div class=\"\" data-block=\"true\" data-editor=\"1l0cv\" data-offset-key=\"auvak-0-0\">\n<div data-offset-key=\"auvak-0-0\">\n<h2 data-offset-key=\"ddg1v-0-0\"><span class=\"ez-toc-section\" id=\"Sonuc\"><\/span>Sonu\u00e7<span class=\"ez-toc-section-end\"><\/span><\/h2>\n<p>G\u00fcnden g\u00fcne yeni \u00f6zellikler ekleniyor. Uygulama geli\u015ftiriciler hayat\u0131m\u0131z\u0131 kolayla\u015ft\u0131rmak i\u00e7in neredeyse her hafta bir \u00f6zellik sunuyorlar. Teknoloji h\u0131zla b\u00fcy\u00fcy\u00fcp, geli\u015fiyor. Bu h\u0131za ayak uydurman\u0131z i\u00e7in sizler i\u00e7in buraday\u0131z. Bu \u00f6zellikleri <a href=\"https:\/\/sosyalevin.com\/blog\/\" target=\"_blank\" rel=\"noopener sponsored\">Sosyal Evin<\/a> Ailesi olarak sizlere tan\u0131tmak bizim i\u00e7in keyiftir. Anla\u015f\u0131l\u0131r ve net bilgiler i\u00e7in bizi okumaya devam edin. Teknolojinin bize sundu\u011fu ayr\u0131cal\u0131klardan mahrum kalmay\u0131n.<\/p>\n\n\t\t<div class=\"clearfix\"><\/div>\n\t\t<div class=\"toggle tie-sc-open\">\n\t\t\t<h3 class=\"toggle-head\"><span class=\"ez-toc-section\" id=\"Instagram-Hikaye-Begeni-Hizmetiniz-Var-midir\"><\/span>Instagram Hikaye Be\u011feni Hizmetiniz Var m\u0131d\u0131r? <span class=\"fa fa-angle-down\" aria-hidden=\"true\"><\/span><span class=\"ez-toc-section-end\"><\/span><\/h3>\n\t\t\t<div class=\"toggle-content\">Evet, Instagram Hikaye Be\u011feni hizmetimiz vard\u0131r. Yeni \u00e7\u0131kan \u00f6zelli\u011fi hemen hizmetinize sunuyoruz. Sekt\u00f6r\u00fcn en h\u0131zl\u0131 ve en g\u00fcvenilir sitesi olmaktan gurur duyuyoruz. Link i\u00e7in; <a href=\"https:\/\/sosyalevin.com\/instagram-hikaye-begeni-satin-al\/\" target=\"_blank\" rel=\"noopener sponsored\">https:\/\/sosyalevin.com\/instagram-hikaye-begeni-satin-al<\/a>\n\t\t\t<\/div>\n\t\t<\/div>\n\t\n<\/div>\n<\/div>\n","protected":false},"excerpt":{"rendered":"<p>Instagram hikaye sesli yan\u0131t \u00f6zelli\u011fi mi geliyor? Instagram Hikaye sesli yan\u0131t \u00f6zelli\u011fi sayesinde h\u0131zla ve zahmetsizce hikayelere cevap vereceksiniz. Instagram Hikaye Sesli Yan\u0131t \u00d6zelli\u011fi Alessandro Paluzzi, uygulamalar\u0131n yeni gelen \u00f6zelliklerini &#8216;s\u0131zd\u0131ran&#8217; ba\u011f\u0131ms\u0131z geli\u015ftiricidir. Paluzzi bir tweet ile Instagram&#8217;\u0131n yeni bir \u00f6zellik \u00fczerinde \u00e7al\u0131\u015ft\u0131\u011f\u0131n\u0131 payla\u015ft\u0131. Instagram, k\u0131sa s\u00fcre \u00f6nce de bir \u00f6zelli\u011fi kullan\u0131ma sunmu\u015ftu. Bu \u00f6zellik &hellip;<\/p>\n","protected":false},"author":4,"featured_media":2586,"comment_status":"open","ping_status":"open","sticky":false,"template":"","format":"standard","meta":{"footnotes":""},"categories":[74],"tags":[],"class_list":["post-2579","post","type-post","status-publish","format-standard","has-post-thumbnail","hentry","category-instagram-destek"],"_links":{"self":[{"href":"https:\/\/sosyalevin.com\/blog\/wp-json\/wp\/v2\/posts\/2579","targetHints":{"allow":["GET"]}}],"collection":[{"href":"https:\/\/sosyalevin.com\/blog\/wp-json\/wp\/v2\/posts"}],"about":[{"href":"https:\/\/sosyalevin.com\/blog\/wp-json\/wp\/v2\/types\/post"}],"author":[{"embeddable":true,"href":"https:\/\/sosyalevin.com\/blog\/wp-json\/wp\/v2\/users\/4"}],"replies":[{"embeddable":true,"href":"https:\/\/sosyalevin.com\/blog\/wp-json\/wp\/v2\/comments?post=2579"}],"version-history":[{"count":1,"href":"https:\/\/sosyalevin.com\/blog\/wp-json\/wp\/v2\/posts\/2579\/revisions"}],"predecessor-version":[{"id":6670,"href":"https:\/\/sosyalevin.com\/blog\/wp-json\/wp\/v2\/posts\/2579\/revisions\/6670"}],"wp:featuredmedia":[{"embeddable":true,"href":"https:\/\/sosyalevin.com\/blog\/wp-json\/wp\/v2\/media\/2586"}],"wp:attachment":[{"href":"https:\/\/sosyalevin.com\/blog\/wp-json\/wp\/v2\/media?parent=2579"}],"wp:term":[{"taxonomy":"category","embeddable":true,"href":"https:\/\/sosyalevin.com\/blog\/wp-json\/wp\/v2\/categories?post=2579"},{"taxonomy":"post_tag","embeddable":true,"href":"https:\/\/sosyalevin.com\/blog\/wp-json\/wp\/v2\/tags?post=2579"}],"curies":[{"name":"wp","href":"https:\/\/api.w.org\/{rel}","templated":true}]}}