{"id":2897,"date":"2022-05-25T18:00:54","date_gmt":"2022-05-25T15:00:54","guid":{"rendered":"https:\/\/sosyalevin.com\/blog\/?p=2897"},"modified":"2025-12-22T19:50:12","modified_gmt":"2025-12-22T16:50:12","slug":"en-cok-hangi-yas-grubu-sosyal-medya-kullaniyor","status":"publish","type":"post","link":"https:\/\/sosyalevin.com\/blog\/en-cok-hangi-yas-grubu-sosyal-medya-kullaniyor\/","title":{"rendered":"En \u00c7ok Hangi Ya\u015f Grubu Sosyal Medya Kullan\u0131yor?"},"content":{"rendered":"<p>Son y\u0131llarda<strong> en \u00e7ok hangi ya\u015f grubu sosyal medya kullan\u0131yor? <\/strong>Y\u0131llar ge\u00e7tikte sosyal medya kullanma ya\u015f\u0131 da de\u011fi\u015fiklik g\u00f6steriyor. Yeni bir sosyal medyan\u0131n \u00e7\u0131kmas\u0131 eskileri unutturabiliyor. Bu sebeple sosyal medya kullan\u0131m\u0131 olarak hem ya\u015f kriteri olarak hem de hangisi daha \u00e7ok kullan\u0131l\u0131yor sorusuna verilen cevap farkl\u0131l\u0131k g\u00f6steriyor.<\/p>\n<p><em>G\u00fcn\u00fcm\u00fczde en \u00e7ok kullan\u0131lan sosyal medyalar:<\/em><\/p>\n<ul>\n<li>Whatsapp<\/li>\n<li>\u0130nstagram<\/li>\n<li>Facebook<\/li>\n<li>Youtube<\/li>\n<li>Tiktok<\/li>\n<li>Twitter<\/li>\n<\/ul>\n<p>Bu sosyal medyalar \u015fu anda en s\u0131k kullan\u0131lanlard\u0131r. Ya\u015f aral\u0131klar\u0131 da merak edilen konulardan biridir. \u00d6rne\u011fin unutulan, art\u0131k kullan\u0131lmayan bir uygulama olan MSN kendi y\u0131l\u0131nda en \u00e7ok kullan\u0131lan sosyal medyayd\u0131.<\/p>\n<p>Mesajla\u015fma ve g\u00f6r\u00fcnt\u00fcl\u00fc konu\u015fma \u00f6zelli\u011fine sahipti. Fakat bu \u00f6zelliklere denk yeni uygulamalar\u0131n \u00e7\u0131kmas\u0131 MSN\u2019nin art\u0131k kullan\u0131lmamas\u0131na yol a\u00e7t\u0131. G\u00fcn\u00fcm\u00fczde s\u0131k kullan\u0131lan sosyal medyalar\u0131n b\u00fct\u00fcn\u00fcn\u00fc ayn\u0131 ya\u015f aral\u0131\u011f\u0131 kullanm\u0131yor. Her uygulaman\u0131n kendine has bir ya\u015f aral\u0131\u011f\u0131 vard\u0131r.<\/p>\n<figure id=\"attachment_2901\" aria-describedby=\"caption-attachment-2901\" style=\"width: 1200px\" class=\"wp-caption alignnone\"><img decoding=\"async\" class=\"size-full wp-image-2901\" src=\"https:\/\/sosyalevin.com\/blog\/wp-content\/uploads\/2022\/05\/sosyal-medya-kullanimi.jpeg\" alt=\"En \u00c7ok Hangi Ya\u015f Grubu Sosyal Medya Kullan\u0131yor?\" width=\"1200\" height=\"628\" title=\"\" srcset=\"https:\/\/sosyalevin.com\/blog\/wp-content\/uploads\/2022\/05\/sosyal-medya-kullanimi.jpeg 1200w, https:\/\/sosyalevin.com\/blog\/wp-content\/uploads\/2022\/05\/sosyal-medya-kullanimi-300x157.jpeg 300w, https:\/\/sosyalevin.com\/blog\/wp-content\/uploads\/2022\/05\/sosyal-medya-kullanimi-1024x536.jpeg 1024w, https:\/\/sosyalevin.com\/blog\/wp-content\/uploads\/2022\/05\/sosyal-medya-kullanimi-768x402.jpeg 768w\" sizes=\"(max-width: 1200px) 100vw, 1200px\" \/><figcaption id=\"caption-attachment-2901\" class=\"wp-caption-text\">En \u00c7ok Hangi Ya\u015f Grubu Sosyal Medya Kullan\u0131yor?<\/figcaption><\/figure>\n<div id=\"ez-toc-container\" class=\"ez-toc-v2_0_82_2 counter-hierarchy ez-toc-counter ez-toc-grey ez-toc-container-direction\">\n<div class=\"ez-toc-title-container\"><p class=\"ez-toc-title\" style=\"cursor:inherit\">\u0130\u00e7indekiler<\/p>\n<\/div><nav><ul class='ez-toc-list ez-toc-list-level-1 ' ><li class='ez-toc-page-1 ez-toc-heading-level-2'><a class=\"ez-toc-link ez-toc-heading-1\" href=\"https:\/\/sosyalevin.com\/blog\/en-cok-hangi-yas-grubu-sosyal-medya-kullaniyor\/#En-Cok-Hangi-Yas-Grubu-Sosyal-Medya-Kullaniyor\" >En \u00c7ok Hangi Ya\u015f Grubu Sosyal Medya Kullan\u0131yor?<\/a><ul class='ez-toc-list-level-3' ><li class='ez-toc-heading-level-3'><a class=\"ez-toc-link ez-toc-heading-2\" href=\"https:\/\/sosyalevin.com\/blog\/en-cok-hangi-yas-grubu-sosyal-medya-kullaniyor\/#Facebook\" >Facebook<\/a><\/li><li class='ez-toc-page-1 ez-toc-heading-level-3'><a class=\"ez-toc-link ez-toc-heading-3\" href=\"https:\/\/sosyalevin.com\/blog\/en-cok-hangi-yas-grubu-sosyal-medya-kullaniyor\/#Instagram\" >Instagram<\/a><\/li><li class='ez-toc-page-1 ez-toc-heading-level-3'><a class=\"ez-toc-link ez-toc-heading-4\" href=\"https:\/\/sosyalevin.com\/blog\/en-cok-hangi-yas-grubu-sosyal-medya-kullaniyor\/#YouTube\" >YouTube<\/a><\/li><li class='ez-toc-page-1 ez-toc-heading-level-3'><a class=\"ez-toc-link ez-toc-heading-5\" href=\"https:\/\/sosyalevin.com\/blog\/en-cok-hangi-yas-grubu-sosyal-medya-kullaniyor\/#TikTok\" >TikTok<\/a><\/li><li class='ez-toc-page-1 ez-toc-heading-level-3'><a class=\"ez-toc-link ez-toc-heading-6\" href=\"https:\/\/sosyalevin.com\/blog\/en-cok-hangi-yas-grubu-sosyal-medya-kullaniyor\/#WhatsApp\" >WhatsApp<\/a><\/li><li class='ez-toc-page-1 ez-toc-heading-level-3'><a class=\"ez-toc-link ez-toc-heading-7\" href=\"https:\/\/sosyalevin.com\/blog\/en-cok-hangi-yas-grubu-sosyal-medya-kullaniyor\/#Twitter\" >Twitter<\/a><\/li><\/ul><\/li><li class='ez-toc-page-1 ez-toc-heading-level-2'><a class=\"ez-toc-link ez-toc-heading-8\" href=\"https:\/\/sosyalevin.com\/blog\/en-cok-hangi-yas-grubu-sosyal-medya-kullaniyor\/#Sik-Sorulan-Sorular\" >S\u0131k Sorulan Sorular<\/a><ul class='ez-toc-list-level-3' ><li class='ez-toc-heading-level-3'><a class=\"ez-toc-link ez-toc-heading-9\" href=\"https:\/\/sosyalevin.com\/blog\/en-cok-hangi-yas-grubu-sosyal-medya-kullaniyor\/#Bu-Istatistiklerin-Kaynagi-Nedir\" >Bu \u0130statistiklerin Kayna\u011f\u0131 Nedir?<\/a><\/li><li class='ez-toc-page-1 ez-toc-heading-level-3'><a class=\"ez-toc-link ez-toc-heading-10\" href=\"https:\/\/sosyalevin.com\/blog\/en-cok-hangi-yas-grubu-sosyal-medya-kullaniyor\/#Hangi-Sosyal-Medya-Platformlarinda-Hizmet-Sunuyorsunuz\" >Hangi Sosyal Medya Platformlar\u0131nda Hizmet Sunuyorsunuz?<\/a><\/li><\/ul><\/li><\/ul><\/nav><\/div>\n<h2><span class=\"ez-toc-section\" id=\"En-Cok-Hangi-Yas-Grubu-Sosyal-Medya-Kullaniyor\"><\/span>En \u00c7ok Hangi Ya\u015f Grubu Sosyal Medya Kullan\u0131yor?<span class=\"ez-toc-section-end\"><\/span><\/h2>\n<p>\u0130\u015fte b\u00fct\u00fcn liste a\u015fa\u011f\u0131daki gibidir.<\/p>\n<h3><span class=\"ez-toc-section\" id=\"Facebook\"><\/span>Facebook<span class=\"ez-toc-section-end\"><\/span><\/h3>\n<p>Facebook, toplamda 2,4 milyar ki\u015fi taraf\u0131ndan kullan\u0131l\u0131yor. \u0130lk \u00e7\u0131kt\u0131\u011f\u0131 y\u0131llarda o d\u00f6nemin gen\u00e7leri taraf\u0131ndan \u00e7ok fazla kullan\u0131l\u0131rken g\u00fcn\u00fcm\u00fcz gen\u00e7lerinin daha \u00e7ok farkl\u0131 sosyal medyalara y\u00f6neldi\u011fini g\u00f6r\u00fcyoruz. Fakat bu yine de kullan\u0131m oran\u0131nda ciddi bir d\u00fc\u015f\u00fc\u015f g\u00f6stermemi\u015ftir. D\u00fcnyada en \u00e7ok kullan\u0131lan sosyal medyalar aras\u0131nda birinci s\u0131rada gelmektedir.<\/p>\n<p>Yap\u0131lan ara\u015ft\u0131rmalara g\u00f6re 20 ya\u015fa kadar kullanan say\u0131s\u0131 yok denecek kadar azd\u0131r. 20-35 ya\u015f aras\u0131 Facebook kullananlar\u0131n oran\u0131: %87 iken 50-65 ya\u015f aras\u0131 ise %84 oran\u0131ndad\u0131r. 50 ya\u015f \u00fcst\u00fc kullan\u0131m oran\u0131 az\u0131msanamayacak kadar \u00e7oktur.<\/p>\n<h3><span class=\"ez-toc-section\" id=\"Instagram\"><\/span>Instagram<span class=\"ez-toc-section-end\"><\/span><\/h3>\n<p>Instagram g\u00fcn\u00fcm\u00fczde olduk\u00e7a pop\u00fcler olan bir uygulamad\u0131r. 1 milyar kullan\u0131c\u0131ya sahiptir. 18-24 ya\u015f aral\u0131\u011f\u0131ndakilerin kullan\u0131m oran\u0131 %31 iken, 25-34 ya\u015f aral\u0131\u011f\u0131 ise %30 kullan\u0131m oran\u0131na sahiptir. Fakat son y\u0131llarda orta ya\u015f \u00fcst\u00fc Facebook\u2019tan sonra kulland\u0131klar\u0131 di\u011fer bir uygulama \u0130nstagram\u2019d\u0131r. Y\u0131llar ge\u00e7tik\u00e7e gen\u00e7ler kadar, ya\u015fl\u0131 kullan\u0131m\u0131 da olduk\u00e7a art\u0131\u015f g\u00f6stermektedir.<\/p>\n<h3><span class=\"ez-toc-section\" id=\"YouTube\"><\/span>YouTube<span class=\"ez-toc-section-end\"><\/span><\/h3>\n<p>YouTube kullan\u0131m oran\u0131 en \u00e7ok \u00e7ocuklardad\u0131r. \u0130zledikleri \u00e7ocuk filmleri ile g\u00fcnlerinin yar\u0131s\u0131n\u0131 nerdeyse Youtube uygulamas\u0131nda ge\u00e7iriyorlar.<\/p>\n<p>Gen\u00e7ler i\u00e7in ise bu uygulama para kazanmak i\u00e7in kullan\u0131lan uygulama haline gelmi\u015ftir. Bu sebeple gen\u00e7ler YouTuber olarak kullanmaya ba\u015flam\u0131\u015flard\u0131r. Onlar i\u00e7in meslek haline gelmi\u015ftir.<\/p>\n<p>Fakat bunlar\u0131n yan\u0131 s\u0131ra herhangi bir video izlemek i\u00e7in; yemek videolar\u0131, diziler, ders videolar\u0131 vb i\u00e7in de kullanan kesim bulunmaktad\u0131r.<\/p>\n<figure id=\"attachment_2900\" aria-describedby=\"caption-attachment-2900\" style=\"width: 1200px\" class=\"wp-caption aligncenter\"><img decoding=\"async\" class=\"wp-image-2900 size-full\" src=\"https:\/\/sosyalevin.com\/blog\/wp-content\/uploads\/2022\/05\/sosyal-medya.jpeg\" alt=\"En \u00c7ok Hangi Ya\u015f Grubu Sosyal Medya Kullan\u0131yor?\" width=\"1200\" height=\"628\" title=\"\" srcset=\"https:\/\/sosyalevin.com\/blog\/wp-content\/uploads\/2022\/05\/sosyal-medya.jpeg 1200w, https:\/\/sosyalevin.com\/blog\/wp-content\/uploads\/2022\/05\/sosyal-medya-300x157.jpeg 300w, https:\/\/sosyalevin.com\/blog\/wp-content\/uploads\/2022\/05\/sosyal-medya-1024x536.jpeg 1024w, https:\/\/sosyalevin.com\/blog\/wp-content\/uploads\/2022\/05\/sosyal-medya-768x402.jpeg 768w\" sizes=\"(max-width: 1200px) 100vw, 1200px\" \/><figcaption id=\"caption-attachment-2900\" class=\"wp-caption-text\">En \u00c7ok Hangi Ya\u015f Grubu Sosyal Medya Kullan\u0131yor?<\/figcaption><\/figure>\n<h3><span class=\"ez-toc-section\" id=\"TikTok\"><\/span>TikTok<span class=\"ez-toc-section-end\"><\/span><\/h3>\n<p>Tiktok, ya\u015f\u0131ndan k\u00fc\u00e7\u00fcklere kullan\u0131m k\u0131s\u0131tlamas\u0131 getirdi. 15-20 ya\u015f aral\u0131\u011f\u0131 ise en \u00e7ok kullanan kesimdir. Z ku\u015fa\u011f\u0131 denilen gen\u00e7lerin \u015fu d\u00f6nemde en \u00e7ok kulland\u0131\u011f\u0131 uygulamad\u0131r. Bu uygulama da bir meslek haline gelmi\u015ftir. \u0130\u00e7erik \u00fcretip para kazanmak gen\u00e7lerin bu uygulamay\u0131 kullan\u0131m\u0131 i\u00e7in \u00f6nemli bir etkendir. Son zamanlarda ise bu ya\u015f aral\u0131\u011f\u0131 y\u00fckselip 30\u2019lu ya\u015flara kadar gelmi\u015ftir. Hatta daha fazlas\u0131 bile vard\u0131r. G\u00fcn\u00fcm\u00fczde her ya\u015f her sosyal medyay\u0131 kullanmaya ayak uyduruyor.<\/p>\n<h3><span class=\"ez-toc-section\" id=\"WhatsApp\"><\/span>WhatsApp<span class=\"ez-toc-section-end\"><\/span><\/h3>\n<p>Whatsapp, elinde telefonu olan herkesin kulland\u0131\u011f\u0131 uygulamad\u0131r. Haberle\u015fme arac\u0131 olarak kullan\u0131lan bu uygulama bar\u0131nd\u0131rd\u0131\u011f\u0131 \u00f6zellikler sayesinde de tercih ediliyor. \u00d6rne\u011fin g\u00f6r\u00fcnt\u00fcl\u00fc konu\u015fmak uzak olan bireyler i\u00e7in kullan\u0131\u015fl\u0131 bir \u00f6zelliktir. Bunu da en \u00e7ok orta ya\u015f aral\u0131\u011f\u0131 kullanmaktad\u0131r. Gen\u00e7ler i\u00e7in ise daha \u00e7ok mesajla\u015fma arac\u0131d\u0131r. Her g\u00fcn aktif kullan\u0131lan bir uygulamad\u0131r. Genel olarak bak\u0131ld\u0131\u011f\u0131nda 10+ ya\u015f kullan\u0131m\u0131 aktiftir.<\/p>\n<h3><span class=\"ez-toc-section\" id=\"Twitter\"><\/span>Twitter<span class=\"ez-toc-section-end\"><\/span><\/h3>\n<p>Twitter kullan\u0131m ya\u015f aral\u0131\u011f\u0131n\u0131 gen\u00e7ler olu\u015fturmaktad\u0131r. Her t\u00fcrl\u00fc d\u00fc\u015f\u00fcncenin \u00f6zg\u00fcrce payla\u015f\u0131ld\u0131\u011f\u0131 platformdur. Bu nedenle gen\u00e7ler bu uygulamay\u0131 \u00e7ok fazla tercih ediyorlar. G\u00fcndem k\u0131sm\u0131 sayesinde de d\u00fcnyadaki haberlerden an\u0131nda bilgi sahibi olmak m\u00fcmk\u00fcnd\u00fcr. Bu \u00f6zelli\u011fi sayesinde kullan\u0131m oran\u0131nda ciddi bir fazlal\u0131k vard\u0131r. Ama gen\u00e7 ya\u015f aral\u0131\u011f\u0131 bu oranda en fazla paya sahiptir.<\/p>\n<p><iframe loading=\"lazy\" title=\"Sosyal Medyay\u0131 Nas\u0131l Kullan\u0131yoruz? Hangi Ya\u015f Grubu Neler Yap\u0131yor?\" width=\"500\" height=\"281\" src=\"https:\/\/www.youtube.com\/embed\/C0dZJoTLOhU?feature=oembed\" frameborder=\"0\" allow=\"accelerometer; autoplay; clipboard-write; encrypted-media; gyroscope; picture-in-picture; web-share\" referrerpolicy=\"strict-origin-when-cross-origin\" allowfullscreen><\/iframe><\/p>\n<h2><span class=\"ez-toc-section\" id=\"Sik-Sorulan-Sorular\"><\/span>S\u0131k Sorulan Sorular<span class=\"ez-toc-section-end\"><\/span><\/h2>\n\n\t\t<div class=\"clearfix\"><\/div>\n\t\t<div class=\"toggle tie-sc-open\">\n\t\t\t<h3 class=\"toggle-head\"><span class=\"ez-toc-section\" id=\"Bu-Istatistiklerin-Kaynagi-Nedir\"><\/span>Bu \u0130statistiklerin Kayna\u011f\u0131 Nedir? <span class=\"fa fa-angle-down\" aria-hidden=\"true\"><\/span><span class=\"ez-toc-section-end\"><\/span><\/h3>\n\t\t\t<div class=\"toggle-content\">\u0130statistikler sosyal mecra platformlar\u0131 taraf\u0131ndan tan\u0131t\u0131lan resmi i\u00e7eriklerdir.\n\t\t\t<\/div>\n\t\t<\/div>\n\t\n\n\t\t<div class=\"clearfix\"><\/div>\n\t\t<div class=\"toggle tie-sc-open\">\n\t\t\t<h3 class=\"toggle-head\"><span class=\"ez-toc-section\" id=\"Hangi-Sosyal-Medya-Platformlarinda-Hizmet-Sunuyorsunuz\"><\/span>Hangi Sosyal Medya Platformlar\u0131nda Hizmet Sunuyorsunuz? <span class=\"fa fa-angle-down\" aria-hidden=\"true\"><\/span><span class=\"ez-toc-section-end\"><\/span><\/h3>\n\t\t\t<div class=\"toggle-content\">Hemen hemen b\u00fct\u00fcn sosyal medya platformlar\u0131nda hizmet vermekteyiz. Hizmetlerimizin tamam\u0131n\u0131 g\u00f6rmek istiyorsan\u0131z <a href=\"https:\/\/sosyalevin.com\/\" target=\"_blank\" rel=\"noopener sponsored\">bu ba\u011flant\u0131ya<\/a> t\u0131klayabilirsiniz.\n\t\t\t<\/div>\n\t\t<\/div>\n\t\n","protected":false},"excerpt":{"rendered":"<p>Son y\u0131llarda en \u00e7ok hangi ya\u015f grubu sosyal medya kullan\u0131yor? Y\u0131llar ge\u00e7tikte sosyal medya kullanma ya\u015f\u0131 da de\u011fi\u015fiklik g\u00f6steriyor. Yeni bir sosyal medyan\u0131n \u00e7\u0131kmas\u0131 eskileri unutturabiliyor. Bu sebeple sosyal medya kullan\u0131m\u0131 olarak hem ya\u015f kriteri olarak hem de hangisi daha \u00e7ok kullan\u0131l\u0131yor sorusuna verilen cevap farkl\u0131l\u0131k g\u00f6steriyor. G\u00fcn\u00fcm\u00fczde en \u00e7ok kullan\u0131lan sosyal medyalar: Whatsapp \u0130nstagram &hellip;<\/p>\n","protected":false},"author":1,"featured_media":2899,"comment_status":"open","ping_status":"open","sticky":false,"template":"","format":"standard","meta":{"footnotes":""},"categories":[1],"tags":[],"class_list":["post-2897","post","type-post","status-publish","format-standard","has-post-thumbnail","hentry","category-genel"],"_links":{"self":[{"href":"https:\/\/sosyalevin.com\/blog\/wp-json\/wp\/v2\/posts\/2897","targetHints":{"allow":["GET"]}}],"collection":[{"href":"https:\/\/sosyalevin.com\/blog\/wp-json\/wp\/v2\/posts"}],"about":[{"href":"https:\/\/sosyalevin.com\/blog\/wp-json\/wp\/v2\/types\/post"}],"author":[{"embeddable":true,"href":"https:\/\/sosyalevin.com\/blog\/wp-json\/wp\/v2\/users\/1"}],"replies":[{"embeddable":true,"href":"https:\/\/sosyalevin.com\/blog\/wp-json\/wp\/v2\/comments?post=2897"}],"version-history":[{"count":1,"href":"https:\/\/sosyalevin.com\/blog\/wp-json\/wp\/v2\/posts\/2897\/revisions"}],"predecessor-version":[{"id":6641,"href":"https:\/\/sosyalevin.com\/blog\/wp-json\/wp\/v2\/posts\/2897\/revisions\/6641"}],"wp:featuredmedia":[{"embeddable":true,"href":"https:\/\/sosyalevin.com\/blog\/wp-json\/wp\/v2\/media\/2899"}],"wp:attachment":[{"href":"https:\/\/sosyalevin.com\/blog\/wp-json\/wp\/v2\/media?parent=2897"}],"wp:term":[{"taxonomy":"category","embeddable":true,"href":"https:\/\/sosyalevin.com\/blog\/wp-json\/wp\/v2\/categories?post=2897"},{"taxonomy":"post_tag","embeddable":true,"href":"https:\/\/sosyalevin.com\/blog\/wp-json\/wp\/v2\/tags?post=2897"}],"curies":[{"name":"wp","href":"https:\/\/api.w.org\/{rel}","templated":true}]}}