{"id":2909,"date":"2022-05-26T18:00:02","date_gmt":"2022-05-26T15:00:02","guid":{"rendered":"https:\/\/sosyalevin.com\/blog\/?p=2909"},"modified":"2026-04-04T01:18:31","modified_gmt":"2026-04-03T22:18:31","slug":"instagram-hassas-icerik-ne-demek","status":"publish","type":"post","link":"https:\/\/sosyalevin.com\/blog\/instagram-hassas-icerik-ne-demek\/","title":{"rendered":"Instagram Hassas \u0130\u00e7erik Ne Demek ve Neleri Kapsar?"},"content":{"rendered":"<p>Kullan\u0131c\u0131lar\u0131n s\u0131k\u00e7a kar\u015f\u0131s\u0131na \u00e7\u0131kabilen ve <strong>instagram hassas i\u00e7erik ne demek? <\/strong>\u015eeklinde ara\u015ft\u0131rma yapmalar\u0131na neden olan bir durum s\u00f6z konusudur. K\u0131s\u0131tlama \u015feklinde ortaya \u00e7\u0131kan ve yaln\u0131zca kullan\u0131c\u0131n\u0131n r\u0131zas\u0131 al\u0131nd\u0131ktan sonra g\u00f6r\u00fclebilir hale gelen bu i\u00e7erikler, topluluk kurallar\u0131na uyulmas\u0131 ve yine toplumun hassasiyet durumunun g\u00f6zetilmesi amac\u0131yla olu\u015fturulmu\u015ftur.<\/p>\n<p>Payla\u015f\u0131lan i\u00e7eriklerin ne oldu\u011funa, kullan\u0131c\u0131 taraf\u0131ndan m\u0131 yoksa do\u011frudan platform taraf\u0131ndan m\u0131 k\u0131s\u0131tlama gerektirdi\u011fine ve k\u0131s\u0131tlama kriterlerine g\u00f6re hassas i\u00e7erikler de\u011fi\u015fecektir. Bu ba\u011flamda; hassas i\u00e7eriklerin neleri kapsad\u0131\u011f\u0131, nas\u0131l olu\u015fturulabilece\u011fi ve nas\u0131l g\u00f6r\u00fcnt\u00fclenebilecek oldu\u011fu, ara\u015ft\u0131r\u0131lmal\u0131d\u0131r.<\/p>\n<div id=\"ez-toc-container\" class=\"ez-toc-v2_0_82_2 counter-hierarchy ez-toc-counter ez-toc-grey ez-toc-container-direction\">\n<div class=\"ez-toc-title-container\"><p class=\"ez-toc-title\" style=\"cursor:inherit\">\u0130\u00e7indekiler<\/p>\n<\/div><nav><ul class='ez-toc-list ez-toc-list-level-1 ' ><li class='ez-toc-page-1 ez-toc-heading-level-2'><a class=\"ez-toc-link ez-toc-heading-1\" href=\"https:\/\/sosyalevin.com\/blog\/instagram-hassas-icerik-ne-demek\/#Instagram-Hassas-Icerik-Ne-Demek\" >Instagram Hassas \u0130\u00e7erik Ne Demek?<\/a><ul class='ez-toc-list-level-3' ><li class='ez-toc-heading-level-3'><a class=\"ez-toc-link ez-toc-heading-2\" href=\"https:\/\/sosyalevin.com\/blog\/instagram-hassas-icerik-ne-demek\/#Instagram-Hassas-Icerik-Nasil-Olusturulur\" >Instagram Hassas \u0130\u00e7erik Nas\u0131l Olu\u015fturulur?<\/a><\/li><li class='ez-toc-page-1 ez-toc-heading-level-3'><a class=\"ez-toc-link ez-toc-heading-3\" href=\"https:\/\/sosyalevin.com\/blog\/instagram-hassas-icerik-ne-demek\/#Instagram-Hassas-Icerik-Nasil-Goruntulenir\" >Instagram Hassas \u0130\u00e7erik Nas\u0131l G\u00f6r\u00fcnt\u00fclenir?<\/a><\/li><li class='ez-toc-page-1 ez-toc-heading-level-3'><a class=\"ez-toc-link ez-toc-heading-4\" href=\"https:\/\/sosyalevin.com\/blog\/instagram-hassas-icerik-ne-demek\/#Instagram-Hassas-Icerik-Ayarlari\" >Instagram Hassas \u0130\u00e7erik Ayarlar\u0131<\/a><\/li><\/ul><\/li><li class='ez-toc-page-1 ez-toc-heading-level-2'><a class=\"ez-toc-link ez-toc-heading-5\" href=\"https:\/\/sosyalevin.com\/blog\/instagram-hassas-icerik-ne-demek\/#Sik-Sorulan-Sorular\" >S\u0131k Sorulan Sorular<\/a><ul class='ez-toc-list-level-3' ><li class='ez-toc-heading-level-3'><a class=\"ez-toc-link ez-toc-heading-6\" href=\"https:\/\/sosyalevin.com\/blog\/instagram-hassas-icerik-ne-demek\/#Hassas-Icerikler-Acilmali-midir\" >Hassas \u0130\u00e7erikler A\u00e7\u0131lmal\u0131 m\u0131d\u0131r?<\/a><\/li><li class='ez-toc-page-1 ez-toc-heading-level-3'><a class=\"ez-toc-link ez-toc-heading-7\" href=\"https:\/\/sosyalevin.com\/blog\/instagram-hassas-icerik-ne-demek\/#Begeni-Satin-Almak-Bu-Ayarlari-Etkiler-mi\" >Be\u011feni Sat\u0131n Almak Bu Ayarlar\u0131 Etkiler mi?<\/a><\/li><\/ul><\/li><\/ul><\/nav><\/div>\n<h2><span class=\"ez-toc-section\" id=\"Instagram-Hassas-Icerik-Ne-Demek\"><\/span>Instagram Hassas \u0130\u00e7erik Ne Demek?<span class=\"ez-toc-section-end\"><\/span><\/h2>\n<p>Instagram kullan\u0131c\u0131lar\u0131n\u0131n \u00f6n\u00fcne gelen ve hemen hemen her kullan\u0131c\u0131n\u0131n en az\u0131ndan bir kez kar\u015f\u0131la\u015fm\u0131\u015f oldu\u011fu hassas i\u00e7erikler, toplumsal a\u00e7\u0131dan bir tehlike olu\u015fturabilecek olan i\u00e7eriklerdir.<\/p>\n<p>G\u00f6r\u00fcnt\u00fc olarak k\u0131s\u0131t i\u00e7erirler ve i\u00e7eriklerinde; kan i\u00e7eren g\u00f6rseller, kavga ve \u015fiddet i\u00e7erikli payla\u015f\u0131mlar, k\u00fcf\u00fcr, hakaret veya tehdit i\u00e7erikleri, psikolojik a\u00e7\u0131dan zor bir duruma d\u00fc\u015fme tehlikesi bulunduran payla\u015f\u0131mlar mevcuttur.<\/p>\n<p>T\u00fcm bunlar\u0131n yal\u0131zca ki\u015finin r\u0131zas\u0131 al\u0131nmas\u0131 halinde g\u00f6zle g\u00f6r\u00fcl\u00fcr ve i\u015fitme durumuna uygun hale gelmesini sa\u011flayan korumaysa hassas i\u00e7erik g\u00fcvencesi olarak adland\u0131r\u0131l\u0131r.<\/p>\n<figure id=\"attachment_2913\" aria-describedby=\"caption-attachment-2913\" style=\"width: 1200px\" class=\"wp-caption aligncenter\"><img decoding=\"async\" class=\"wp-image-2913 size-full\" src=\"https:\/\/sosyalevin.com\/blog\/wp-content\/uploads\/2022\/05\/instagram-hassas-icerik.jpeg\" alt=\"Instagram Hassas \u0130\u00e7erik Ne Demek?\" width=\"1200\" height=\"628\" title=\"\" srcset=\"https:\/\/sosyalevin.com\/blog\/wp-content\/uploads\/2022\/05\/instagram-hassas-icerik.jpeg 1200w, https:\/\/sosyalevin.com\/blog\/wp-content\/uploads\/2022\/05\/instagram-hassas-icerik-300x157.jpeg 300w, https:\/\/sosyalevin.com\/blog\/wp-content\/uploads\/2022\/05\/instagram-hassas-icerik-1024x536.jpeg 1024w, https:\/\/sosyalevin.com\/blog\/wp-content\/uploads\/2022\/05\/instagram-hassas-icerik-768x402.jpeg 768w\" sizes=\"(max-width: 1200px) 100vw, 1200px\" \/><figcaption id=\"caption-attachment-2913\" class=\"wp-caption-text\">Instagram Hassas \u0130\u00e7erik Ne Demek?<\/figcaption><\/figure>\n<h3><span class=\"ez-toc-section\" id=\"Instagram-Hassas-Icerik-Nasil-Olusturulur\"><\/span>Instagram Hassas \u0130\u00e7erik Nas\u0131l Olu\u015fturulur?<span class=\"ez-toc-section-end\"><\/span><\/h3>\n<p>Payla\u015f\u0131m\u0131n\u0131n i\u00e7erisinde bir sak\u0131nca oldu\u011funa inanan kullan\u0131c\u0131, do\u011frudan platformun hassas i\u00e7erik k\u0131s\u0131tlamas\u0131 yapmas\u0131na izin vermeden, kendi iste\u011fiyle de i\u00e7eriklerini hassas olarak g\u00f6sterebilir.<\/p>\n<p><em>Bu i\u015flem i\u00e7in \u015fu ad\u0131mlar izlenmelidir:<\/em><\/p>\n<ul>\n<li>\u0130\u00e7erik k\u0131sm\u0131nda belirtilmi\u015f olan hassasiyet de\u011ferleri olan i\u00e7eri\u011fin normal post \u015feklinde payla\u015f\u0131lmas\u0131 k\u0131sm\u0131na gelinir. .\u0130\u00e7erikte gereken d\u00fczenleme yap\u0131ld\u0131ktan sonra sol \u00fcst k\u00f6\u015fede yer alan ve \u00fc\u00e7 tane alt alta s\u0131ralanm\u0131\u015f noktalardan olu\u015fan simgenin \u00fczerine t\u0131klan\u0131r.<\/li>\n<li>Se\u00e7enekler aras\u0131nda yer edinmi\u015f olan &#8216;Hassas i\u00e7erik olarak d\u00fczenle&#8217; se\u00e7ene\u011fi tercih edilir.<\/li>\n<li>Hangi sebepten dolay\u0131 i\u00e7eri\u011fin hassas oldu\u011fu kanaatine var\u0131lm\u0131\u015fsa se\u00e7enekler aras\u0131ndan bu edenin bulunmas\u0131 ve \u00fczerine t\u0131klanmas\u0131 sa\u011flan\u0131r. (\u00d6rnek olarak; toplumsal a\u00e7\u0131dan tehlikeli, sa\u011fl\u0131k a\u00e7\u0131s\u0131ndan zararl\u0131 veya i\u015fitsel olarak tehlikeli i\u00e7eriklerin bulundu\u011fundan bir tanesi tercih edilir.)<\/li>\n<li>Daha sonra postun payla\u015f\u0131lmas\u0131 sa\u011flan\u0131r.<\/li>\n<\/ul>\n<p>Bu \u015fekilde d\u00fczenleme tamamlan\u0131r ve payla\u015f\u0131m istenilen \u015fekilde ve olmas\u0131 gereken k\u0131s\u0131tlama haliyle ana sayfada yer edinir.<\/p>\n<h3><span class=\"ez-toc-section\" id=\"Instagram-Hassas-Icerik-Nasil-Goruntulenir\"><\/span>Instagram Hassas \u0130\u00e7erik Nas\u0131l G\u00f6r\u00fcnt\u00fclenir?<span class=\"ez-toc-section-end\"><\/span><\/h3>\n<p>Instagram platformunda kullan\u0131c\u0131 olarak yer edinmekte olan insanlar\u0131n hassas bir i\u00e7erik payla\u015f\u0131m\u0131yla kar\u015f\u0131 kar\u015f\u0131ya kalmas\u0131 ve yine de bu i\u00e7erikleri g\u00f6r\u00fcnt\u00fclemek istemeleri halinde onay a\u015famas\u0131n\u0131 tamamlamalar\u0131 gerekecektir. Bunun i\u00e7in, i\u00e7eri\u011fin \u00fczerindeki g\u00f6z sembol\u00fc ve \u00fczerine \u00e7izilmi\u015f yan bir \u00e7izginin bulundu\u011funa emin olunmal\u0131d\u0131r.<\/p>\n<p>T\u00fcm hassas i\u00e7eriklerin ayn\u0131 simgeyle sembolize edilmesi ve ayn\u0131 \u015fekilde g\u00f6r\u00fcn\u00fcr olmas\u0131n\u0131n \u015fart oldu\u011fundan dolay\u0131, simgenin hemen alt k\u0131sm\u0131nda yer alan &#8216;Bu i\u00e7eri\u011fin g\u00f6r\u00fcnt\u00fclenmesine izin ver&#8217; sekmesine t\u0131klanmal\u0131d\u0131r.<\/p>\n<p>E\u011fer ilk kez bu t\u00fcr bir i\u00e7erik g\u00f6r\u00fcnt\u00fclenmekteyse mutlaka ayarlar k\u0131sm\u0131na y\u00f6nlendirme yap\u0131l\u0131r ve ya\u015f aral\u0131\u011f\u0131n\u0131n bildirildi\u011fine emin olunur. Daha sonraki zaman dilimlerindeyse yaln\u0131zca onay\u0131n tamamlanmas\u0131 sonucunda hassas i\u00e7erikler g\u00f6r\u00fcnt\u00fclenecektir.<\/p>\n<figure id=\"attachment_2912\" aria-describedby=\"caption-attachment-2912\" style=\"width: 1200px\" class=\"wp-caption aligncenter\"><img decoding=\"async\" class=\"wp-image-2912 size-full\" src=\"https:\/\/sosyalevin.com\/blog\/wp-content\/uploads\/2022\/05\/instagram-1.jpeg\" alt=\"Instagram Hassas \u0130\u00e7erik Ne Demek?\" width=\"1200\" height=\"628\" title=\"\" srcset=\"https:\/\/sosyalevin.com\/blog\/wp-content\/uploads\/2022\/05\/instagram-1.jpeg 1200w, https:\/\/sosyalevin.com\/blog\/wp-content\/uploads\/2022\/05\/instagram-1-300x157.jpeg 300w, https:\/\/sosyalevin.com\/blog\/wp-content\/uploads\/2022\/05\/instagram-1-1024x536.jpeg 1024w, https:\/\/sosyalevin.com\/blog\/wp-content\/uploads\/2022\/05\/instagram-1-768x402.jpeg 768w\" sizes=\"(max-width: 1200px) 100vw, 1200px\" \/><figcaption id=\"caption-attachment-2912\" class=\"wp-caption-text\">Instagram Hassas \u0130\u00e7erik Ne Demek?<\/figcaption><\/figure>\n<h3><span class=\"ez-toc-section\" id=\"Instagram-Hassas-Icerik-Ayarlari\"><\/span>Instagram Hassas \u0130\u00e7erik Ayarlar\u0131<span class=\"ez-toc-section-end\"><\/span><\/h3>\n<p>Instagram platformunun ya\u015f aral\u0131\u011f\u0131 bak\u0131m\u0131ndan \u00e7ok geni\u015f bir kitlede kullan\u0131c\u0131s\u0131n\u0131n olmas\u0131 ve uzun saatler boyunca kullan\u0131lmakta olan bir platform olmas\u0131 bak\u0131m\u0131ndan g\u00fcvenlik son derece \u00f6nemli tutulmu\u015ftur.<\/p>\n<p>Bu sebeple de her alan\u0131nda oldu\u011fu gibi hassas i\u00e7erikler i\u00e7in de ayarlar en \u00f6zenli haliyle olu\u015fturulmu\u015ftur. T\u00fcm i\u00e7eriklere ula\u015fmak i\u00e7in ayarlar\u0131n d\u00fczenlenmesi \u015fart oldu\u011fu gibi ayarlar k\u0131sm\u0131ndan do\u011fru alana ula\u015fmak i\u00e7in de gerekeni bilmek \u015fartt\u0131r.<\/p>\n<ol>\n<li>\u00d6ncelikle <a href=\"https:\/\/www.instagram.com\/\" target=\"_blank\" rel=\"noopener\">Instagram hesab\u0131n\u0131za<\/a> giri\u015f yap\u0131n.<\/li>\n<li>Ki\u015fisel profilin sa\u011f \u00fcst\u00fcnde yer alan <strong>Ayarlar<\/strong> alan\u0131na t\u0131klay\u0131n.<\/li>\n<li>Buradaki <strong>arama butonuna &#8216;Hassas i\u00e7erik ayarlar\u0131&#8217; yaz\u0131lmas\u0131 sa\u011flanmal\u0131d\u0131r.<\/strong><\/li>\n<li>Daha sonra \u00e7\u0131kan y\u00f6nergelere uyularak gereken bilgiler do\u011frulay\u0131n.<\/li>\n<li>Kullan\u0131c\u0131ya uygun olan t\u00fcm hassas i\u00e7eriklerin istendi\u011fi taktirde g\u00f6r\u00fclmesine izin verilir.<\/li>\n<\/ol>\n<h2><span class=\"ez-toc-section\" id=\"Sik-Sorulan-Sorular\"><\/span>S\u0131k Sorulan Sorular<span class=\"ez-toc-section-end\"><\/span><\/h2>\n\n\t\t<div class=\"clearfix\"><\/div>\n\t\t<div class=\"toggle tie-sc-open\">\n\t\t\t<h3 class=\"toggle-head\"><span class=\"ez-toc-section\" id=\"Hassas-Icerikler-Acilmali-midir\"><\/span>Hassas \u0130\u00e7erikler A\u00e7\u0131lmal\u0131 m\u0131d\u0131r? <span class=\"fa fa-angle-down\" aria-hidden=\"true\"><\/span><span class=\"ez-toc-section-end\"><\/span><\/h3>\n\t\t\t<div class=\"toggle-content\">Bu karar tamam\u0131yla size aittir. G\u00f6rmek istiyorsan\u0131z tabiki de a\u00e7abilirsiniz. Rahats\u0131z oluyorsan\u0131z a\u00e7maman\u0131z daha sa\u011fl\u0131kl\u0131 olacakt\u0131r.\n\t\t\t<\/div>\n\t\t<\/div>\n\t\n\n\t\t<div class=\"clearfix\"><\/div>\n\t\t<div class=\"toggle tie-sc-open\">\n\t\t\t<h3 class=\"toggle-head\"><span class=\"ez-toc-section\" id=\"Begeni-Satin-Almak-Bu-Ayarlari-Etkiler-mi\"><\/span>Be\u011feni Sat\u0131n Almak Bu Ayarlar\u0131 Etkiler mi? <span class=\"fa fa-angle-down\" aria-hidden=\"true\"><\/span><span class=\"ez-toc-section-end\"><\/span><\/h3>\n\t\t\t<div class=\"toggle-content\">Tabiki de bir problem yaratmamaktad\u0131r.\u00a0 Sistemlerimiz %100 Spam korumas\u0131yla g\u00f6nderim sa\u011flamaktad\u0131r. <strong><a href=\"https:\/\/sosyalevin.com\/instagram-turk-begeni-satin-al\/\" target=\"_blank\" rel=\"noopener sponsored\">Be\u011feni sat\u0131n al<\/a><\/strong>mak i\u00e7in sitemizi ziyaret edebilirsiniz.\n\t\t\t<\/div>\n\t\t<\/div>\n\t\n","protected":false},"excerpt":{"rendered":"<p>Kullan\u0131c\u0131lar\u0131n s\u0131k\u00e7a kar\u015f\u0131s\u0131na \u00e7\u0131kabilen ve instagram hassas i\u00e7erik ne demek? \u015eeklinde ara\u015ft\u0131rma yapmalar\u0131na neden olan bir durum s\u00f6z konusudur. K\u0131s\u0131tlama \u015feklinde ortaya \u00e7\u0131kan ve yaln\u0131zca kullan\u0131c\u0131n\u0131n r\u0131zas\u0131 al\u0131nd\u0131ktan sonra g\u00f6r\u00fclebilir hale gelen bu i\u00e7erikler, topluluk kurallar\u0131na uyulmas\u0131 ve yine toplumun hassasiyet durumunun g\u00f6zetilmesi amac\u0131yla olu\u015fturulmu\u015ftur. Payla\u015f\u0131lan i\u00e7eriklerin ne oldu\u011funa, kullan\u0131c\u0131 taraf\u0131ndan m\u0131 yoksa do\u011frudan platform &hellip;<\/p>\n","protected":false},"author":1,"featured_media":2914,"comment_status":"open","ping_status":"open","sticky":false,"template":"","format":"standard","meta":{"footnotes":""},"categories":[74],"tags":[],"class_list":["post-2909","post","type-post","status-publish","format-standard","has-post-thumbnail","hentry","category-instagram-destek"],"_links":{"self":[{"href":"https:\/\/sosyalevin.com\/blog\/wp-json\/wp\/v2\/posts\/2909","targetHints":{"allow":["GET"]}}],"collection":[{"href":"https:\/\/sosyalevin.com\/blog\/wp-json\/wp\/v2\/posts"}],"about":[{"href":"https:\/\/sosyalevin.com\/blog\/wp-json\/wp\/v2\/types\/post"}],"author":[{"embeddable":true,"href":"https:\/\/sosyalevin.com\/blog\/wp-json\/wp\/v2\/users\/1"}],"replies":[{"embeddable":true,"href":"https:\/\/sosyalevin.com\/blog\/wp-json\/wp\/v2\/comments?post=2909"}],"version-history":[{"count":3,"href":"https:\/\/sosyalevin.com\/blog\/wp-json\/wp\/v2\/posts\/2909\/revisions"}],"predecessor-version":[{"id":7109,"href":"https:\/\/sosyalevin.com\/blog\/wp-json\/wp\/v2\/posts\/2909\/revisions\/7109"}],"wp:featuredmedia":[{"embeddable":true,"href":"https:\/\/sosyalevin.com\/blog\/wp-json\/wp\/v2\/media\/2914"}],"wp:attachment":[{"href":"https:\/\/sosyalevin.com\/blog\/wp-json\/wp\/v2\/media?parent=2909"}],"wp:term":[{"taxonomy":"category","embeddable":true,"href":"https:\/\/sosyalevin.com\/blog\/wp-json\/wp\/v2\/categories?post=2909"},{"taxonomy":"post_tag","embeddable":true,"href":"https:\/\/sosyalevin.com\/blog\/wp-json\/wp\/v2\/tags?post=2909"}],"curies":[{"name":"wp","href":"https:\/\/api.w.org\/{rel}","templated":true}]}}