{"id":3059,"date":"2022-06-09T18:44:09","date_gmt":"2022-06-09T15:44:09","guid":{"rendered":"https:\/\/sosyalevin.com\/blog\/?p=3059"},"modified":"2025-12-22T19:50:12","modified_gmt":"2025-12-22T16:50:12","slug":"instagramda-yas-kisitli-video-ne-demek","status":"publish","type":"post","link":"https:\/\/sosyalevin.com\/blog\/instagramda-yas-kisitli-video-ne-demek\/","title":{"rendered":"Instagram&#8217;da Ya\u015f K\u0131s\u0131tl\u0131 Video Ne Demek?"},"content":{"rendered":"<p>Sosyal medyan\u0131n yayg\u0131n bir hale gelmesi ile birlikte ebeveynler bu durumdan tedirgin olmaya ba\u015flad\u0131. Sosyal medya mecralar\u0131 aras\u0131nda en \u00e7ok kullan\u0131lanlardan biri Instagram&#8217;d\u0131r. <strong>Instagram&#8217;da ya\u015f k\u0131s\u0131tl\u0131 video ne demek?<\/strong> sorusunun cevab\u0131 ise i\u00e7eri\u011fin devam\u0131ndad\u0131r. Instagram kullan\u0131c\u0131lar\u0131n\u0131n ya\u015f s\u0131n\u0131r\u0131 \u00e7ok ciddi bir \u015fekilde d\u00fc\u015fm\u00fc\u015ft\u00fcr.\u00a0\u00c7ocuk ya\u015fta olan ki\u015filer i\u00e7in ya\u015f k\u0131s\u0131tl\u0131 video \u00f6zelli\u011fi g\u00fcndeme gelmi\u015ftir.<\/p>\n<p>Peki,<strong> Instagram&#8217;da ya\u015f k\u0131s\u0131tl\u0131 video ne demek?<\/strong> Bu konu \u00f6zellikle anne babalar i\u00e7in sosyal medyan\u0131n zararl\u0131 i\u00e7eriklerine kar\u015f\u0131 \u00f6nlem almak i\u00e7in kurtar\u0131c\u0131 bir \u00f6zellik haline gelmi\u015ftir. Belirli bir ya\u015f gruplar\u0131n eri\u015febilip, belirli bir ya\u015f grubunun ise eri\u015fmesi engellenen videolar oldu\u011fu gibi hesaplar da mevcuttur. Bu \u015fekilde aileler i\u00e7in en ideal g\u00fcvenlik \u00f6nlemi al\u0131nm\u0131\u015f olur.<\/p>\n<div id=\"ez-toc-container\" class=\"ez-toc-v2_0_82_2 counter-hierarchy ez-toc-counter ez-toc-grey ez-toc-container-direction\">\n<div class=\"ez-toc-title-container\"><p class=\"ez-toc-title\" style=\"cursor:inherit\">\u0130\u00e7indekiler<\/p>\n<\/div><nav><ul class='ez-toc-list ez-toc-list-level-1 ' ><li class='ez-toc-page-1 ez-toc-heading-level-2'><a class=\"ez-toc-link ez-toc-heading-1\" href=\"https:\/\/sosyalevin.com\/blog\/instagramda-yas-kisitli-video-ne-demek\/#Instagramda-Yas-Kisitli-Profil-Ne-Demek\" >Instagram&#8217;da Ya\u015f K\u0131s\u0131tl\u0131 Profil Ne Demek?<\/a><\/li><li class='ez-toc-page-1 ez-toc-heading-level-2'><a class=\"ez-toc-link ez-toc-heading-2\" href=\"https:\/\/sosyalevin.com\/blog\/instagramda-yas-kisitli-video-ne-demek\/#Instagram-Yas-Kisitli-Video-Neden-Olur\" >Instagram Ya\u015f K\u0131s\u0131tl\u0131 Video Neden Olur?<\/a><\/li><li class='ez-toc-page-1 ez-toc-heading-level-2'><a class=\"ez-toc-link ez-toc-heading-3\" href=\"https:\/\/sosyalevin.com\/blog\/instagramda-yas-kisitli-video-ne-demek\/#Instagram-Yas-Kisitli-Profile-Nasil-Girilir\" >Instagram Ya\u015f K\u0131s\u0131tl\u0131 Profile Nas\u0131l Girilir?<\/a><\/li><li class='ez-toc-page-1 ez-toc-heading-level-2'><a class=\"ez-toc-link ez-toc-heading-4\" href=\"https:\/\/sosyalevin.com\/blog\/instagramda-yas-kisitli-video-ne-demek\/#Instagram-Yas-Siniri-Nasil-Kaldirilir\" >Instagram Ya\u015f S\u0131n\u0131r\u0131 Nas\u0131l Kald\u0131r\u0131l\u0131r?<\/a><\/li><li class='ez-toc-page-1 ez-toc-heading-level-2'><a class=\"ez-toc-link ez-toc-heading-5\" href=\"https:\/\/sosyalevin.com\/blog\/instagramda-yas-kisitli-video-ne-demek\/#Sik-Sorulan-Sorular\" >S\u0131k Sorulan Sorular<\/a><ul class='ez-toc-list-level-3' ><li class='ez-toc-heading-level-3'><a class=\"ez-toc-link ez-toc-heading-6\" href=\"https:\/\/sosyalevin.com\/blog\/instagramda-yas-kisitli-video-ne-demek\/#Yas-Ayarlarini-Yapmak-Zorunlu-mu\" >Ya\u015f Ayarlar\u0131n\u0131 Yapmak Zorunlu mu?<\/a><\/li><li class='ez-toc-page-1 ez-toc-heading-level-3'><a class=\"ez-toc-link ez-toc-heading-7\" href=\"https:\/\/sosyalevin.com\/blog\/instagramda-yas-kisitli-video-ne-demek\/#Instagram-Profil-Fotograf-Buyutmek-Mumkun-mu\" >Instagram Profil Foto\u011fraf B\u00fcy\u00fctmek M\u00fcmk\u00fcn m\u00fc?<\/a><\/li><\/ul><\/li><\/ul><\/nav><\/div>\n<h2><span class=\"ez-toc-section\" id=\"Instagramda-Yas-Kisitli-Profil-Ne-Demek\"><\/span>Instagram&#8217;da Ya\u015f K\u0131s\u0131tl\u0131 Profil Ne Demek?<span class=\"ez-toc-section-end\"><\/span><\/h2>\n<p>Instagram&#8217;da ya\u015f k\u0131s\u0131tl\u0131 \u015fekilde profiller olmas\u0131 pek \u00e7ok a\u00e7\u0131dan kullan\u0131c\u0131ya kar\u015f\u0131 fayda sa\u011flayan durumlardan biridir. 18 ya\u015f\u0131ndan k\u00fc\u00e7\u00fck olan \u00e7ocuklar i\u00e7in genel anlamda bir k\u0131s\u0131tlaman\u0131n getirilmesi, sosyal medyan\u0131n zararl\u0131 etkilerini ortadan kald\u0131rmak a\u00e7\u0131s\u0131ndan faydal\u0131 olmaktad\u0131r. Ya\u015f k\u0131s\u0131tl\u0131 profil pek \u00e7ok a\u00e7\u0131dan ya\u015f k\u0131s\u0131t\u0131na maruz kalabilir. \u0130\u015faretlenen ya\u015f gurubu d\u0131\u015f\u0131nda olan ki\u015filerin bu gibi profilleri g\u00f6rmesi m\u00fcmk\u00fcn olmaz.<\/p>\n<p>Baz\u0131 ki\u015filerin i\u00e7eri\u011fi g\u00f6rebilmesi ad\u0131na 18 ya\u015f\u0131ndan b\u00fcy\u00fck oldu\u011funu g\u00f6steren se\u00e7ene\u011fi se\u00e7mesi gerekir. A\u00e7\u0131lan hesaplar bundan sonra hangi ya\u015f grubunda olan ki\u015finin profilini g\u00f6rebilece\u011fine karar verecektir. Bu \u015fekilde hem kullan\u0131c\u0131 hem de profil a\u00e7\u0131s\u0131ndan daha g\u00fcvenilir ve sa\u011fl\u0131kl\u0131 bir sosyal medya ortam\u0131 olu\u015fur.<\/p>\n<figure id=\"attachment_3067\" aria-describedby=\"caption-attachment-3067\" style=\"width: 1200px\" class=\"wp-caption aligncenter\"><img decoding=\"async\" class=\"wp-image-3067 size-full\" src=\"https:\/\/sosyalevin.com\/blog\/wp-content\/uploads\/2022\/06\/instagramda-yas-kisitli-video-ne-demek-2.jpg\" alt=\"Instagram&#039;da Ya\u015f K\u0131s\u0131tl\u0131 Video Ne Demek?\" width=\"1200\" height=\"628\" title=\"\" srcset=\"https:\/\/sosyalevin.com\/blog\/wp-content\/uploads\/2022\/06\/instagramda-yas-kisitli-video-ne-demek-2.jpg 1200w, https:\/\/sosyalevin.com\/blog\/wp-content\/uploads\/2022\/06\/instagramda-yas-kisitli-video-ne-demek-2-300x157.jpg 300w, https:\/\/sosyalevin.com\/blog\/wp-content\/uploads\/2022\/06\/instagramda-yas-kisitli-video-ne-demek-2-1024x536.jpg 1024w, https:\/\/sosyalevin.com\/blog\/wp-content\/uploads\/2022\/06\/instagramda-yas-kisitli-video-ne-demek-2-768x402.jpg 768w\" sizes=\"(max-width: 1200px) 100vw, 1200px\" \/><figcaption id=\"caption-attachment-3067\" class=\"wp-caption-text\">Instagram&#8217;da Ya\u015f K\u0131s\u0131tl\u0131 Video Ne Demek?<\/figcaption><\/figure>\n<h2><span class=\"ez-toc-section\" id=\"Instagram-Yas-Kisitli-Video-Neden-Olur\"><\/span>Instagram Ya\u015f K\u0131s\u0131tl\u0131 Video Neden Olur?<span class=\"ez-toc-section-end\"><\/span><\/h2>\n<p>Instagram ya\u015f k\u0131s\u0131tl\u0131 uygulamas\u0131 son zamanlarda gelen \u00f6zellikler aras\u0131nda yer al\u0131rlar. Ya\u015f k\u0131s\u0131t\u0131n\u0131n getirilmesi ile birlikte sosyal medyan\u0131n daha g\u00fcvenilir bir hal almas\u0131 m\u00fcmk\u00fcn hale geldi.<\/p>\n<p><em>\u00d6zellikle \u015fu gibi videolar ya da profiller s\u00f6z konusu oldu\u011funda ya\u015f onay\u0131 gerekir;<\/em><\/p>\n<ul>\n<li>Cinsel i\u00e7erikli olan g\u00f6r\u00fcnt\u00fclerde ya\u015f k\u0131s\u0131tlamas\u0131 s\u00f6z konusudur.<\/li>\n<li>Yaralama ve darp gibi i\u00e7eriklerde k\u0131s\u0131tlama yap\u0131l\u0131r.<\/li>\n<li>Sald\u0131r\u0131 ve \u015fiddet i\u00e7erikli g\u00f6r\u00fcnt\u00fclerde ya\u015f onay\u0131 gerekir.<\/li>\n<li>Taciz ve tecav\u00fcz gibi haberler ya\u015f k\u0131s\u0131tlamas\u0131na tak\u0131l\u0131r.<\/li>\n<\/ul>\n<p>Bu \u015fekilde yap\u0131lan k\u0131s\u0131tlamalar belirli ya\u015f gruplar\u0131n\u0131n psikolojik a\u00e7\u0131dan etki alt\u0131nda kalmas\u0131n\u0131 engellemek ad\u0131na faydal\u0131 olurlar.<\/p>\n<h2><span class=\"ez-toc-section\" id=\"Instagram-Yas-Kisitli-Profile-Nasil-Girilir\"><\/span>Instagram Ya\u015f K\u0131s\u0131tl\u0131 Profile Nas\u0131l Girilir?<span class=\"ez-toc-section-end\"><\/span><\/h2>\n<p>Instagram&#8217;da son d\u00f6nemlerde pek \u00e7ok profilde ya\u015f k\u0131s\u0131tl\u0131 durumunun oldu\u011funu g\u00f6rmek m\u00fcmk\u00fcnd\u00fcr. Bu profillere girmek i\u00e7in belirli bir ya\u015f grubunda olman\u0131z gerekir.<\/p>\n<p>Ya\u015f k\u0131s\u0131tlamas\u0131n\u0131 ortadan kald\u0131rmak ad\u0131na Instagram profilinde ad\u0131m ad\u0131m de\u011fi\u015fiklikler yapman\u0131z gerekir.<\/p>\n<ol>\n<li>\u0130lk olarak Instagram <a href=\"https:\/\/www.instagram.com\/accounts\/login\/?next=https%3A%2F%2Fwww.instagram.com%2Faccounts%2Fedit%2F%3F__coig_login%3D1\" target=\"_blank\" rel=\"noopener\">Ayarlar<\/a> k\u0131sm\u0131na girip buradan hesap de\u011fi\u015fikli\u011fi i\u015flem yapabilirsiniz.<\/li>\n<li>Profesyonel hesaba ge\u00e7i\u015f yaparsan\u0131z bir i\u015fletme hesab\u0131na sahip olursunuz.<\/li>\n<li>\u0130\u015fletme hesab\u0131 ile k\u0131s\u0131tl\u0131 olan pek \u00e7ok profile de giri\u015f yapma imkan\u0131na eri\u015firsiniz.<\/li>\n<\/ol>\n<p>\u0130\u015fletme hesab\u0131 olmas\u0131 pek \u00e7ok k\u0131s\u0131tlaman\u0131n kalkmas\u0131n\u0131 sa\u011flar. Profesyonel hesaba ge\u00e7i\u015f yapt\u0131ktan sonra profili yeniden bireysel hesaba ge\u00e7irmeniz m\u00fcmk\u00fcn olmaz. Ayn\u0131 zamanda kay\u0131t olurken ya\u015f\u0131n\u0131z\u0131 b\u00fcy\u00fck girmeniz durumunda da k\u0131s\u0131tlama i\u015flemi kolay bir \u015fekilde ger\u00e7ekle\u015fir.<\/p>\n<figure id=\"attachment_3066\" aria-describedby=\"caption-attachment-3066\" style=\"width: 1200px\" class=\"wp-caption aligncenter\"><img decoding=\"async\" class=\"wp-image-3066 size-full\" src=\"https:\/\/sosyalevin.com\/blog\/wp-content\/uploads\/2022\/06\/instagramda-yas-kisitli-video-ne-demek-1.jpg\" alt=\"Instagramda Ya\u015f K\u0131s\u0131tl\u0131 Video Ne Demek?\" width=\"1200\" height=\"628\" title=\"\" srcset=\"https:\/\/sosyalevin.com\/blog\/wp-content\/uploads\/2022\/06\/instagramda-yas-kisitli-video-ne-demek-1.jpg 1200w, https:\/\/sosyalevin.com\/blog\/wp-content\/uploads\/2022\/06\/instagramda-yas-kisitli-video-ne-demek-1-300x157.jpg 300w, https:\/\/sosyalevin.com\/blog\/wp-content\/uploads\/2022\/06\/instagramda-yas-kisitli-video-ne-demek-1-1024x536.jpg 1024w, https:\/\/sosyalevin.com\/blog\/wp-content\/uploads\/2022\/06\/instagramda-yas-kisitli-video-ne-demek-1-768x402.jpg 768w\" sizes=\"(max-width: 1200px) 100vw, 1200px\" \/><figcaption id=\"caption-attachment-3066\" class=\"wp-caption-text\">Instagramda Ya\u015f K\u0131s\u0131tl\u0131 Video Ne Demek?<\/figcaption><\/figure>\n<h2><span class=\"ez-toc-section\" id=\"Instagram-Yas-Siniri-Nasil-Kaldirilir\"><\/span>Instagram Ya\u015f S\u0131n\u0131r\u0131 Nas\u0131l Kald\u0131r\u0131l\u0131r?<span class=\"ez-toc-section-end\"><\/span><\/h2>\n<p>Instagram ya\u015f s\u0131n\u0131r\u0131 olan i\u00e7erikleri belirli ya\u015f grubuna sahip olan kullan\u0131c\u0131lardan gizlemektedir. Bu kullan\u0131c\u0131lar gizlilik s\u0131n\u0131r\u0131 konulan profil ya da g\u00f6nderilere ula\u015fmak i\u00e7in baz\u0131 ayar de\u011fi\u015fiklikleri yapabilirler.<\/p>\n<p>Instagram profillerini i\u015fletme hesab\u0131na ge\u00e7irdikleri zaman sorunu ortadan kald\u0131r\u0131rlar. Ayn\u0131 zamanda ayarlar k\u0131sm\u0131ndan her i\u00e7eri\u011fe ula\u015fabilme \u015fans\u0131 yaratacak olan ya\u015f k\u0131sm\u0131n\u0131 da d\u00fczenleyebilirler.<\/p>\n<p>Instagramda kar\u015f\u0131m\u0131za \u00e7\u0131kan bu \u00f6zellik son derece etkili ve koruma \u00f6zelli\u011fine sahip olan bir \u00f6zelliktir. Bu konuda \u00e7ok dikkatli davranmal\u0131 ve s\u0131n\u0131rlamaya uygun ilerlemek gerekir. Bu \u015fekilde \u00e7ocuk ya da gen\u00e7lerin psikolojik olarak etkilenece\u011fi g\u00f6nderileri s\u0131n\u0131rlama \u015fans\u0131 s\u00f6z konusu olur.<\/p>\n<p><iframe loading=\"lazy\" title=\"\u0130nstagram 13 Ya\u015f Sorunu ve KES\u0130N \u00c7\u00d6Z\u00dcM\u00dc (\u0130nstagram Ya\u015f S\u0131n\u0131r\u0131 Kald\u0131rma)\" width=\"500\" height=\"281\" src=\"https:\/\/www.youtube.com\/embed\/CXGWWZs45XY?feature=oembed\" frameborder=\"0\" allow=\"accelerometer; autoplay; clipboard-write; encrypted-media; gyroscope; picture-in-picture; web-share\" referrerpolicy=\"strict-origin-when-cross-origin\" allowfullscreen><\/iframe><\/p>\n<h2><span class=\"ez-toc-section\" id=\"Sik-Sorulan-Sorular\"><\/span>S\u0131k Sorulan Sorular<span class=\"ez-toc-section-end\"><\/span><\/h2>\n\n\t\t<div class=\"clearfix\"><\/div>\n\t\t<div class=\"toggle tie-sc-open\">\n\t\t\t<h3 class=\"toggle-head\"><span class=\"ez-toc-section\" id=\"Yas-Ayarlarini-Yapmak-Zorunlu-mu\"><\/span>Ya\u015f Ayarlar\u0131n\u0131 Yapmak Zorunlu mu? <span class=\"fa fa-angle-down\" aria-hidden=\"true\"><\/span><span class=\"ez-toc-section-end\"><\/span><\/h3>\n\t\t\t<div class=\"toggle-content\">Zorunlu de\u011fildir. Instagram size bunu zorunlu hale getirmesiyle alakal\u0131 hen\u00fcz bir politika bulunmuyor. Zaten default olarak sizlere belli ayarlar\u0131 otomatik olarak olu\u015fturmaktad\u0131r.\n\t\t\t<\/div>\n\t\t<\/div>\n\t\n\n\t\t<div class=\"clearfix\"><\/div>\n\t\t<div class=\"toggle tie-sc-open\">\n\t\t\t<h3 class=\"toggle-head\"><span class=\"ez-toc-section\" id=\"Instagram-Profil-Fotograf-Buyutmek-Mumkun-mu\"><\/span>Instagram Profil Foto\u011fraf B\u00fcy\u00fctmek M\u00fcmk\u00fcn m\u00fc? <span class=\"fa fa-angle-down\" aria-hidden=\"true\"><\/span><span class=\"ez-toc-section-end\"><\/span><\/h3>\n\t\t\t<div class=\"toggle-content\">Tabiki de m\u00fcmk\u00fcnd\u00fcr. Arge ekibimiz taraf\u0131ndan yap\u0131lan <strong><a href=\"https:\/\/sosyalevin.com\/instagram-profil-fotografi-buyutme\/\" target=\"_blank\" rel=\"noopener\">instagram profil foto\u011fraf\u0131n\u0131 b\u00fcy\u00fctme<\/a><\/strong> hilesini kullanarak i\u015flem sa\u011flayabilirsiniz.\n\t\t\t<\/div>\n\t\t<\/div>\n\t\n","protected":false},"excerpt":{"rendered":"<p>Sosyal medyan\u0131n yayg\u0131n bir hale gelmesi ile birlikte ebeveynler bu durumdan tedirgin olmaya ba\u015flad\u0131. Sosyal medya mecralar\u0131 aras\u0131nda en \u00e7ok kullan\u0131lanlardan biri Instagram&#8217;d\u0131r. Instagram&#8217;da ya\u015f k\u0131s\u0131tl\u0131 video ne demek? sorusunun cevab\u0131 ise i\u00e7eri\u011fin devam\u0131ndad\u0131r. Instagram kullan\u0131c\u0131lar\u0131n\u0131n ya\u015f s\u0131n\u0131r\u0131 \u00e7ok ciddi bir \u015fekilde d\u00fc\u015fm\u00fc\u015ft\u00fcr.\u00a0\u00c7ocuk ya\u015fta olan ki\u015filer i\u00e7in ya\u015f k\u0131s\u0131tl\u0131 video \u00f6zelli\u011fi g\u00fcndeme gelmi\u015ftir. Peki, Instagram&#8217;da &hellip;<\/p>\n","protected":false},"author":1,"featured_media":3065,"comment_status":"open","ping_status":"closed","sticky":false,"template":"","format":"standard","meta":{"footnotes":""},"categories":[74],"tags":[],"class_list":["post-3059","post","type-post","status-publish","format-standard","has-post-thumbnail","hentry","category-instagram-destek"],"_links":{"self":[{"href":"https:\/\/sosyalevin.com\/blog\/wp-json\/wp\/v2\/posts\/3059","targetHints":{"allow":["GET"]}}],"collection":[{"href":"https:\/\/sosyalevin.com\/blog\/wp-json\/wp\/v2\/posts"}],"about":[{"href":"https:\/\/sosyalevin.com\/blog\/wp-json\/wp\/v2\/types\/post"}],"author":[{"embeddable":true,"href":"https:\/\/sosyalevin.com\/blog\/wp-json\/wp\/v2\/users\/1"}],"replies":[{"embeddable":true,"href":"https:\/\/sosyalevin.com\/blog\/wp-json\/wp\/v2\/comments?post=3059"}],"version-history":[{"count":1,"href":"https:\/\/sosyalevin.com\/blog\/wp-json\/wp\/v2\/posts\/3059\/revisions"}],"predecessor-version":[{"id":6628,"href":"https:\/\/sosyalevin.com\/blog\/wp-json\/wp\/v2\/posts\/3059\/revisions\/6628"}],"wp:featuredmedia":[{"embeddable":true,"href":"https:\/\/sosyalevin.com\/blog\/wp-json\/wp\/v2\/media\/3065"}],"wp:attachment":[{"href":"https:\/\/sosyalevin.com\/blog\/wp-json\/wp\/v2\/media?parent=3059"}],"wp:term":[{"taxonomy":"category","embeddable":true,"href":"https:\/\/sosyalevin.com\/blog\/wp-json\/wp\/v2\/categories?post=3059"},{"taxonomy":"post_tag","embeddable":true,"href":"https:\/\/sosyalevin.com\/blog\/wp-json\/wp\/v2\/tags?post=3059"}],"curies":[{"name":"wp","href":"https:\/\/api.w.org\/{rel}","templated":true}]}}