{"id":3353,"date":"2022-08-16T03:18:00","date_gmt":"2022-08-16T00:18:00","guid":{"rendered":"https:\/\/sosyalevin.com\/blog\/?p=3353"},"modified":"2025-12-22T19:50:12","modified_gmt":"2025-12-22T16:50:12","slug":"facebookta-bir-gunde-kac-kisi-eklenir","status":"publish","type":"post","link":"https:\/\/sosyalevin.com\/blog\/facebookta-bir-gunde-kac-kisi-eklenir\/","title":{"rendered":"Facebook&#8217;ta Bir G\u00fcnde Ka\u00e7 Ki\u015fi Eklenir?"},"content":{"rendered":"<p>G\u00fcn\u00fcm\u00fczde arkada\u015flar\u0131n birbirini buldu\u011fu, g\u00f6nderilerine yorum yapt\u0131\u011f\u0131, sanal olarak hasret giderdi\u011fi platform olarak Facebook&#8217;u kullanan bireyler <strong>Facebook&#8217;ta bir g\u00fcnde ka\u00e7 ki\u015fi eklenir?<\/strong> Sorusunu merak etmektedir. Meta isimli Amerika men\u015feili bir teknoloji \u015firketine ait olan Facebook \u015firketi d\u00fcnyan\u0131n en sayg\u0131n ve pop\u00fcler sosyal medya \u015firketi olma durumunu s\u00fcrd\u00fcrmektedir.<\/p>\n<p>2004 y\u0131l\u0131nda Amerika Birle\u015fik Devletleri \u00fczerinde kurulan \u015firketin bug\u00fcn milyarlara varan aktif kullan\u0131c\u0131 say\u0131s\u0131 vard\u0131r. \u00dclkemiz de ise 2004 y\u0131l\u0131nda kurulan \u015firket baz\u0131 k\u0131s\u0131tl\u0131 \u00f6zellikler ile piyasaya giri\u015f yapt\u0131.<\/p>\n<p>Bug\u00fcn d\u00fcnya genelinde 2.3 milyar aktif kullan\u0131c\u0131 vard\u0131r. \u00dclkemizde de genel olarak orta ya\u015f kullan\u0131c\u0131lar taraf\u0131ndan tercih edilen platform kullan\u0131lmas\u0131 ve mant\u0131\u011f\u0131 y\u00f6n\u00fcnden en pratik uygulamalar\u0131 kapsamaktad\u0131r. Ayr\u0131ca mobil olarak a\u00e7\u0131lan oturumlar da olduk\u00e7a az seviye de internet ve enerji t\u00fcketen uygulama sosyal medya sevenler taraf\u0131ndan reva\u00e7tad\u0131r.<\/p>\n<figure id=\"attachment_3366\" aria-describedby=\"caption-attachment-3366\" style=\"width: 1200px\" class=\"wp-caption aligncenter\"><img decoding=\"async\" class=\"wp-image-3366 size-full\" src=\"https:\/\/sosyalevin.com\/blog\/wp-content\/uploads\/2022\/07\/facebookta-bir-gunde-kac-kisi-eklenir-2.jpg\" alt=\"Facebook&#039;ta Bir G\u00fcnde Ka\u00e7 Ki\u015fi Eklenir?\" width=\"1200\" height=\"628\" title=\"\" srcset=\"https:\/\/sosyalevin.com\/blog\/wp-content\/uploads\/2022\/07\/facebookta-bir-gunde-kac-kisi-eklenir-2.jpg 1200w, https:\/\/sosyalevin.com\/blog\/wp-content\/uploads\/2022\/07\/facebookta-bir-gunde-kac-kisi-eklenir-2-300x157.jpg 300w, https:\/\/sosyalevin.com\/blog\/wp-content\/uploads\/2022\/07\/facebookta-bir-gunde-kac-kisi-eklenir-2-1024x536.jpg 1024w, https:\/\/sosyalevin.com\/blog\/wp-content\/uploads\/2022\/07\/facebookta-bir-gunde-kac-kisi-eklenir-2-768x402.jpg 768w\" sizes=\"(max-width: 1200px) 100vw, 1200px\" \/><figcaption id=\"caption-attachment-3366\" class=\"wp-caption-text\">Facebook&#8217;ta Bir G\u00fcnde Ka\u00e7 Ki\u015fi Eklenir?<\/figcaption><\/figure>\n<div id=\"ez-toc-container\" class=\"ez-toc-v2_0_82_2 counter-hierarchy ez-toc-counter ez-toc-grey ez-toc-container-direction\">\n<div class=\"ez-toc-title-container\"><p class=\"ez-toc-title\" style=\"cursor:inherit\">\u0130\u00e7indekiler<\/p>\n<\/div><nav><ul class='ez-toc-list ez-toc-list-level-1 ' ><li class='ez-toc-page-1 ez-toc-heading-level-2'><a class=\"ez-toc-link ez-toc-heading-1\" href=\"https:\/\/sosyalevin.com\/blog\/facebookta-bir-gunde-kac-kisi-eklenir\/#Facebook-Limit-Uyarisi-Verdiginde-Ne-Yapmaliyiz\" >Facebook Limit Uyar\u0131s\u0131 Verdi\u011finde Ne Yapmal\u0131y\u0131z?<\/a><\/li><li class='ez-toc-page-1 ez-toc-heading-level-2'><a class=\"ez-toc-link ez-toc-heading-2\" href=\"https:\/\/sosyalevin.com\/blog\/facebookta-bir-gunde-kac-kisi-eklenir\/#Arkadaslarimda-Dusme-Olursa-Sebebi-Nedir\" >Arkada\u015flar\u0131mda D\u00fc\u015fme Olursa Sebebi Nedir?<\/a><\/li><li class='ez-toc-page-1 ez-toc-heading-level-2'><a class=\"ez-toc-link ez-toc-heading-3\" href=\"https:\/\/sosyalevin.com\/blog\/facebookta-bir-gunde-kac-kisi-eklenir\/#Facebookta-Bir-Gunde-Kac-Kisi-Eklenir\" >Facebook&#8217;ta Bir G\u00fcnde Ka\u00e7 Ki\u015fi Eklenir?<\/a><\/li><li class='ez-toc-page-1 ez-toc-heading-level-2'><a class=\"ez-toc-link ez-toc-heading-4\" href=\"https:\/\/sosyalevin.com\/blog\/facebookta-bir-gunde-kac-kisi-eklenir\/#Profilim-Kisitlanirsa-Ne-Yapmaliyim\" >Profilim K\u0131s\u0131tlan\u0131rsa Ne Yapmal\u0131y\u0131m?<\/a><\/li><li class='ez-toc-page-1 ez-toc-heading-level-2'><a class=\"ez-toc-link ez-toc-heading-5\" href=\"https:\/\/sosyalevin.com\/blog\/facebookta-bir-gunde-kac-kisi-eklenir\/#Sik-Sorulan-Sorular\" >S\u0131k Sorulan Sorular<\/a><ul class='ez-toc-list-level-3' ><li class='ez-toc-heading-level-3'><a class=\"ez-toc-link ez-toc-heading-6\" href=\"https:\/\/sosyalevin.com\/blog\/facebookta-bir-gunde-kac-kisi-eklenir\/#Limit-Sayisi-Arttirilabilir-mi\" >Limit Say\u0131s\u0131 Artt\u0131r\u0131labilir mi?<\/a><\/li><li class='ez-toc-page-1 ez-toc-heading-level-3'><a class=\"ez-toc-link ez-toc-heading-7\" href=\"https:\/\/sosyalevin.com\/blog\/facebookta-bir-gunde-kac-kisi-eklenir\/#Facebook-Takipci-Sayisi-Arttirilabilir-mi\" >Facebook Takip\u00e7i Say\u0131s\u0131 Artt\u0131r\u0131labilir mi?<\/a><\/li><\/ul><\/li><\/ul><\/nav><\/div>\n<h2><span class=\"ez-toc-section\" id=\"Facebook-Limit-Uyarisi-Verdiginde-Ne-Yapmaliyiz\"><\/span>Facebook Limit Uyar\u0131s\u0131 Verdi\u011finde Ne Yapmal\u0131y\u0131z?<span class=\"ez-toc-section-end\"><\/span><\/h2>\n<p>Facebook firmas\u0131 \u00f6zellikle yeni kurulan sayfalar\u0131n ve profillerin sald\u0131rgan \u00f6zellikler bar\u0131nd\u0131ran davran\u0131\u015flar sergilemesini istememektedir. G\u00fcnl\u00fck arkada\u015f ekleme ve be\u011feni yapma kotas\u0131 bu y\u00fczden yeni profiller de olduk\u00e7a k\u0131s\u0131tl\u0131d\u0131r. A\u00e7\u0131lal\u0131 hen\u00fcz bir ka\u00e7 hafta olan profiller g\u00fcnde en fazla 50 be\u011feni yapabiliyorken 250 ki\u015fiye kadar sayfay\u0131 arkada\u015f olarak ekleyebilir.<\/p>\n<p>Zaman ge\u00e7tik\u00e7e ve a\u00e7t\u0131\u011f\u0131n\u0131z sayfan\u0131n ya\u015f\u0131 artt\u0131k\u00e7a daha fazla ki\u015fiyi ekleyebilir ve b\u00fcy\u00fck gruplara eri\u015febilirsiniz. E\u011fer sald\u0131rgan tutumlu davran\u0131\u015flar devam ediyor ve g\u00fcn i\u00e7erisinde \u00e7ok h\u0131zl\u0131 bir \u015fekilde be\u011feniler yaparak ve arkada\u015f eklemeler yaparak limitleri zorluyorsan\u0131z Facebook bu durumu fark ederek profilinizi k\u0131s\u0131tlayacakt\u0131r.<\/p>\n<p>K\u0131s\u0131tlama genel olarak bir haftal\u0131k be\u011feni ve payla\u015f\u0131m yapamama cezas\u0131 ile birlikte gelecektir. Bu s\u00fcrede herhangi bir g\u00f6nderiyi be\u011fenemezsiniz ve payla\u015f\u0131m yapamazs\u0131n\u0131z. E\u011fer uyar\u0131lara ra\u011fmen payla\u015f\u0131m yapmaya \u00e7al\u0131\u015f\u0131rsan\u0131z profiliniz tamamen kilitlenecek ve kullan\u0131lmaz hale gelecektir. Bu tip durumlar\u0131n ya\u015fanmamas\u0131 i\u00e7in limitlerin alt\u0131nda hareket etmeniz de fayda vard\u0131r.<\/p>\n<h2><span class=\"ez-toc-section\" id=\"Arkadaslarimda-Dusme-Olursa-Sebebi-Nedir\"><\/span>Arkada\u015flar\u0131mda D\u00fc\u015fme Olursa Sebebi Nedir?<span class=\"ez-toc-section-end\"><\/span><\/h2>\n<p>Facebook bir arkada\u015flar aras\u0131 ileti\u015fim kurma platformudur. Arkada\u015flar kendi aralar\u0131nda g\u00f6nderileri be\u011fenebilir, sohbet odas\u0131 a\u00e7abilir ve b\u00f6ylelikle birbirine besledikleri \u00f6zlem duygusunu sanal ortam da giderebilir. Bununla birlikte facebook firmalar taraf\u0131ndan da yo\u011funlukla kullan\u0131lan bir pazarlama alan\u0131d\u0131r.<\/p>\n<p>Firmalar \u00fcr\u00fcnlerini bu platforma koyarak reklamlar\u0131n\u0131 yaparlar ve y\u00fcksek rakaml\u0131 kitlelere ula\u015fmaya \u00e7al\u0131\u015f\u0131rlar. Sizin de bu platformda ekledi\u011finiz arkada\u015f say\u0131n\u0131z da d\u00fc\u015fmeler ya\u015fan\u0131yor ve s\u00fcrekli arkada\u015f kaybediyorsan\u0131z bu durum a\u015fa\u011f\u0131 da var olan nedenlerle meydana gelmektedir;<\/p>\n<ul>\n<li>Ahlak ve etik d\u0131\u015f\u0131 payla\u015f\u0131m yap\u0131lmas\u0131<\/li>\n<li>Tan\u0131mad\u0131\u011f\u0131n\u0131z ki\u015fileri eklemeniz<\/li>\n<\/ul>\n<p>Sizi tan\u0131mayan ki\u015filer arkada\u015fl\u0131ktan \u00e7\u0131kabilir yada g\u00f6nderileriniz genel s\u0131n\u0131rlar\u0131n d\u0131\u015f\u0131nda ise insanlar\u0131n sizi arkada\u015fl\u0131ktan \u00e7\u0131karmas\u0131na sebep olabilir. Arkada\u015flar\u0131n\u0131z\u0131n kal\u0131c\u0131 halde devam etmesi i\u00e7in ekledi\u011finiz ki\u015filer ile ileti\u015fim kurman\u0131z son derece \u00f6nemlidir.<\/p>\n<figure id=\"attachment_3364\" aria-describedby=\"caption-attachment-3364\" style=\"width: 1200px\" class=\"wp-caption aligncenter\"><img decoding=\"async\" class=\"wp-image-3364 size-full\" src=\"https:\/\/sosyalevin.com\/blog\/wp-content\/uploads\/2022\/07\/facebookta-bir-gunde-kac-kisi-eklenir.jpg\" alt=\"Facebook&#039;ta Bir G\u00fcnde Ka\u00e7 Ki\u015fi Eklenir?\" width=\"1200\" height=\"628\" title=\"\" srcset=\"https:\/\/sosyalevin.com\/blog\/wp-content\/uploads\/2022\/07\/facebookta-bir-gunde-kac-kisi-eklenir.jpg 1200w, https:\/\/sosyalevin.com\/blog\/wp-content\/uploads\/2022\/07\/facebookta-bir-gunde-kac-kisi-eklenir-300x157.jpg 300w, https:\/\/sosyalevin.com\/blog\/wp-content\/uploads\/2022\/07\/facebookta-bir-gunde-kac-kisi-eklenir-1024x536.jpg 1024w, https:\/\/sosyalevin.com\/blog\/wp-content\/uploads\/2022\/07\/facebookta-bir-gunde-kac-kisi-eklenir-768x402.jpg 768w\" sizes=\"(max-width: 1200px) 100vw, 1200px\" \/><figcaption id=\"caption-attachment-3364\" class=\"wp-caption-text\">Facebook&#8217;ta Bir G\u00fcnde Ka\u00e7 Ki\u015fi Eklenir?<\/figcaption><\/figure>\n<h2><span class=\"ez-toc-section\" id=\"Facebookta-Bir-Gunde-Kac-Kisi-Eklenir\"><\/span>Facebook&#8217;ta Bir G\u00fcnde Ka\u00e7 Ki\u015fi Eklenir?<span class=\"ez-toc-section-end\"><\/span><\/h2>\n<p>Facebook bir\u00e7ok platform gibi s\u0131n\u0131rs\u0131z arkada\u015f ekleme \u00f6zelli\u011fine sahip bir mecra de\u011fildir. <strong>Arkada\u015f ekleme \u00fcst limiti 5.000 ki\u015fidir.<\/strong> Bir\u00e7ok ki\u015fi bu limiti doldurmak konusunda zaten sorun ya\u015famakta oldu\u011fundan limit olduk\u00e7a yeterlidir.<\/p>\n<h2><span class=\"ez-toc-section\" id=\"Profilim-Kisitlanirsa-Ne-Yapmaliyim\"><\/span>Profilim K\u0131s\u0131tlan\u0131rsa Ne Yapmal\u0131y\u0131m?<span class=\"ez-toc-section-end\"><\/span><\/h2>\n<p>Profilinizin k\u0131s\u0131tlanmas\u0131 sald\u0131rgan tutumlardan yada bir\u00e7ok ki\u015fiyi ayn\u0131 anda eklemenizden kaynaklanan s\u00fcreli k\u0131s\u0131tlanmalard\u0131r. Bu k\u0131s\u0131tlanmalar genel itibariyle tarih i\u00e7erdi\u011finden k\u0131s\u0131tlanma tarihinin biti\u015fini beklemek en do\u011fru se\u00e7enek olacakt\u0131r.<\/p>\n<p>K\u0131s\u0131tlanma tarihi bittikten sonra benzer davran\u0131\u015flar da bulunmaman\u0131z ve profilinizi olduk\u00e7a s\u0131n\u0131rl\u0131 kullanman\u0131z tavsiye edilmektedir. Profiliniz birden fazla kez k\u0131s\u0131tlanma cezas\u0131 al\u0131rsa kara listeye d\u00fc\u015fecek ve b\u00f6ylelikle ilerleyen d\u00f6nemler de tamamen kapanmas\u0131 s\u00f6z konusu olacakt\u0131r. Tamamen kapanan profiller bir daha kesinlikle yeniden aktif hale getirilmemektedir.<\/p>\n<p>Ayr\u0131ca Facebook taraf\u0131ndan yay\u0131nlanm\u0131\u015f olan bu i\u00e7eri\u011fi okuyabilirsiniz: <a href=\"https:\/\/www.facebook.com\/help\/211926158839933\" target=\"_blank\" rel=\"noopener\">Facebook&#8217;ta arkada\u015fl\u0131k iste\u011fi g\u00f6nderilememesi veya arkada\u015fl\u0131k iste\u011finin kabul edilememesi<\/a><\/p>\n<h2><span class=\"ez-toc-section\" id=\"Sik-Sorulan-Sorular\"><\/span>S\u0131k Sorulan Sorular<span class=\"ez-toc-section-end\"><\/span><\/h2>\n\n\t\t<div class=\"clearfix\"><\/div>\n\t\t<div class=\"toggle tie-sc-open\">\n\t\t\t<h3 class=\"toggle-head\"><span class=\"ez-toc-section\" id=\"Limit-Sayisi-Arttirilabilir-mi\"><\/span>Limit Say\u0131s\u0131 Artt\u0131r\u0131labilir mi? <span class=\"fa fa-angle-down\" aria-hidden=\"true\"><\/span><span class=\"ez-toc-section-end\"><\/span><\/h3>\n\t\t\t<div class=\"toggle-content\">Hay\u0131r, artt\u0131rma i\u015flemi sa\u011flayamazs\u0131n\u0131z. Facebook&#8217;un kurallar\u0131 gere\u011fi s\u0131n\u0131r 5.000&#8217;dir.\n\t\t\t<\/div>\n\t\t<\/div>\n\t\n\n\t\t<div class=\"clearfix\"><\/div>\n\t\t<div class=\"toggle tie-sc-open\">\n\t\t\t<h3 class=\"toggle-head\"><span class=\"ez-toc-section\" id=\"Facebook-Takipci-Sayisi-Arttirilabilir-mi\"><\/span>Facebook Takip\u00e7i Say\u0131s\u0131 Artt\u0131r\u0131labilir mi? <span class=\"fa fa-angle-down\" aria-hidden=\"true\"><\/span><span class=\"ez-toc-section-end\"><\/span><\/h3>\n\t\t\t<div class=\"toggle-content\">Tabiki de art\u0131rmak m\u00fcmk\u00fcnd\u00fcr. Sosyal Evin sayesinde <a href=\"https:\/\/sosyalevin.com\/facebook-takipci-satin-al\/\" target=\"_blank\" rel=\"noopener\"><strong>Facebook Takip\u00e7i Sat\u0131n Al<\/strong><\/a> paketlerini inceleyebilirsiniz.\n\t\t\t<\/div>\n\t\t<\/div>\n\t\n","protected":false},"excerpt":{"rendered":"<p>G\u00fcn\u00fcm\u00fczde arkada\u015flar\u0131n birbirini buldu\u011fu, g\u00f6nderilerine yorum yapt\u0131\u011f\u0131, sanal olarak hasret giderdi\u011fi platform olarak Facebook&#8217;u kullanan bireyler Facebook&#8217;ta bir g\u00fcnde ka\u00e7 ki\u015fi eklenir? Sorusunu merak etmektedir. Meta isimli Amerika men\u015feili bir teknoloji \u015firketine ait olan Facebook \u015firketi d\u00fcnyan\u0131n en sayg\u0131n ve pop\u00fcler sosyal medya \u015firketi olma durumunu s\u00fcrd\u00fcrmektedir. 2004 y\u0131l\u0131nda Amerika Birle\u015fik Devletleri \u00fczerinde kurulan \u015firketin &hellip;<\/p>\n","protected":false},"author":1,"featured_media":3365,"comment_status":"open","ping_status":"closed","sticky":false,"template":"","format":"standard","meta":{"footnotes":""},"categories":[80],"tags":[],"class_list":["post-3353","post","type-post","status-publish","format-standard","has-post-thumbnail","hentry","category-facebook-destek"],"_links":{"self":[{"href":"https:\/\/sosyalevin.com\/blog\/wp-json\/wp\/v2\/posts\/3353","targetHints":{"allow":["GET"]}}],"collection":[{"href":"https:\/\/sosyalevin.com\/blog\/wp-json\/wp\/v2\/posts"}],"about":[{"href":"https:\/\/sosyalevin.com\/blog\/wp-json\/wp\/v2\/types\/post"}],"author":[{"embeddable":true,"href":"https:\/\/sosyalevin.com\/blog\/wp-json\/wp\/v2\/users\/1"}],"replies":[{"embeddable":true,"href":"https:\/\/sosyalevin.com\/blog\/wp-json\/wp\/v2\/comments?post=3353"}],"version-history":[{"count":1,"href":"https:\/\/sosyalevin.com\/blog\/wp-json\/wp\/v2\/posts\/3353\/revisions"}],"predecessor-version":[{"id":6592,"href":"https:\/\/sosyalevin.com\/blog\/wp-json\/wp\/v2\/posts\/3353\/revisions\/6592"}],"wp:featuredmedia":[{"embeddable":true,"href":"https:\/\/sosyalevin.com\/blog\/wp-json\/wp\/v2\/media\/3365"}],"wp:attachment":[{"href":"https:\/\/sosyalevin.com\/blog\/wp-json\/wp\/v2\/media?parent=3353"}],"wp:term":[{"taxonomy":"category","embeddable":true,"href":"https:\/\/sosyalevin.com\/blog\/wp-json\/wp\/v2\/categories?post=3353"},{"taxonomy":"post_tag","embeddable":true,"href":"https:\/\/sosyalevin.com\/blog\/wp-json\/wp\/v2\/tags?post=3353"}],"curies":[{"name":"wp","href":"https:\/\/api.w.org\/{rel}","templated":true}]}}