{"id":3393,"date":"2022-08-13T03:17:58","date_gmt":"2022-08-13T00:17:58","guid":{"rendered":"https:\/\/sosyalevin.com\/blog\/?p=3393"},"modified":"2025-12-22T19:50:12","modified_gmt":"2025-12-22T16:50:12","slug":"facebook-beni-takip-edenleri-nasil-gorebilirim","status":"publish","type":"post","link":"https:\/\/sosyalevin.com\/blog\/facebook-beni-takip-edenleri-nasil-gorebilirim\/","title":{"rendered":"Facebook Beni Takip Edenleri Nas\u0131l G\u00f6rebilirim?"},"content":{"rendered":"<p>Facebook\u2019un, di\u011fer sosyal medya mecralar\u0131ndan ayr\u0131lan takip\u00e7i \u00f6zelli\u011fiyle birlikte bir s\u00fcredir <strong>\u201cFacebook beni takip edenleri nas\u0131l g\u00f6rebilirim?\u201d<\/strong> sorusu kullan\u0131c\u0131lar\u0131n\u0131n kafas\u0131n\u0131 kurcal\u0131yor. \u00c7\u00fcnk\u00fc Facebook\u2019un listemize arkada\u015f olarak ekleyemedi\u011fimiz ki\u015filerin hesaplar\u0131n\u0131 takip etme imk\u00e2n\u0131 sunmas\u0131 onu di\u011fer sosyal medya sitelerinden farkl\u0131 k\u0131l\u0131yor.<\/p>\n<div id=\"ez-toc-container\" class=\"ez-toc-v2_0_82_2 counter-hierarchy ez-toc-counter ez-toc-grey ez-toc-container-direction\">\n<div class=\"ez-toc-title-container\"><p class=\"ez-toc-title\" style=\"cursor:inherit\">\u0130\u00e7indekiler<\/p>\n<\/div><nav><ul class='ez-toc-list ez-toc-list-level-1 ' ><li class='ez-toc-page-1 ez-toc-heading-level-2'><a class=\"ez-toc-link ez-toc-heading-1\" href=\"https:\/\/sosyalevin.com\/blog\/facebook-beni-takip-edenleri-nasil-gorebilirim\/#Facebook-Beni-Takip-Edenleri-Nasil-Gorebilirim\" >Facebook Beni Takip Edenleri Nas\u0131l G\u00f6rebilirim?<\/a><ul class='ez-toc-list-level-3' ><li class='ez-toc-heading-level-3'><a class=\"ez-toc-link ez-toc-heading-2\" href=\"https:\/\/sosyalevin.com\/blog\/facebook-beni-takip-edenleri-nasil-gorebilirim\/#Bilgisayar-Uzerinden-Facebook-Takipcileri-Nasil-Gorulur\" >Bilgisayar \u00dczerinden Facebook Takip\u00e7ileri Nas\u0131l G\u00f6r\u00fcl\u00fcr?<\/a><\/li><li class='ez-toc-page-1 ez-toc-heading-level-3'><a class=\"ez-toc-link ez-toc-heading-3\" href=\"https:\/\/sosyalevin.com\/blog\/facebook-beni-takip-edenleri-nasil-gorebilirim\/#Telefon-Uzerinden-Facebook-Takipcileri-Nasil-Gorulur\" >Telefon \u00dczerinden Facebook Takip\u00e7ileri Nas\u0131l G\u00f6r\u00fcl\u00fcr?<\/a><\/li><\/ul><\/li><li class='ez-toc-page-1 ez-toc-heading-level-2'><a class=\"ez-toc-link ez-toc-heading-4\" href=\"https:\/\/sosyalevin.com\/blog\/facebook-beni-takip-edenleri-nasil-gorebilirim\/#Facebookun-Takip-Ozelligi-Nasildir\" >Facebook\u2019un Takip \u00d6zelli\u011fi Nas\u0131ld\u0131r?<\/a><\/li><li class='ez-toc-page-1 ez-toc-heading-level-2'><a class=\"ez-toc-link ez-toc-heading-5\" href=\"https:\/\/sosyalevin.com\/blog\/facebook-beni-takip-edenleri-nasil-gorebilirim\/#Birini-Facebookta-Takip-Ederseniz-Ne-Olur\" >Birini Facebook\u2019ta Takip Ederseniz Ne Olur?<\/a><\/li><li class='ez-toc-page-1 ez-toc-heading-level-2'><a class=\"ez-toc-link ez-toc-heading-6\" href=\"https:\/\/sosyalevin.com\/blog\/facebook-beni-takip-edenleri-nasil-gorebilirim\/#Birini-Facebookta-Takip-Etmekten-Cikarsaniz-Ne-Olur\" >Birini Facebook\u2019ta Takip Etmekten \u00c7\u0131karsan\u0131z Ne Olur?<\/a><\/li><li class='ez-toc-page-1 ez-toc-heading-level-2'><a class=\"ez-toc-link ez-toc-heading-7\" href=\"https:\/\/sosyalevin.com\/blog\/facebook-beni-takip-edenleri-nasil-gorebilirim\/#Sik-Sorulan-Sorular\" >S\u0131k Sorulan Sorular<\/a><ul class='ez-toc-list-level-3' ><li class='ez-toc-heading-level-3'><a class=\"ez-toc-link ez-toc-heading-8\" href=\"https:\/\/sosyalevin.com\/blog\/facebook-beni-takip-edenleri-nasil-gorebilirim\/#Facebook-Takipci-Sayisini-Arttirmak-Mumkun-mu\" >Facebook Takip\u00e7i Say\u0131s\u0131n\u0131 Artt\u0131rmak M\u00fcmk\u00fcn m\u00fc?<\/a><\/li><\/ul><\/li><\/ul><\/nav><\/div>\n<h2><span class=\"ez-toc-section\" id=\"Facebook-Beni-Takip-Edenleri-Nasil-Gorebilirim\"><\/span>Facebook Beni Takip Edenleri Nas\u0131l G\u00f6rebilirim?<span class=\"ez-toc-section-end\"><\/span><\/h2>\n<p>Hem bilgisayar \u00fczerinden hem de telefon \u00fczerinden bunu g\u00f6rmek m\u00fcmk\u00fcnd\u00fcr. \u0130\u015fte b\u00fct\u00fcn detaylar.<\/p>\n<h3><span class=\"ez-toc-section\" id=\"Bilgisayar-Uzerinden-Facebook-Takipcileri-Nasil-Gorulur\"><\/span>Bilgisayar \u00dczerinden Facebook Takip\u00e7ileri Nas\u0131l G\u00f6r\u00fcl\u00fcr?<span class=\"ez-toc-section-end\"><\/span><\/h3>\n<p><em>Takip\u00e7ileri g\u00f6rmek i\u00e7in bilgisayar kullan\u0131lacaksa s\u0131ras\u0131yla a\u015fa\u011f\u0131daki i\u015flemler takip edilmelidir:<\/em><\/p>\n<ol>\n<li>\u0130lk olarak masa\u00fcst\u00fcnden internet taray\u0131c\u0131s\u0131 a\u00e7\u0131l\u0131r.<\/li>\n<li><a href=\"https:\/\/www.facebook.com\/\" target=\"_blank\" rel=\"noopener\">Facebook Profil<\/a> sayfas\u0131na gidilir.<\/li>\n<li>Kapak foto\u011fraf\u0131n\u0131n alt k\u0131sm\u0131nda bulunan <strong>Arkada\u015flar<\/strong> sekmesine t\u0131klan\u0131r.<\/li>\n<li>Bu b\u00f6l\u00fcm\u00fcn alt\u0131nda yer alan <strong>Takip\u00e7iler<\/strong> sekmesi a\u00e7\u0131l\u0131r.<\/li>\n<\/ol>\n<p>Bu b\u00f6l\u00fcme giri\u015f yap\u0131ld\u0131\u011f\u0131nda kullan\u0131c\u0131n\u0131n kar\u015f\u0131s\u0131na t\u00fcm arkada\u015flar\u0131n\u0131n bir listesi \u00e7\u0131kar.<\/p>\n<ol>\n<li>Takip\u00e7ilerin tamam\u0131 g\u00f6r\u00fclmek isteniyorsa <strong>Arkada\u015flar<\/strong> sekmesinin sa\u011f taraf\u0131nda ve alt k\u0131sm\u0131nda bulunan <strong>Takip\u00e7iler<\/strong> b\u00f6l\u00fcm\u00fcne gidilir.<\/li>\n<li>E\u011fer kullan\u0131c\u0131n\u0131n kar\u015f\u0131s\u0131nda Takip\u00e7iler \u015feklinde bir se\u00e7enek belirmiyorsa <strong>Arkada\u015flar<\/strong> b\u00f6l\u00fcm\u00fcne ula\u015f\u0131p ekranda beliren \u201c<strong>Daha Fazla<\/strong>\u201d k\u0131sm\u0131na girerek \u201c<strong>Takip\u00e7iler<\/strong>\u201d sayfas\u0131na eri\u015febilir.<\/li>\n<\/ol>\n<p>A\u015famalar s\u0131ras\u0131yla takip edildi\u011finde Facebook kullan\u0131c\u0131s\u0131, profilini takip edenlerin ayr\u0131nt\u0131l\u0131 bir listesini g\u00f6r\u00fcnt\u00fclemi\u015f olur.<\/p>\n<figure id=\"attachment_3395\" aria-describedby=\"caption-attachment-3395\" style=\"width: 1200px\" class=\"wp-caption aligncenter\"><img decoding=\"async\" class=\"wp-image-3395 size-full\" src=\"https:\/\/sosyalevin.com\/blog\/wp-content\/uploads\/2022\/07\/facebook-beni-takip-edenleri-nasil-gorebilirim-1.jpg\" alt=\"Facebook Beni Takip Edenleri Nas\u0131l G\u00f6rebilirim?\" width=\"1200\" height=\"800\" title=\"\" srcset=\"https:\/\/sosyalevin.com\/blog\/wp-content\/uploads\/2022\/07\/facebook-beni-takip-edenleri-nasil-gorebilirim-1.jpg 1200w, https:\/\/sosyalevin.com\/blog\/wp-content\/uploads\/2022\/07\/facebook-beni-takip-edenleri-nasil-gorebilirim-1-300x200.jpg 300w, https:\/\/sosyalevin.com\/blog\/wp-content\/uploads\/2022\/07\/facebook-beni-takip-edenleri-nasil-gorebilirim-1-1024x683.jpg 1024w, https:\/\/sosyalevin.com\/blog\/wp-content\/uploads\/2022\/07\/facebook-beni-takip-edenleri-nasil-gorebilirim-1-768x512.jpg 768w\" sizes=\"(max-width: 1200px) 100vw, 1200px\" \/><figcaption id=\"caption-attachment-3395\" class=\"wp-caption-text\">Facebook Beni Takip Edenleri Nas\u0131l G\u00f6rebilirim?<\/figcaption><\/figure>\n<h3><span class=\"ez-toc-section\" id=\"Telefon-Uzerinden-Facebook-Takipcileri-Nasil-Gorulur\"><\/span>Telefon \u00dczerinden Facebook Takip\u00e7ileri Nas\u0131l G\u00f6r\u00fcl\u00fcr?<span class=\"ez-toc-section-end\"><\/span><\/h3>\n<p>Telefon arac\u0131l\u0131\u011f\u0131yla sosyal medya uygulamalar\u0131na giri\u015f yapan ve \u201c<strong>Facebook beni takip edenleri nas\u0131l g\u00f6rebilirim?\u201d<\/strong> diyen kullan\u0131c\u0131 \u015fu ad\u0131mlar\u0131 izleyebilir:<\/p>\n<ol>\n<li>Android ya da iPhone marka cihaz \u00fczerinden <strong>Facebook<\/strong> mobil uygulamas\u0131na giri\u015f yap\u0131l\u0131r.<\/li>\n<li>Uygulamaya giri\u015f sa\u011fland\u0131ktan sonra kullan\u0131c\u0131 kar\u015f\u0131s\u0131nda \u201c<strong>Yatay \u00fc\u00e7 adet \u00e7izgi<\/strong>\u201d g\u00f6r\u00fcr ve \u00e7\u0131kan <strong>sembole<\/strong> dokunulur.<\/li>\n<li>Kullan\u0131c\u0131 simgeye dokunduktan sonra kar\u015f\u0131s\u0131na kendi ad\u0131 \u00e7\u0131kar, kullan\u0131c\u0131 ayn\u0131 \u015fekilde <strong>kendi ad\u0131na da dokunur.<\/strong><\/li>\n<li>Facebook kullan\u0131c\u0131s\u0131, profiline giri\u015f yapt\u0131ktan sonra sayfay\u0131 biraz a\u015fa\u011f\u0131ya kayd\u0131r\u0131r ve \u201c<strong>Hakk\u0131nda<\/strong>\u201d yazan b\u00f6l\u00fcme giri\u015f yapar. Bu yer, \u201c<strong>Foto\u011fraflar<\/strong>\u201d k\u0131sm\u0131n\u0131n sol yan\u0131nda yer al\u0131r.<\/li>\n<li>\u201c<strong>\u2026ki\u015fi takip ediyor.<\/strong>\u201d sekmesine t\u0131klan\u0131r, takip\u00e7ilerin say\u0131s\u0131 \u201c<strong>Hakk\u0131nda<\/strong>\u201d k\u0131sm\u0131n\u0131n yukar\u0131 b\u00f6l\u00fcm\u00fcnde g\u00f6r\u00fclen \u201c<strong>Ki\u015fisel Bilgiler<\/strong>\u201d ba\u015fl\u0131\u011f\u0131yla kullan\u0131c\u0131n\u0131n kar\u015f\u0131s\u0131na \u00e7\u0131kar. T\u00fcm takip\u00e7iler g\u00f6r\u00fcnt\u00fclenmek istenir ise a\u00e7mak \u00fczere bu b\u00f6l\u00fcme dokunulur.<\/li>\n<\/ol>\n<p>T\u00fcm bu ad\u0131mlar izlendi\u011finde kullan\u0131c\u0131 rahatl\u0131kla kendisini takip edenlerin detayl\u0131 bir listesine ula\u015f\u0131r.<\/p>\n<p><iframe loading=\"lazy\" title=\"Facebookta Takip\u00e7ilerimi Nas\u0131l G\u00f6r\u00fcnt\u00fclerim Telefondan\" width=\"500\" height=\"281\" src=\"https:\/\/www.youtube.com\/embed\/SHfoE2p38uk?feature=oembed\" frameborder=\"0\" allow=\"accelerometer; autoplay; clipboard-write; encrypted-media; gyroscope; picture-in-picture; web-share\" referrerpolicy=\"strict-origin-when-cross-origin\" allowfullscreen><\/iframe><\/p>\n<h2><span class=\"ez-toc-section\" id=\"Facebookun-Takip-Ozelligi-Nasildir\"><\/span>Facebook\u2019un Takip \u00d6zelli\u011fi Nas\u0131ld\u0131r?<span class=\"ez-toc-section-end\"><\/span><\/h2>\n<p>Facebook, kullan\u0131c\u0131lar\u0131na arkada\u015f listesine ekleyemedi\u011fi ki\u015fileri takip etme f\u0131rsat\u0131 sunuyor, ayn\u0131 \u015fekilde kullan\u0131c\u0131lar\u0131na istedi\u011fi ki\u015fiyi takipten \u00e7\u0131kma ve \u00e7\u0131karma olana\u011f\u0131n\u0131 da veriyor. Profil sahibi, \u201c<strong>Facebook beni takip edenleri nas\u0131l g\u00f6rebilirim?\u201d<\/strong> hakk\u0131nda bilgi edinerek istedi\u011fi zaman takip\u00e7ilerine ula\u015fabilir, istedi\u011fi ki\u015fileri takipten \u00e7\u0131karabilir.<\/p>\n<h2><span class=\"ez-toc-section\" id=\"Birini-Facebookta-Takip-Ederseniz-Ne-Olur\"><\/span>Birini Facebook\u2019ta Takip Ederseniz Ne Olur?<span class=\"ez-toc-section-end\"><\/span><\/h2>\n<p>Bir sayfay\u0131 veya kullan\u0131c\u0131y\u0131 takip etti\u011finizde o sayfayla ilgili g\u00fcncellemeler sizin ana sayfan\u0131za d\u00fc\u015fmeye ba\u015flar, i\u00e7erik ak\u0131\u015f\u0131 i\u00e7erisinde bu bilgileri g\u00f6rebilirsiniz. Bir sayfay\u0131 be\u011fendi\u011finiz zaman veya biriyle arkada\u015f oldu\u011funu zaman da o sayfay\u0131 veya ki\u015fiyi otomatik bir \u015fekilde takip etmi\u015f olursunuz. Be\u011fendi\u011finiz, takip etti\u011finiz sayfa veya ki\u015filerin i\u00e7eriklerini daha \u00e7ok g\u00f6rmek isterseniz favoriler \u00f6zelli\u011finden faydalanabilirsiniz.<\/p>\n<figure id=\"attachment_3396\" aria-describedby=\"caption-attachment-3396\" style=\"width: 1200px\" class=\"wp-caption aligncenter\"><img decoding=\"async\" class=\"wp-image-3396 size-full\" src=\"https:\/\/sosyalevin.com\/blog\/wp-content\/uploads\/2022\/07\/facebook-beni-takip-edenleri-nasil-gorebilirim-2.jpeg\" alt=\"Facebook Beni Takip Edenleri Nas\u0131l G\u00f6rebilirim?\" width=\"1200\" height=\"800\" title=\"\" srcset=\"https:\/\/sosyalevin.com\/blog\/wp-content\/uploads\/2022\/07\/facebook-beni-takip-edenleri-nasil-gorebilirim-2.jpeg 1200w, https:\/\/sosyalevin.com\/blog\/wp-content\/uploads\/2022\/07\/facebook-beni-takip-edenleri-nasil-gorebilirim-2-300x200.jpeg 300w, https:\/\/sosyalevin.com\/blog\/wp-content\/uploads\/2022\/07\/facebook-beni-takip-edenleri-nasil-gorebilirim-2-1024x683.jpeg 1024w, https:\/\/sosyalevin.com\/blog\/wp-content\/uploads\/2022\/07\/facebook-beni-takip-edenleri-nasil-gorebilirim-2-768x512.jpeg 768w\" sizes=\"(max-width: 1200px) 100vw, 1200px\" \/><figcaption id=\"caption-attachment-3396\" class=\"wp-caption-text\">Facebook Beni Takip Edenleri Nas\u0131l G\u00f6rebilirim?<\/figcaption><\/figure>\n<h2><span class=\"ez-toc-section\" id=\"Birini-Facebookta-Takip-Etmekten-Cikarsaniz-Ne-Olur\"><\/span>Birini Facebook\u2019ta Takip Etmekten \u00c7\u0131karsan\u0131z Ne Olur?<span class=\"ez-toc-section-end\"><\/span><\/h2>\n<p>Facebook kullan\u0131c\u0131s\u0131, bir ki\u015fiyi takipten \u00e7\u0131kard\u0131ktan sonra art\u0131k o ki\u015finin g\u00f6nderilerini kendi zaman t\u00fcnelinde g\u00f6remez. E\u011fer kullan\u0131c\u0131 tekrar o ki\u015finin g\u00f6nderilerine g\u00f6z atmak isterse do\u011frudan takipten \u00e7\u0131kt\u0131\u011f\u0131 ki\u015finin profilini ziyaret etmesi gerekir.<\/p>\n<p>Bir ki\u015fiyi takipten \u00e7\u0131karmak ise o ki\u015fiyi arkada\u015f listesinden \u00e7\u0131karmak anlam\u0131na gelmiyor. \u00c7\u00fcnk\u00fc Facebook bize arkada\u015f olma ve takip etme \u00f6zelliklerini bir arada sundu\u011fu gibi bu \u00f6zelliklerden ayr\u0131 ayr\u0131 da faydalanmam\u0131z\u0131 sa\u011fl\u0131yor.<\/p>\n<p>Arkada\u015f listemizde bulunan bir kullan\u0131c\u0131 takipten \u00e7\u0131kar\u0131ld\u0131\u011f\u0131nda bunu kar\u015f\u0131 taraf\u0131n fark etmesi olduk\u00e7a zor g\u00f6r\u00fcn\u00fcyor. \u00c7\u00fcnk\u00fc birini takibi b\u0131rakt\u0131\u011f\u0131n\u0131zda Facebook o ki\u015fiye bildirim g\u00f6ndermiyor. Bu ki\u015finin kendisini takip edenleri g\u00f6rmesi i\u00e7in takip\u00e7iler sayfas\u0131na giderek listeyi tek tek incelemesi gerekiyor.<\/p>\n<h2><span class=\"ez-toc-section\" id=\"Sik-Sorulan-Sorular\"><\/span>S\u0131k Sorulan Sorular<span class=\"ez-toc-section-end\"><\/span><\/h2>\n\n\t\t<div class=\"clearfix\"><\/div>\n\t\t<div class=\"toggle tie-sc-open\">\n\t\t\t<h3 class=\"toggle-head\"><span class=\"ez-toc-section\" id=\"Facebook-Takipci-Sayisini-Arttirmak-Mumkun-mu\"><\/span>Facebook Takip\u00e7i Say\u0131s\u0131n\u0131 Artt\u0131rmak M\u00fcmk\u00fcn m\u00fc? <span class=\"fa fa-angle-down\" aria-hidden=\"true\"><\/span><span class=\"ez-toc-section-end\"><\/span><\/h3>\n\t\t\t<div class=\"toggle-content\">Evet, m\u00fcmk\u00fcnd\u00fcr. Sosyal Evin sayesinde takip\u00e7i say\u0131s\u0131 artt\u0131r\u0131labilir. Bunun i\u00e7in <a href=\"https:\/\/sosyalevin.com\/facebook-takipci-satin-al\/\" target=\"_blank\" rel=\"noopener\"><strong>Facebook Takip\u00e7i Sat\u0131n Al<\/strong><\/a> sayfas\u0131n\u0131 ziyaret edebilirsiniz.\n\t\t\t<\/div>\n\t\t<\/div>\n\t\n","protected":false},"excerpt":{"rendered":"<p>Facebook\u2019un, di\u011fer sosyal medya mecralar\u0131ndan ayr\u0131lan takip\u00e7i \u00f6zelli\u011fiyle birlikte bir s\u00fcredir \u201cFacebook beni takip edenleri nas\u0131l g\u00f6rebilirim?\u201d sorusu kullan\u0131c\u0131lar\u0131n\u0131n kafas\u0131n\u0131 kurcal\u0131yor. \u00c7\u00fcnk\u00fc Facebook\u2019un listemize arkada\u015f olarak ekleyemedi\u011fimiz ki\u015filerin hesaplar\u0131n\u0131 takip etme imk\u00e2n\u0131 sunmas\u0131 onu di\u011fer sosyal medya sitelerinden farkl\u0131 k\u0131l\u0131yor. Facebook Beni Takip Edenleri Nas\u0131l G\u00f6rebilirim? Hem bilgisayar \u00fczerinden hem de telefon \u00fczerinden bunu g\u00f6rmek &hellip;<\/p>\n","protected":false},"author":1,"featured_media":3394,"comment_status":"open","ping_status":"closed","sticky":false,"template":"","format":"standard","meta":{"footnotes":""},"categories":[80],"tags":[],"class_list":["post-3393","post","type-post","status-publish","format-standard","has-post-thumbnail","hentry","category-facebook-destek"],"_links":{"self":[{"href":"https:\/\/sosyalevin.com\/blog\/wp-json\/wp\/v2\/posts\/3393","targetHints":{"allow":["GET"]}}],"collection":[{"href":"https:\/\/sosyalevin.com\/blog\/wp-json\/wp\/v2\/posts"}],"about":[{"href":"https:\/\/sosyalevin.com\/blog\/wp-json\/wp\/v2\/types\/post"}],"author":[{"embeddable":true,"href":"https:\/\/sosyalevin.com\/blog\/wp-json\/wp\/v2\/users\/1"}],"replies":[{"embeddable":true,"href":"https:\/\/sosyalevin.com\/blog\/wp-json\/wp\/v2\/comments?post=3393"}],"version-history":[{"count":1,"href":"https:\/\/sosyalevin.com\/blog\/wp-json\/wp\/v2\/posts\/3393\/revisions"}],"predecessor-version":[{"id":6593,"href":"https:\/\/sosyalevin.com\/blog\/wp-json\/wp\/v2\/posts\/3393\/revisions\/6593"}],"wp:featuredmedia":[{"embeddable":true,"href":"https:\/\/sosyalevin.com\/blog\/wp-json\/wp\/v2\/media\/3394"}],"wp:attachment":[{"href":"https:\/\/sosyalevin.com\/blog\/wp-json\/wp\/v2\/media?parent=3393"}],"wp:term":[{"taxonomy":"category","embeddable":true,"href":"https:\/\/sosyalevin.com\/blog\/wp-json\/wp\/v2\/categories?post=3393"},{"taxonomy":"post_tag","embeddable":true,"href":"https:\/\/sosyalevin.com\/blog\/wp-json\/wp\/v2\/tags?post=3393"}],"curies":[{"name":"wp","href":"https:\/\/api.w.org\/{rel}","templated":true}]}}