{"id":3409,"date":"2022-08-10T16:50:08","date_gmt":"2022-08-10T13:50:08","guid":{"rendered":"https:\/\/sosyalevin.com\/blog\/?p=3409"},"modified":"2025-12-22T19:50:12","modified_gmt":"2025-12-22T16:50:12","slug":"facebook-arkadas-listemi-nasil-duzenlerim","status":"publish","type":"post","link":"https:\/\/sosyalevin.com\/blog\/facebook-arkadas-listemi-nasil-duzenlerim\/","title":{"rendered":"Facebook Arkada\u015f Listemi Nas\u0131l D\u00fczenlerim?"},"content":{"rendered":"<p>Kullan\u0131c\u0131 say\u0131s\u0131 her g\u00fcn artan sanal platformlardan biri olan facebook platformunda kullan\u0131c\u0131lar\u0131n<strong> Facebook arkada\u015f listemi nas\u0131l d\u00fczenlerim? <\/strong>ve <strong>Facebook Platformunda En Fazla Ka\u00e7 Arkada\u015f Eklenir?<\/strong> Sorusu zaman zaman g\u00fcndem olmaktad\u0131r. Facebook 2004 y\u0131l\u0131nda Amerika Birle\u015fik Devletleri s\u0131n\u0131rlar\u0131 i\u00e7erisinde arkada\u015f bulma ve sosyal \u00e7evre kazanma sitesi olarak kuruldu.<\/p>\n<p>Kurucular Harvard \u00fcniversitesinde e\u011fitim al\u0131rken sitenin pop\u00fcler olmas\u0131 ve para kazand\u0131rmas\u0131 ile birlikte e\u011fitim hayat\u0131n\u0131 sonland\u0131rd\u0131. Daha sonra Facebook d\u00fcnya \u00e7ap\u0131nda \u00fcn kazanarak global bir marka haline geldi. Bug\u00fcn aktif toplam da 2.3 milyar kay\u0131tl\u0131 kullan\u0131c\u0131s\u0131 vard\u0131r. \u00dclkemizde de bir hayli sevilen platform genel olarak orta ya\u015f \u00fcst\u00fc kullan\u0131c\u0131lara hizmet vermektedir.<\/p>\n<p><em>Orta ya\u015f \u00fcst\u00fc bireylerin Facebook kullanmay\u0131 se\u00e7mesinde ki nedenler;<\/em><\/p>\n<ul>\n<li>Sosyal \u00e7evrenin bu ya\u015f gruplar\u0131ndan olu\u015fmas\u0131<\/li>\n<li>Kullan\u0131m\u0131n\u0131n karma\u015f\u0131k olmay\u0131p herkes\u00e7e anla\u015f\u0131l\u0131r olmas\u0131<\/li>\n<li>Kullan\u0131m\u0131n\u0131n her zaman \u00fccretsiz olmas\u0131<\/li>\n<li>T\u00fcm mobil ya da masa\u00fcst\u00fc cihazlar ile oturum a\u00e7\u0131labilmesi<\/li>\n<\/ul>\n<p>Olarak s\u0131raland\u0131\u011f\u0131nda orta ya\u015f grubunun neden Facebook platformunu tercih etti\u011fi anla\u015f\u0131lmaktad\u0131r. Ayr\u0131ca platformun gen\u00e7ler taraf\u0131ndan ra\u011fbet g\u00f6rmemesinin nedeni olarak gizlilik ve mahremiyetin olmamas\u0131 olarak da a\u00e7\u0131klanabilir.<\/p>\n<p>Kullan\u0131c\u0131lar kendi isimleri ile kay\u0131t oldu\u011fundan ki\u015filer \u00e7ok pratik bir \u015fekilde bulunmakta ve g\u00f6nderileri kontrol edilmektedir. Bu da gen\u00e7lerin ebeveynlerinden ka\u00e7\u0131narak sosyal ya\u015famlar\u0131n\u0131 ya\u015famas\u0131n\u0131 engellemektedir. Di\u011fer platformlar da mahlas ya da kullan\u0131c\u0131 isimleri farkl\u0131 olabilirken Facebook uygulamas\u0131nda ki\u015filerin kendi isimleri ile kay\u0131t olmas\u0131 beklenmektedir.<\/p>\n<figure id=\"attachment_3411\" aria-describedby=\"caption-attachment-3411\" style=\"width: 1200px\" class=\"wp-caption alignnone\"><img decoding=\"async\" class=\"wp-image-3411 size-full\" src=\"https:\/\/sosyalevin.com\/blog\/wp-content\/uploads\/2022\/07\/facebook-profilimi-kim-takip-ediyor-1.jpg\" alt=\"Facebook Profilimi Kim Takip Ediyor?\" width=\"1200\" height=\"628\" title=\"\" srcset=\"https:\/\/sosyalevin.com\/blog\/wp-content\/uploads\/2022\/07\/facebook-profilimi-kim-takip-ediyor-1.jpg 1200w, https:\/\/sosyalevin.com\/blog\/wp-content\/uploads\/2022\/07\/facebook-profilimi-kim-takip-ediyor-1-300x157.jpg 300w, https:\/\/sosyalevin.com\/blog\/wp-content\/uploads\/2022\/07\/facebook-profilimi-kim-takip-ediyor-1-1024x536.jpg 1024w, https:\/\/sosyalevin.com\/blog\/wp-content\/uploads\/2022\/07\/facebook-profilimi-kim-takip-ediyor-1-768x402.jpg 768w\" sizes=\"(max-width: 1200px) 100vw, 1200px\" \/><figcaption id=\"caption-attachment-3411\" class=\"wp-caption-text\">Facebook Profilimi Kim Takip Ediyor?<\/figcaption><\/figure>\n<div id=\"ez-toc-container\" class=\"ez-toc-v2_0_82_2 counter-hierarchy ez-toc-counter ez-toc-grey ez-toc-container-direction\">\n<div class=\"ez-toc-title-container\"><p class=\"ez-toc-title\" style=\"cursor:inherit\">\u0130\u00e7indekiler<\/p>\n<\/div><nav><ul class='ez-toc-list ez-toc-list-level-1 ' ><li class='ez-toc-page-1 ez-toc-heading-level-2'><a class=\"ez-toc-link ez-toc-heading-1\" href=\"https:\/\/sosyalevin.com\/blog\/facebook-arkadas-listemi-nasil-duzenlerim\/#Facebook-Arkadas-Listemi-Nasil-Duzenlerim\" >Facebook Arkada\u015f Listemi Nas\u0131l D\u00fczenlerim?<\/a><\/li><li class='ez-toc-page-1 ez-toc-heading-level-2'><a class=\"ez-toc-link ez-toc-heading-2\" href=\"https:\/\/sosyalevin.com\/blog\/facebook-arkadas-listemi-nasil-duzenlerim\/#Facebook-Platformunda-En-Fazla-Kac-Arkadas-Eklenir\" >Facebook Platformunda En Fazla Ka\u00e7 Arkada\u015f Eklenir?<\/a><\/li><li class='ez-toc-page-1 ez-toc-heading-level-2'><a class=\"ez-toc-link ez-toc-heading-3\" href=\"https:\/\/sosyalevin.com\/blog\/facebook-arkadas-listemi-nasil-duzenlerim\/#Takip-Edenleri-Engellersem-Kendilerine-Bildirim-Gider-mi\" >Takip Edenleri Engellersem Kendilerine Bildirim Gider mi?<\/a><\/li><li class='ez-toc-page-1 ez-toc-heading-level-2'><a class=\"ez-toc-link ez-toc-heading-4\" href=\"https:\/\/sosyalevin.com\/blog\/facebook-arkadas-listemi-nasil-duzenlerim\/#Saldirgan-ve-Rahatsiz-Edici-Profilleri-Nasil-Engelleyebilirim\" >Sald\u0131rgan ve Rahats\u0131z Edici Profilleri Nas\u0131l Engelleyebilirim?<\/a><\/li><li class='ez-toc-page-1 ez-toc-heading-level-2'><a class=\"ez-toc-link ez-toc-heading-5\" href=\"https:\/\/sosyalevin.com\/blog\/facebook-arkadas-listemi-nasil-duzenlerim\/#Sik-Sorulan-Sorular\" >S\u0131k Sorulan Sorular<\/a><ul class='ez-toc-list-level-3' ><li class='ez-toc-heading-level-3'><a class=\"ez-toc-link ez-toc-heading-6\" href=\"https:\/\/sosyalevin.com\/blog\/facebook-arkadas-listemi-nasil-duzenlerim\/#Facebook-Takipci-Sayimi-Nasil-Arttirabilirim\" >Facebook Takip\u00e7i Say\u0131m\u0131 Nas\u0131l Artt\u0131rabilirim?<\/a><\/li><\/ul><\/li><\/ul><\/nav><\/div>\n<h2><span class=\"ez-toc-section\" id=\"Facebook-Arkadas-Listemi-Nasil-Duzenlerim\"><\/span>Facebook Arkada\u015f Listemi Nas\u0131l D\u00fczenlerim?<span class=\"ez-toc-section-end\"><\/span><\/h2>\n<p>Facebook \u00fclkemiz de son derece pop\u00fcler olan sosyal medya platformlar\u0131ndan biridir. Kullan\u0131c\u0131 say\u0131s\u0131 40 milyon ki\u015fiyi a\u015fm\u0131\u015f oldu\u011fundan hemen hemen herkes bu platformda bulunabilir.<\/p>\n<p>Bununla birlikte ki\u015filer birbirine \u00e7ok s\u0131k olarak arkada\u015fl\u0131k iste\u011fi g\u00f6nderebilir. E\u011fer tan\u0131mad\u0131\u011f\u0131n\u0131z birini arkada\u015f olarak ekleyip listenize ald\u0131\u011f\u0131n\u0131z da o ki\u015fi sizin t\u00fcm g\u00f6nderilerinizi g\u00f6rebilir ve sosyal medya hayat\u0131n\u0131za \u015fahitlik edebilir. Peki ya <strong>Facebook Arkada\u015f Listemi Nas\u0131l D\u00fczenlerim?\u00a0<\/strong>i\u015fte cevab\u0131.<\/p>\n<p>G\u00f6nderilerinizin arkada\u015flar\u0131n\u0131za ya da tan\u0131d\u0131klar\u0131n\u0131za \u00f6zel olarak kalmas\u0131n\u0131 istiyorsan\u0131z; profilinizi ayarlardan gizli olarak ayarlayabilirsiniz. B\u00f6ylelikle sizin arkada\u015f olarak eklemedi\u011finiz ki\u015filer g\u00f6nderilerinizi g\u00f6remez ve mahremiyet sa\u011flanm\u0131\u015f olur.<\/p>\n<h2><span class=\"ez-toc-section\" id=\"Facebook-Platformunda-En-Fazla-Kac-Arkadas-Eklenir\"><\/span>Facebook Platformunda En Fazla Ka\u00e7 Arkada\u015f Eklenir?<span class=\"ez-toc-section-end\"><\/span><\/h2>\n<p>Platform \u00f6ncelikle sadece tan\u0131d\u0131\u011f\u0131n\u0131z ki\u015fileri eklemeniz \u00fczerine kurulu bir mant\u0131\u011fa sahiptir. Bu nedenle bu platformda en fazla 5bin ki\u015fiyi arkada\u015f olarak ekleyebilirsiniz. E\u011fer tan\u0131nmak isteyen bir ki\u015fiyseniz ya da kendi \u00fcr\u00fcnlerinizi tan\u0131tt\u0131\u011f\u0131n\u0131z bir i\u015fletme sahibiyseniz kendinize facebook platformu \u00fczerinde bir sayfa a\u00e7arak arkada\u015flar\u0131n\u0131za sayfan\u0131z\u0131 takip ettirebilirsiniz. B\u00f6ylelikle sayfan\u0131z\u0131 takip edecek ki\u015filer \u00fczerinde bir k\u0131s\u0131tlama da bulunmamaktad\u0131r. Hatta sayfan\u0131z \u00fczerinden sponsorlu reklamlar verebilir ve takip\u00e7i say\u0131n\u0131z\u0131 artt\u0131rmay\u0131 da deneyebilirsiniz.<\/p>\n\n\t\t<div class=\"box note  \">\n\t\t\t<div class=\"box-inner-block\">\n\t\t\t\t<span class=\"fa tie-shortcode-boxicon\"><\/span>Ayr\u0131ca sizler i\u00e7in haz\u0131rlanan <a href=\"https:\/\/sosyalevin.com\/blog\/facebookta-5000-arkadas-olunca-ne-olur\/\" target=\"_blank\" rel=\"noopener\"><strong>Facebookta 5000 Arkada\u015f Olunca Ne Olur?<\/strong><\/a> isimli i\u00e7eri\u011fimizi okuman\u0131z\u0131 tavsiye ederiz.\n\t\t\t<\/div>\n\t\t<\/div>\n\t\n<figure id=\"attachment_3412\" aria-describedby=\"caption-attachment-3412\" style=\"width: 1200px\" class=\"wp-caption aligncenter\"><img decoding=\"async\" class=\"wp-image-3412 size-full\" src=\"https:\/\/sosyalevin.com\/blog\/wp-content\/uploads\/2022\/07\/facebook-profilimi-kim-takip-ediyor-2.jpg\" alt=\"Facebook Profilimi Kim Takip Ediyor?\" width=\"1200\" height=\"628\" title=\"\" srcset=\"https:\/\/sosyalevin.com\/blog\/wp-content\/uploads\/2022\/07\/facebook-profilimi-kim-takip-ediyor-2.jpg 1200w, https:\/\/sosyalevin.com\/blog\/wp-content\/uploads\/2022\/07\/facebook-profilimi-kim-takip-ediyor-2-300x157.jpg 300w, https:\/\/sosyalevin.com\/blog\/wp-content\/uploads\/2022\/07\/facebook-profilimi-kim-takip-ediyor-2-1024x536.jpg 1024w, https:\/\/sosyalevin.com\/blog\/wp-content\/uploads\/2022\/07\/facebook-profilimi-kim-takip-ediyor-2-768x402.jpg 768w\" sizes=\"(max-width: 1200px) 100vw, 1200px\" \/><figcaption id=\"caption-attachment-3412\" class=\"wp-caption-text\">Facebook Profilimi Kim Takip Ediyor?<\/figcaption><\/figure>\n<h2><span class=\"ez-toc-section\" id=\"Takip-Edenleri-Engellersem-Kendilerine-Bildirim-Gider-mi\"><\/span>Takip Edenleri Engellersem Kendilerine Bildirim Gider mi?<span class=\"ez-toc-section-end\"><\/span><\/h2>\n<p>Facebook uygulamas\u0131 \u00fczerinde rahats\u0131z edici davran\u0131\u015flar da bulunan ya da sald\u0131rgan tav\u0131rlar sergileyen ki\u015filer var ise onlar\u0131 hemen engelleyebilirsiniz. Engellenen ki\u015filere herhangi bir uyar\u0131 ya da bildirim gitmemektedir. Sizleri arkada\u015f olarak eklemeden takip eden ki\u015filer hakk\u0131nda Facebook herhangi bir analiz arac\u0131 geli\u015ftirmemi\u015ftir.<\/p>\n<p>Rahats\u0131zl\u0131k uyand\u0131r\u0131c\u0131 veya normal hayat\u0131n\u0131zda sevmedi\u011finiz ki\u015fileri bu uygulamada g\u00f6rmek istemiyorsan\u0131z direk isimlerini aratarak profillerine ula\u015fabilir ve engelleme i\u015flemi yapabilirsiniz. B\u00f6ylelikle ki\u015filerin sizi fark etmesini beklemeden onlar\u0131 sanal hayat\u0131n\u0131zdan da \u00e7\u0131kartm\u0131\u015f olursunuz.<\/p>\n<h2><span class=\"ez-toc-section\" id=\"Saldirgan-ve-Rahatsiz-Edici-Profilleri-Nasil-Engelleyebilirim\"><\/span>Sald\u0131rgan ve Rahats\u0131z Edici Profilleri Nas\u0131l Engelleyebilirim?<span class=\"ez-toc-section-end\"><\/span><\/h2>\n<p>\u00d6ncelikle bu ki\u015filerin sizi taciz etti\u011fi ya da ahlak s\u0131n\u0131rlar\u0131n\u0131 a\u015fan ithamlar da bulundu\u011funu d\u00fc\u015f\u00fcn\u00fcyorsan\u0131z \u00f6ncelikle hukuki y\u00f6ntemlere ba\u015fvurman\u0131z da her zaman fayda olacakt\u0131r. E\u011fer rahats\u0131z edici davran\u0131\u015flar\u0131 devam ediyor ve uyar\u0131lar\u0131n\u0131za ra\u011fmen vazge\u00e7miyorlar ise profillerine girerek arkada\u015flar\u0131mdan \u00e7\u0131kar se\u00e7ene\u011finden profilinizi g\u00f6rmelerini engelleyebilirsiniz. B\u00f6ylelikle ki\u015filerin sizin payla\u015f\u0131mlar\u0131n\u0131z\u0131 g\u00f6rmelerini engellemi\u015f ve rahats\u0131z edici tav\u0131rlar\u0131ndan uzak durmu\u015f olursunuz.<\/p>\n<p>Facebook taraf\u0131ndan yaz\u0131lan i\u00e7eri\u011fi bu ba\u011flant\u0131dan ula\u015fabilirsiniz: <a href=\"https:\/\/www.facebook.com\/help\/168009843260943\" target=\"_blank\" rel=\"noopener\">Facebook&#8217;ta birisinin profilinin veya Sayfas\u0131n\u0131n engellenmesi<\/a><\/p>\n<h2><span class=\"ez-toc-section\" id=\"Sik-Sorulan-Sorular\"><\/span>S\u0131k Sorulan Sorular<span class=\"ez-toc-section-end\"><\/span><\/h2>\n\n\t\t<div class=\"clearfix\"><\/div>\n\t\t<div class=\"toggle tie-sc-open\">\n\t\t\t<h3 class=\"toggle-head\"><span class=\"ez-toc-section\" id=\"Facebook-Takipci-Sayimi-Nasil-Arttirabilirim\"><\/span>Facebook Takip\u00e7i Say\u0131m\u0131 Nas\u0131l Artt\u0131rabilirim? <span class=\"fa fa-angle-down\" aria-hidden=\"true\"><\/span><span class=\"ez-toc-section-end\"><\/span><\/h3>\n\t\t\t<div class=\"toggle-content\">Sosyal Evin taraf\u0131ndan haz\u0131rlanan <strong><a href=\"https:\/\/sosyalevin.com\/facebook-takipci-satin-al\/\" target=\"_blank\" rel=\"noopener\">Facebook Takip\u00e7i Sat\u0131n Al<\/a><\/strong> hizmetlerimizi kontrol edebilirsiniz.\n\t\t\t<\/div>\n\t\t<\/div>\n\t\n","protected":false},"excerpt":{"rendered":"<p>Kullan\u0131c\u0131 say\u0131s\u0131 her g\u00fcn artan sanal platformlardan biri olan facebook platformunda kullan\u0131c\u0131lar\u0131n Facebook arkada\u015f listemi nas\u0131l d\u00fczenlerim? ve Facebook Platformunda En Fazla Ka\u00e7 Arkada\u015f Eklenir? Sorusu zaman zaman g\u00fcndem olmaktad\u0131r. Facebook 2004 y\u0131l\u0131nda Amerika Birle\u015fik Devletleri s\u0131n\u0131rlar\u0131 i\u00e7erisinde arkada\u015f bulma ve sosyal \u00e7evre kazanma sitesi olarak kuruldu. Kurucular Harvard \u00fcniversitesinde e\u011fitim al\u0131rken sitenin pop\u00fcler olmas\u0131 &hellip;<\/p>\n","protected":false},"author":1,"featured_media":3410,"comment_status":"open","ping_status":"closed","sticky":false,"template":"","format":"standard","meta":{"footnotes":""},"categories":[80],"tags":[],"class_list":["post-3409","post","type-post","status-publish","format-standard","has-post-thumbnail","hentry","category-facebook-destek"],"_links":{"self":[{"href":"https:\/\/sosyalevin.com\/blog\/wp-json\/wp\/v2\/posts\/3409","targetHints":{"allow":["GET"]}}],"collection":[{"href":"https:\/\/sosyalevin.com\/blog\/wp-json\/wp\/v2\/posts"}],"about":[{"href":"https:\/\/sosyalevin.com\/blog\/wp-json\/wp\/v2\/types\/post"}],"author":[{"embeddable":true,"href":"https:\/\/sosyalevin.com\/blog\/wp-json\/wp\/v2\/users\/1"}],"replies":[{"embeddable":true,"href":"https:\/\/sosyalevin.com\/blog\/wp-json\/wp\/v2\/comments?post=3409"}],"version-history":[{"count":1,"href":"https:\/\/sosyalevin.com\/blog\/wp-json\/wp\/v2\/posts\/3409\/revisions"}],"predecessor-version":[{"id":6594,"href":"https:\/\/sosyalevin.com\/blog\/wp-json\/wp\/v2\/posts\/3409\/revisions\/6594"}],"wp:featuredmedia":[{"embeddable":true,"href":"https:\/\/sosyalevin.com\/blog\/wp-json\/wp\/v2\/media\/3410"}],"wp:attachment":[{"href":"https:\/\/sosyalevin.com\/blog\/wp-json\/wp\/v2\/media?parent=3409"}],"wp:term":[{"taxonomy":"category","embeddable":true,"href":"https:\/\/sosyalevin.com\/blog\/wp-json\/wp\/v2\/categories?post=3409"},{"taxonomy":"post_tag","embeddable":true,"href":"https:\/\/sosyalevin.com\/blog\/wp-json\/wp\/v2\/tags?post=3409"}],"curies":[{"name":"wp","href":"https:\/\/api.w.org\/{rel}","templated":true}]}}