{"id":3813,"date":"2023-04-18T00:48:56","date_gmt":"2023-04-17T21:48:56","guid":{"rendered":"https:\/\/sosyalevin.com\/blog\/?p=3813"},"modified":"2025-12-22T19:50:12","modified_gmt":"2025-12-22T16:50:12","slug":"facebook-giris-yapamiyorum-sorunu-nasil","status":"publish","type":"post","link":"https:\/\/sosyalevin.com\/blog\/facebook-giris-yapamiyorum-sorunu-nasil\/","title":{"rendered":"Facebook Giri\u015f Yapam\u0131yorum Sorunu Nas\u0131l \u00c7\u00f6z\u00fcl\u00fcr?"},"content":{"rendered":"<p>Bir t\u00fcrl\u00fc \u00e7\u00f6zemedi\u011finiz <strong>\u2018Facebook giri\u015f yapam\u0131yorum\u2019<\/strong> sorununu ve olas\u0131 t\u00fcm problemler analiz edildi\u011finde her \u00e7\u00f6z\u00fcm\u00fc tek bir listede bulun!<\/p>\n<p>Facebook, g\u00fcn\u00fcm\u00fczde d\u00fcnya genelinde milyarlarca insan\u0131n olarak kulland\u0131\u011f\u0131 sosyal medya platformlar\u0131ndan biridir. Platform kullan\u0131c\u0131lar\u0131n bazen Facebook&#8217;a giri\u015f yapmakta sorun ya\u015fad\u0131klar\u0131 bir ger\u00e7ektir. Bu sorunlar\u0131n \u00e7\u00f6z\u00fcm\u00fcnde ise kullan\u0131c\u0131lar\u0131n deneyimli olmad\u0131\u011f\u0131 durumlarda olduk\u00e7a zorlu olabilmektedir.<\/p>\n<p>\u015e\u00fcphelerinizi tamamen giderebilecek sizler i\u00e7in <strong>\u2018Facebook giri\u015f yapam\u0131yorum sorunu\u2019<\/strong> konusunda bir rehber haz\u0131rlad\u0131k. Rehberin i\u00e7eri\u011finde \u00f6zellikle kar\u015f\u0131la\u015f\u0131lan sorunlar tan\u0131mlanacak ve bu sorunlar\u0131n nas\u0131l \u00e7\u00f6z\u00fclebilece\u011fi hakk\u0131nda ad\u0131m ad\u0131m bilgiler sunaca\u011f\u0131z. B\u00f6ylece Facebook hesab\u0131n\u0131za sorunsuz bir \u015fekilde giri\u015f yapabilecek ve sosyal medya deneyiminizi kesintisiz bir \u015fekilde s\u00fcrd\u00fcrebileceksiniz.<\/p>\n<div id=\"ez-toc-container\" class=\"ez-toc-v2_0_82_2 counter-hierarchy ez-toc-counter ez-toc-grey ez-toc-container-direction\">\n<div class=\"ez-toc-title-container\"><p class=\"ez-toc-title\" style=\"cursor:inherit\">\u0130\u00e7indekiler<\/p>\n<\/div><nav><ul class='ez-toc-list ez-toc-list-level-1 ' ><li class='ez-toc-page-1 ez-toc-heading-level-2'><a class=\"ez-toc-link ez-toc-heading-1\" href=\"https:\/\/sosyalevin.com\/blog\/facebook-giris-yapamiyorum-sorunu-nasil\/#Facebook-Giris-Neden-Olmuyor-%E2%9C%8D%EF%B8%8F\" >Facebook Giri\u015f Neden Olmuyor? \u270d\ufe0f<\/a><\/li><li class='ez-toc-page-1 ez-toc-heading-level-2'><a class=\"ez-toc-link ez-toc-heading-2\" href=\"https:\/\/sosyalevin.com\/blog\/facebook-giris-yapamiyorum-sorunu-nasil\/#Facebook-Hesabima-Giris-Yapamiyorum-Ne-Yapmaliyim-%E2%9C%85\" >Facebook Hesab\u0131ma Giri\u015f Yapam\u0131yorum Ne Yapmal\u0131y\u0131m? \u2705<\/a><ul class='ez-toc-list-level-3' ><li class='ez-toc-heading-level-3'><a class=\"ez-toc-link ez-toc-heading-3\" href=\"https:\/\/sosyalevin.com\/blog\/facebook-giris-yapamiyorum-sorunu-nasil\/#%E2%80%98Facebook-Sifremi-Unuttum-Nasil-Cozulur-%F0%9F%8C%90%F0%9F%92%BB%F0%9F%93%B1\" >\u2018Facebook \u015eifremi Unuttum\u2019 Nas\u0131l \u00c7\u00f6z\u00fcl\u00fcr? \ud83c\udf10\ud83d\udcbb\ud83d\udcf1<\/a><ul class='ez-toc-list-level-4' ><li class='ez-toc-heading-level-4'><a class=\"ez-toc-link ez-toc-heading-4\" href=\"https:\/\/sosyalevin.com\/blog\/facebook-giris-yapamiyorum-sorunu-nasil\/#Mobil-Tarayici-Uzerinden-Facebook-Sifremi-Unuttum-Hatasinin-Cozumu\" >Mobil Taray\u0131c\u0131 \u00dczerinden Facebook \u015eifremi Unuttum Hatas\u0131n\u0131n \u00c7\u00f6z\u00fcm\u00fc<\/a><\/li><li class='ez-toc-page-1 ez-toc-heading-level-4'><a class=\"ez-toc-link ez-toc-heading-5\" href=\"https:\/\/sosyalevin.com\/blog\/facebook-giris-yapamiyorum-sorunu-nasil\/#Masasustu-tarayicinizi-kullanarak-Facebook-giris-sifrenizi-unuttuysaniz-asagidakileri-yapin\" >Masas\u00fcst\u00fc taray\u0131c\u0131n\u0131z\u0131 kullanarak Facebook giri\u015f \u015fifrenizi unuttuysan\u0131z, a\u015fa\u011f\u0131dakileri yap\u0131n:<\/a><\/li><li class='ez-toc-page-1 ez-toc-heading-level-4'><a class=\"ez-toc-link ez-toc-heading-6\" href=\"https:\/\/sosyalevin.com\/blog\/facebook-giris-yapamiyorum-sorunu-nasil\/#Android-ve-iOS-Cihazlar-icin-Gerekli-Talimatlar\" >Android ve iOS Cihazlar i\u00e7in Gerekli Talimatlar<\/a><\/li><\/ul><\/li><li class='ez-toc-page-1 ez-toc-heading-level-3'><a class=\"ez-toc-link ez-toc-heading-7\" href=\"https:\/\/sosyalevin.com\/blog\/facebook-giris-yapamiyorum-sorunu-nasil\/#Askiya-Alinan-Facebook-Hesabi-Nasil-Acilir-%F0%9F%8C%90\" >Ask\u0131ya Al\u0131nan Facebook Hesab\u0131 Nas\u0131l A\u00e7\u0131l\u0131r? \ud83c\udf10<\/a><\/li><li class='ez-toc-page-1 ez-toc-heading-level-3'><a class=\"ez-toc-link ez-toc-heading-8\" href=\"https:\/\/sosyalevin.com\/blog\/facebook-giris-yapamiyorum-sorunu-nasil\/#Facebook-Giris-Icin-Kullanilan-Tarayici-Hatalari-Nasil-Cozulur-%F0%9F%8C%90%F0%9F%92%BB\" >Facebook Giri\u015f \u0130\u00e7in Kullan\u0131lan Taray\u0131c\u0131 Hatalar\u0131 Nas\u0131l \u00c7\u00f6z\u00fcl\u00fcr? \ud83c\udf10\ud83d\udcbb<\/a><\/li><li class='ez-toc-page-1 ez-toc-heading-level-3'><a class=\"ez-toc-link ez-toc-heading-9\" href=\"https:\/\/sosyalevin.com\/blog\/facebook-giris-yapamiyorum-sorunu-nasil\/#Internet-Baglantili-Sorunlar-Nasil-Cozulur-%F0%9F%92%BB%F0%9F%93%B1\" >\u0130nternet Ba\u011flant\u0131l\u0131 Sorunlar Nas\u0131l \u00c7\u00f6z\u00fcl\u00fcr? \ud83d\udcbb\ud83d\udcf1<\/a><\/li><li class='ez-toc-page-1 ez-toc-heading-level-3'><a class=\"ez-toc-link ez-toc-heading-10\" href=\"https:\/\/sosyalevin.com\/blog\/facebook-giris-yapamiyorum-sorunu-nasil\/#Facebook-Giris-Yapamiyorum-Sorunu-Icin-Sunucu-Hatasi-Cozumu-%F0%9F%91%8F\" >Facebook Giri\u015f Yapam\u0131yorum Sorunu \u0130\u00e7in Sunucu Hatas\u0131 \u00c7\u00f6z\u00fcm\u00fc \ud83d\udc4f<\/a><\/li><li class='ez-toc-page-1 ez-toc-heading-level-3'><a class=\"ez-toc-link ez-toc-heading-11\" href=\"https:\/\/sosyalevin.com\/blog\/facebook-giris-yapamiyorum-sorunu-nasil\/#Facebook-Hacklenen-Hesap-Nasil-Kurtarilir-%F0%9F%8F%AE\" >Facebook Hacklenen Hesap Nas\u0131l Kurtar\u0131l\u0131r? \ud83c\udfee<\/a><\/li><li class='ez-toc-page-1 ez-toc-heading-level-3'><a class=\"ez-toc-link ez-toc-heading-12\" href=\"https:\/\/sosyalevin.com\/blog\/facebook-giris-yapamiyorum-sorunu-nasil\/#%E2%80%9CEski-Facebookumu-Geri-Yukle%E2%80%9D-Hatasinin-Cozumu-%F0%9F%91%B4%F0%9F%91%B5\" >&#8220;Eski Facebook\u2019umu Geri Y\u00fckle&#8221; Hatas\u0131n\u0131n \u00c7\u00f6z\u00fcm\u00fc \ud83d\udc74\ud83d\udc75<\/a><\/li><li class='ez-toc-page-1 ez-toc-heading-level-3'><a class=\"ez-toc-link ez-toc-heading-13\" href=\"https:\/\/sosyalevin.com\/blog\/facebook-giris-yapamiyorum-sorunu-nasil\/#Facebook-Giris-Onayi-Gerekiyor-Sorunu-Nasil-Cozulur\" >Facebook Giri\u015f Onay\u0131 Gerekiyor Sorunu Nas\u0131l \u00c7\u00f6z\u00fcl\u00fcr?<\/a><ul class='ez-toc-list-level-4' ><li class='ez-toc-heading-level-4'><a class=\"ez-toc-link ez-toc-heading-14\" href=\"https:\/\/sosyalevin.com\/blog\/facebook-giris-yapamiyorum-sorunu-nasil\/#Android-ve-iOS-Cihazlar-icin-Talimatlar\" >Android ve iOS Cihazlar i\u00e7in Talimatlar<\/a><\/li><\/ul><\/li><\/ul><\/li><li class='ez-toc-page-1 ez-toc-heading-level-2'><a class=\"ez-toc-link ez-toc-heading-15\" href=\"https:\/\/sosyalevin.com\/blog\/facebook-giris-yapamiyorum-sorunu-nasil\/#Facebook-Hesabi-Nasil-Kurtarilir\" >Facebook Hesab\u0131 Nas\u0131l Kurtar\u0131l\u0131r?<\/a><\/li><li class='ez-toc-page-1 ez-toc-heading-level-2'><a class=\"ez-toc-link ez-toc-heading-16\" href=\"https:\/\/sosyalevin.com\/blog\/facebook-giris-yapamiyorum-sorunu-nasil\/#Sik-Sorulan-Sorular\" >S\u0131k Sorulan Sorular<\/a><ul class='ez-toc-list-level-3' ><li class='ez-toc-heading-level-3'><a class=\"ez-toc-link ez-toc-heading-17\" href=\"https:\/\/sosyalevin.com\/blog\/facebook-giris-yapamiyorum-sorunu-nasil\/#Eski-Facebook-Hesabi-Nasil-Geri-Alinir\" >Eski Facebook Hesab\u0131 Nas\u0131l Geri Al\u0131n\u0131r?<\/a><\/li><li class='ez-toc-page-1 ez-toc-heading-level-3'><a class=\"ez-toc-link ez-toc-heading-18\" href=\"https:\/\/sosyalevin.com\/blog\/facebook-giris-yapamiyorum-sorunu-nasil\/#Facebook-Hesabim-Niye-Kapandi\" >Facebook Hesab\u0131m Niye Kapand\u0131?<\/a><\/li><li class='ez-toc-page-1 ez-toc-heading-level-3'><a class=\"ez-toc-link ez-toc-heading-19\" href=\"https:\/\/sosyalevin.com\/blog\/facebook-giris-yapamiyorum-sorunu-nasil\/#Kilitlenen-Facebook-Hesabi-Kendiliginden-Acilir-mi\" >Kilitlenen Facebook Hesab\u0131 Kendili\u011finden A\u00e7\u0131l\u0131r m\u0131?<\/a><\/li><li class='ez-toc-page-1 ez-toc-heading-level-3'><a class=\"ez-toc-link ez-toc-heading-20\" href=\"https:\/\/sosyalevin.com\/blog\/facebook-giris-yapamiyorum-sorunu-nasil\/#E-posta-Ve-Sifresi-Unutulan-Facebook-Nasil-Bulunur\" >E-posta Ve \u015eifresi Unutulan Facebook Nas\u0131l Bulunur?<\/a><\/li><li class='ez-toc-page-1 ez-toc-heading-level-3'><a class=\"ez-toc-link ez-toc-heading-21\" href=\"https:\/\/sosyalevin.com\/blog\/facebook-giris-yapamiyorum-sorunu-nasil\/#Facebook-Nasil-Aktiflestirilir\" >Facebook Nas\u0131l Aktifle\u015ftirilir?<\/a><\/li><li class='ez-toc-page-1 ez-toc-heading-level-3'><a class=\"ez-toc-link ez-toc-heading-22\" href=\"https:\/\/sosyalevin.com\/blog\/facebook-giris-yapamiyorum-sorunu-nasil\/#Facebook-Kapali-Nasil-Girebilirim\" >Facebook Kapal\u0131 Nas\u0131l Girebilirim?<\/a><\/li><li class='ez-toc-page-1 ez-toc-heading-level-3'><a class=\"ez-toc-link ez-toc-heading-23\" href=\"https:\/\/sosyalevin.com\/blog\/facebook-giris-yapamiyorum-sorunu-nasil\/#Facebook-Neden-Sifreyi-Kabul-Etmiyor\" >Facebook Neden \u015eifreyi Kabul Etmiyor?<\/a><\/li><\/ul><\/li><\/ul><\/nav><\/div>\n<h2><span class=\"ez-toc-section\" id=\"Facebook-Giris-Neden-Olmuyor-%E2%9C%8D%EF%B8%8F\"><\/span>Facebook Giri\u015f Neden Olmuyor? <span class=\"emoji\">\u270d\ufe0f<\/span><span class=\"ez-toc-section-end\"><\/span><\/h2>\n<figure id=\"attachment_3816\" aria-describedby=\"caption-attachment-3816\" style=\"width: 1200px\" class=\"wp-caption aligncenter\"><img decoding=\"async\" class=\"wp-image-3816 size-full\" src=\"https:\/\/sosyalevin.com\/blog\/wp-content\/uploads\/2023\/04\/facebook-giris-neden-olmuyor.webp\" alt=\"Facebook Giri\u015f Neden Olmuyor?\" width=\"1200\" height=\"628\" title=\"\" srcset=\"https:\/\/sosyalevin.com\/blog\/wp-content\/uploads\/2023\/04\/facebook-giris-neden-olmuyor.webp 1200w, https:\/\/sosyalevin.com\/blog\/wp-content\/uploads\/2023\/04\/facebook-giris-neden-olmuyor-300x157.webp 300w, https:\/\/sosyalevin.com\/blog\/wp-content\/uploads\/2023\/04\/facebook-giris-neden-olmuyor-1024x536.webp 1024w, https:\/\/sosyalevin.com\/blog\/wp-content\/uploads\/2023\/04\/facebook-giris-neden-olmuyor-768x402.webp 768w\" sizes=\"(max-width: 1200px) 100vw, 1200px\" \/><figcaption id=\"caption-attachment-3816\" class=\"wp-caption-text\">Facebook giri\u015f neden olmuyor<\/figcaption><\/figure>\n<p>Her platform, kendi uygulama giri\u015flerin benzer se\u00e7enekler sunmaktad\u0131r. \u00d6ncelikle bu mekanizmalar\u0131n nas\u0131l \u00e7al\u0131\u015ft\u0131\u011f\u0131n\u0131 bilmek \u00f6nemlidir. K\u0131saca Facebook giri\u015f nas\u0131l yap\u0131l\u0131r, onlara de\u011finiyor olaca\u011f\u0131z.<\/p>\n<p>Platforma giri\u015f i\u00e7in kullan\u0131c\u0131 ad\u0131 (veya e-posta) ve \u015fifreye ihtiya\u00e7 duyulur. \u2018Kay\u0131t Ol\u2019 sayfas\u0131ndan rahatl\u0131kla ilk kullan\u0131c\u0131 bilgilerinizi yazabilir ve hesab\u0131n\u0131za oturumunuzu a\u00e7abilirsiniz. Ancak baz\u0131 nedenlerden \u00f6t\u00fcr\u00fc Facebook giri\u015f i\u00e7in kullan\u0131lan k\u0131s\u0131mlar, teknik hatalar veya benzeri durumlardan dolay\u0131 bozulabilmektedir.<\/p>\n<p>Genellikle bu <strong>\u2018Facebook giri\u015f yapam\u0131yorum\u2019<\/strong> sorununun ana nedenlerini olu\u015fturur. \u00c7o\u011funlukla da \u201c<strong>Telefondan Facebook\u2019a giremiyorum<\/strong>\u201d veya \u201c<strong>Facebook\u2019a neden giremiyorum son dakika<\/strong>\u201d gibi insanlar\u0131n internet sorgular\u0131na sebebiyet vermektedir. O sebeple <strong>Facebook giri\u015f hatas\u0131<\/strong>n\u0131n \u00e7\u00f6z\u00fcm\u00fc yap\u0131lmal\u0131 ve en k\u0131sa zamanda sorunuza bir \u00e7are bulunmal\u0131d\u0131r.<\/p>\n<p>En ince ayr\u0131nt\u0131lar\u0131 ile haz\u0131rlanan Facebook giri\u015f nedenleri a\u015fa\u011f\u0131daki gibidir:<\/p>\n<ul>\n<li><strong>Facebook \u015fifremi unuttum<\/strong> giremiyorum hatas\u0131<\/li>\n<li>Ask\u0131ya al\u0131nan hesab\u0131n\u0131z sonucu <strong>Facebook giri\u015f<\/strong> olmamas\u0131<\/li>\n<li>Taray\u0131c\u0131n\u0131zdan dolay\u0131 Facebook giri\u015f yapam\u0131yorum sorunu olu\u015fmas\u0131<\/li>\n<li>D\u00fc\u015f\u00fck internet h\u0131z\u0131 veya Internet ba\u011flant\u0131n\u0131zdan kaynakl\u0131 di\u011fer sorunlar<\/li>\n<li>Facebook sunucu hatalar\u0131<\/li>\n<li>Hesab\u0131n\u0131z\u0131n ba\u015fkas\u0131n\u0131n eline ge\u00e7mesi veya hacklenmesi<\/li>\n<li>Eski Facebook\u2019umu geri y\u00fckleme hatalar\u0131<\/li>\n<li>Facebook giri\u015f onay\u0131 gerekiyor sorunu<\/li>\n<\/ul>\n<p>Sorunlar\u0131n\u0131z\u0131n nedenlerinden biri bunlar ise her \u00e7\u00f6z\u00fcm i\u00e7in yaz\u0131m\u0131z\u0131 okumaya devam et!<\/p>\n<h2><span class=\"ez-toc-section\" id=\"Facebook-Hesabima-Giris-Yapamiyorum-Ne-Yapmaliyim-%E2%9C%85\"><\/span>Facebook Hesab\u0131ma Giri\u015f Yapam\u0131yorum Ne Yapmal\u0131y\u0131m? <span class=\"emoji\">\u2705<\/span><span class=\"ez-toc-section-end\"><\/span><\/h2>\n<figure id=\"attachment_3817\" aria-describedby=\"caption-attachment-3817\" style=\"width: 1200px\" class=\"wp-caption aligncenter\"><img decoding=\"async\" class=\"wp-image-3817 size-full\" src=\"https:\/\/sosyalevin.com\/blog\/wp-content\/uploads\/2023\/04\/facebook-hesabima-giris-yapamiyorum.webp\" alt=\"Facebook Hesab\u0131ma Giri\u015f Yapam\u0131yorum\" width=\"1200\" height=\"628\" title=\"\" srcset=\"https:\/\/sosyalevin.com\/blog\/wp-content\/uploads\/2023\/04\/facebook-hesabima-giris-yapamiyorum.webp 1200w, https:\/\/sosyalevin.com\/blog\/wp-content\/uploads\/2023\/04\/facebook-hesabima-giris-yapamiyorum-300x157.webp 300w, https:\/\/sosyalevin.com\/blog\/wp-content\/uploads\/2023\/04\/facebook-hesabima-giris-yapamiyorum-1024x536.webp 1024w, https:\/\/sosyalevin.com\/blog\/wp-content\/uploads\/2023\/04\/facebook-hesabima-giris-yapamiyorum-768x402.webp 768w\" sizes=\"(max-width: 1200px) 100vw, 1200px\" \/><figcaption id=\"caption-attachment-3817\" class=\"wp-caption-text\">Facebook hesab\u0131ma giri\u015f yapam\u0131yorum ne yapmal\u0131y\u0131m<\/figcaption><\/figure>\n<p>Facebook hesab\u0131n\u0131za giri\u015f yapamaman\u0131z\u0131n nedenleri pek \u00e7ok \u015fekilde olabilir. \u0130lk olarak yapman\u0131z gereken ad\u0131m, sorunun kayna\u011f\u0131na inmektir. <strong>Facebook giri\u015f<\/strong> sorunlar\u0131 i\u00e7in tan\u0131mlanan yollardan birini se\u00e7erek do\u011fru sonuca ula\u015fmak m\u00fcmk\u00fcnd\u00fcr.<\/p>\n<p>Sizler i\u00e7in haz\u0131rlad\u0131\u011f\u0131m\u0131z listede her sorunun \u00e7\u00f6z\u00fcm\u00fcn\u00fc tek bir hamle ile bulabilirsiniz. O halde sizleri sab\u0131rs\u0131zland\u0131rmadan en ince ayr\u0131nt\u0131lar\u0131yla <strong>\u2018Facebook giri\u015f yapam\u0131yorum\u2019<\/strong> sorunun \u00e7\u00f6z\u00fcm\u00fcne yak\u0131ndan bakal\u0131m!<\/p>\n<h3><span class=\"ez-toc-section\" id=\"%E2%80%98Facebook-Sifremi-Unuttum-Nasil-Cozulur-%F0%9F%8C%90%F0%9F%92%BB%F0%9F%93%B1\"><\/span>\u2018Facebook \u015eifremi Unuttum\u2019 Nas\u0131l \u00c7\u00f6z\u00fcl\u00fcr? <span class=\"emoji\">\ud83c\udf10<\/span><span class=\"emoji\">\ud83d\udcbb<\/span><span class=\"emoji\">\ud83d\udcf1<\/span><span class=\"ez-toc-section-end\"><\/span><\/h3>\n<p>Facebook\u2019ta \u015fifrenizi unuttuysan\u0131z hesab\u0131n\u0131za (giri\u015f bilgilerinizi kaydetmediyseniz) giri\u015f yapamazs\u0131n\u0131z. Bu sebeple a\u015fa\u011f\u0131daki ad\u0131mlar\u0131 takip etti\u011finizde kolayl\u0131kla \u015fifrenizi bulabilirsiniz.<\/p>\n<h4><span class=\"ez-toc-section\" id=\"Mobil-Tarayici-Uzerinden-Facebook-Sifremi-Unuttum-Hatasinin-Cozumu\"><\/span>Mobil Taray\u0131c\u0131 \u00dczerinden <strong>Facebook \u015eifremi Unuttum<\/strong> Hatas\u0131n\u0131n \u00c7\u00f6z\u00fcm\u00fc<span class=\"ez-toc-section-end\"><\/span><\/h4>\n<figure id=\"attachment_3839\" aria-describedby=\"caption-attachment-3839\" style=\"width: 1200px\" class=\"wp-caption aligncenter\"><img decoding=\"async\" class=\"wp-image-3839 size-full\" src=\"https:\/\/sosyalevin.com\/blog\/wp-content\/uploads\/2023\/04\/mobil-tarayici-uzerinden-facebook-sifremi-unuttum.webp\" alt=\"Mobil Taray\u0131c\u0131 \u00dczerinden Facebook \u015fifremi unuttum\" width=\"1200\" height=\"628\" title=\"\" srcset=\"https:\/\/sosyalevin.com\/blog\/wp-content\/uploads\/2023\/04\/mobil-tarayici-uzerinden-facebook-sifremi-unuttum.webp 1200w, https:\/\/sosyalevin.com\/blog\/wp-content\/uploads\/2023\/04\/mobil-tarayici-uzerinden-facebook-sifremi-unuttum-300x157.webp 300w, https:\/\/sosyalevin.com\/blog\/wp-content\/uploads\/2023\/04\/mobil-tarayici-uzerinden-facebook-sifremi-unuttum-1024x536.webp 1024w, https:\/\/sosyalevin.com\/blog\/wp-content\/uploads\/2023\/04\/mobil-tarayici-uzerinden-facebook-sifremi-unuttum-768x402.webp 768w\" sizes=\"(max-width: 1200px) 100vw, 1200px\" \/><figcaption id=\"caption-attachment-3839\" class=\"wp-caption-text\">Mobil taray\u0131c\u0131 \u00fczerinden Facebook \u015fifremi unuttum<\/figcaption><\/figure>\n<ol>\n<li>Telefonunuzda daha \u00f6nce y\u00fckl\u00fc olan veya y\u00fckledi\u011finiz herhangi bir taray\u0131c\u0131ya giri\u015f yap\u0131n\u0131z (\u00d6rn. Google)<\/li>\n<li>URL kutusu alan\u0131na <strong>\u2018https:\/\/m.facebook.com\/login\/\u2019<\/strong> k\u0131sm\u0131n\u0131 yap\u0131\u015ft\u0131r\u0131n ve mobil klavyenizde bulunan OK butonuna dokunun.<\/li>\n<li>Giri\u015f ekran\u0131nda Kullan\u0131c\u0131 ad\u0131 ve \u015fifre alanlar\u0131 alt\u0131nda <strong>\u2018\u015eifreni mi Unuttun?\u2019<\/strong> k\u0131sm\u0131 g\u00f6r\u00fcn\u00fcr olacakt\u0131r. Bu alana dokunun.<\/li>\n<li>Sonraki ekranda <strong>\u2018Cep telefonu numaran\u0131 gir\u2019<\/strong> k\u0131sm\u0131na Facebook kay\u0131t oldu\u011funuz cep numaran\u0131z\u0131 girin ve <strong>\u2018Ara\u2019<\/strong> k\u0131sm\u0131na dokunun.<\/li>\n<li>Hesab\u0131n\u0131zda buldu\u011funuzda ise <strong>\u2018Giri\u015f Yapmak \u0130\u00e7in Bir Yol Se\u00e7\u2019<\/strong> ekran\u0131nda g\u00f6r\u00fcnen 4 farkl\u0131 yoldan birini se\u00e7in ve <strong>\u2018Devam\u2019<\/strong> butonuna dokunun.<\/li>\n<li>B\u00f6ylelikle \u015fifrenizi bulabilir ve <a href=\"https:\/\/sosyalevin.com\/blog\/facebook-hesabi-nasil-guvenli-olur\/\">Facebook hesab\u0131<\/a>n\u0131za g\u00fcvenle giri\u015f yapabileceksiniz.<\/li>\n<\/ol>\n<h4><span class=\"ez-toc-section\" id=\"Masasustu-tarayicinizi-kullanarak-Facebook-giris-sifrenizi-unuttuysaniz-asagidakileri-yapin\"><\/span>Masas\u00fcst\u00fc taray\u0131c\u0131n\u0131z\u0131 kullanarak Facebook giri\u015f \u015fifrenizi unuttuysan\u0131z, a\u015fa\u011f\u0131dakileri yap\u0131n:<span class=\"ez-toc-section-end\"><\/span><\/h4>\n<figure id=\"attachment_3842\" aria-describedby=\"caption-attachment-3842\" style=\"width: 1200px\" class=\"wp-caption aligncenter\"><img decoding=\"async\" class=\"wp-image-3842 size-full\" src=\"https:\/\/sosyalevin.com\/blog\/wp-content\/uploads\/2023\/04\/facebook-sifremi-unuttum-web-tarayici.webp\" alt=\"Facebook \u015fifremi unuttum web taray\u0131c\u0131\" width=\"1200\" height=\"628\" title=\"\" srcset=\"https:\/\/sosyalevin.com\/blog\/wp-content\/uploads\/2023\/04\/facebook-sifremi-unuttum-web-tarayici.webp 1200w, https:\/\/sosyalevin.com\/blog\/wp-content\/uploads\/2023\/04\/facebook-sifremi-unuttum-web-tarayici-300x157.webp 300w, https:\/\/sosyalevin.com\/blog\/wp-content\/uploads\/2023\/04\/facebook-sifremi-unuttum-web-tarayici-1024x536.webp 1024w, https:\/\/sosyalevin.com\/blog\/wp-content\/uploads\/2023\/04\/facebook-sifremi-unuttum-web-tarayici-768x402.webp 768w\" sizes=\"(max-width: 1200px) 100vw, 1200px\" \/><figcaption id=\"caption-attachment-3842\" class=\"wp-caption-text\">Facebook \u015fifremi unuttum web taray\u0131c\u0131<\/figcaption><\/figure>\n<ol>\n<li>Taray\u0131c\u0131n\u0131z\u0131 kullanarak facebook.com web adresine giri\u015f yap\u0131n.<\/li>\n<li>Ana ekran\u0131n sa\u011f taraf\u0131nda bulunan <strong>\u2018Giri\u015f Yap\u2019<\/strong> butonun hemen alt\u0131nda bulunan <strong>\u2018\u015eifreni mi Unuttun?\u2019<\/strong> k\u0131sm\u0131na t\u0131klay\u0131n.<\/li>\n<li><strong>\u2018Hesab\u0131n\u0131 Bul\u2019<\/strong> ba\u015fl\u0131\u011f\u0131n\u0131n hemen alt\u0131ndaki alana e-posta adresinizi veya cep telefonunuzu giriniz ve <strong>\u2018Ara\u2019<\/strong> butonuna t\u0131klay\u0131n.<\/li>\n<li>E\u011fer <strong>\u2018Arama sonucu yok\u2019<\/strong> diyorsa girdi\u011finiz bilgi yanl\u0131\u015f olabilir, tekrar deneyin.<\/li>\n<li>Telefon numaran\u0131z\u0131 girdiyseniz e-posta, E-posta adresini girdiyseniz telefon numaran\u0131za kod gelecektir. Gelmesi i\u00e7in <strong>\u2018Devam Et\u2019<\/strong> tu\u015funa basabilirsiniz.<\/li>\n<li>Bu ad\u0131mlar\u0131 istemiyorsan\u0131z <strong>\u2018Ba\u015fka bir yol dene\u2019<\/strong> butonundan di\u011fer yollar\u0131 se\u00e7ebilirsiniz.<\/li>\n<\/ol>\n<p><strong>Not:<\/strong> \u015eifreni mi unuttun k\u0131sm\u0131nda yer alan cep telefonu veya e-posta adresinizi girdi\u011finizde hesab\u0131n\u0131z bulunuyorsa <strong>\u2018Hesab\u0131n\u0131 Tan\u0131mla\u2019<\/strong> k\u0131sm\u0131 gelecektir. Bu alanda \u00e7\u0131kan hesab\u0131 tan\u0131mlamak i\u00e7in yan\u0131nda bulunan <strong>\u2018Bu Benim Hesab\u0131m\u2019<\/strong> butona t\u0131klayabilirsiniz.<\/p>\n<h4><span class=\"ez-toc-section\" id=\"Android-ve-iOS-Cihazlar-icin-Gerekli-Talimatlar\"><\/span>Android ve iOS Cihazlar i\u00e7in Gerekli Talimatlar<span class=\"ez-toc-section-end\"><\/span><\/h4>\n<figure id=\"attachment_3844\" aria-describedby=\"caption-attachment-3844\" style=\"width: 1200px\" class=\"wp-caption aligncenter\"><img decoding=\"async\" class=\"wp-image-3844 size-full\" src=\"https:\/\/sosyalevin.com\/blog\/wp-content\/uploads\/2023\/04\/android-ve-ios-icin-facebook-giris.webp\" alt=\"Android ve iOS i\u00e7in Facebook giri\u015f\" width=\"1200\" height=\"628\" title=\"\" srcset=\"https:\/\/sosyalevin.com\/blog\/wp-content\/uploads\/2023\/04\/android-ve-ios-icin-facebook-giris.webp 1200w, https:\/\/sosyalevin.com\/blog\/wp-content\/uploads\/2023\/04\/android-ve-ios-icin-facebook-giris-300x157.webp 300w, https:\/\/sosyalevin.com\/blog\/wp-content\/uploads\/2023\/04\/android-ve-ios-icin-facebook-giris-1024x536.webp 1024w, https:\/\/sosyalevin.com\/blog\/wp-content\/uploads\/2023\/04\/android-ve-ios-icin-facebook-giris-768x402.webp 768w\" sizes=\"(max-width: 1200px) 100vw, 1200px\" \/><figcaption id=\"caption-attachment-3844\" class=\"wp-caption-text\">Android ve iOS cihazlar i\u00e7in gerekli talimatlar<\/figcaption><\/figure>\n<ol>\n<li>Google Play veya App Store \u00fczerinden y\u00fckledi\u011finiz Facebook uygulamas\u0131n\u0131 a\u00e7\u0131n\u0131z.<\/li>\n<li>Giri\u015f ekran\u0131nda e\u011fer daha \u00f6nce Facebook hesab\u0131n\u0131za girdiyseniz kay\u0131tl\u0131 hesaplar g\u00f6r\u00fcnecektir. \u0130\u00e7lerinden biri de\u011filse <strong>\u2018Ba\u015fka bir hesaba giri\u015f yap\u2019<\/strong> k\u0131sm\u0131na dokunun.<\/li>\n<li>Giri\u015f ekran\u0131nda yer alan mavi renkli <strong>\u2018Giri\u015f Yap\u2019<\/strong> butonunun alt\u0131ndaki <strong>\u2018\u015eifreni mi unuttun?\u2019<\/strong> yaz\u0131s\u0131na dokunun.<\/li>\n<li><strong>\u2018Hesab\u0131n\u0131 bul\u2019<\/strong> yaz\u0131s\u0131n\u0131n alt\u0131nda Cep telefonu numaran\u0131z\u0131 (veya <strong>\u2018Bunun yerine e-posta adresiyle ara\u2019<\/strong> k\u0131sm\u0131) girin ve <strong>\u2018Hesab\u0131 bul\u2019<\/strong> butonuna dokunun.<\/li>\n<li>Girdi\u011finiz bilgiler do\u011fruysa \u2018Hesab\u0131n\u0131 Se\u00e7\u2019 k\u0131sm\u0131nda yer alan hesab\u0131n\u0131z\u0131 se\u00e7in.<\/li>\n<li>Hesab\u0131n\u0131zla ili\u015fkili olan cep telefon numaran\u0131za kod gelecektir, ilerlemek i\u00e7in <strong>\u2018Devam\u2019<\/strong> tu\u015funa bas\u0131n\u0131z.<\/li>\n<li>Di\u011fer yollar\u0131 denemek istiyorsan\u0131z <strong>\u2018Ba\u015fka bir yol dene\u2019<\/strong> b\u00f6l\u00fcm\u00fcn\u00fc se\u00e7ebilir, giri\u015f i\u00e7in farkl\u0131 yollar deneyebilirsiniz.<\/li>\n<\/ol>\n<h3><span class=\"ez-toc-section\" id=\"Askiya-Alinan-Facebook-Hesabi-Nasil-Acilir-%F0%9F%8C%90\"><\/span>Ask\u0131ya Al\u0131nan Facebook Hesab\u0131 Nas\u0131l A\u00e7\u0131l\u0131r? <span class=\"emoji\">\ud83c\udf10<\/span><span class=\"ez-toc-section-end\"><\/span><\/h3>\n<figure id=\"attachment_3819\" aria-describedby=\"caption-attachment-3819\" style=\"width: 1200px\" class=\"wp-caption aligncenter\"><img decoding=\"async\" class=\"wp-image-3819 size-full\" src=\"https:\/\/sosyalevin.com\/blog\/wp-content\/uploads\/2023\/04\/askiya-alinan-facebook-hesabi-nasil-acilir.webp\" alt=\"Ask\u0131ya Al\u0131nan Facebook Hesab\u0131 Nas\u0131l A\u00e7\u0131l\u0131r\" width=\"1200\" height=\"628\" title=\"\" srcset=\"https:\/\/sosyalevin.com\/blog\/wp-content\/uploads\/2023\/04\/askiya-alinan-facebook-hesabi-nasil-acilir.webp 1200w, https:\/\/sosyalevin.com\/blog\/wp-content\/uploads\/2023\/04\/askiya-alinan-facebook-hesabi-nasil-acilir-300x157.webp 300w, https:\/\/sosyalevin.com\/blog\/wp-content\/uploads\/2023\/04\/askiya-alinan-facebook-hesabi-nasil-acilir-1024x536.webp 1024w, https:\/\/sosyalevin.com\/blog\/wp-content\/uploads\/2023\/04\/askiya-alinan-facebook-hesabi-nasil-acilir-768x402.webp 768w\" sizes=\"(max-width: 1200px) 100vw, 1200px\" \/><figcaption id=\"caption-attachment-3819\" class=\"wp-caption-text\">Ask\u0131ya al\u0131nan Facebook hesab\u0131 nas\u0131l a\u00e7\u0131l\u0131r<\/figcaption><\/figure>\n<p>Facebook\u2019ta bir hesap a\u00e7\u0131l\u0131\u015f\u0131ndan sonra baz\u0131 nedenler \u00f6t\u00fcr\u00fc hesab\u0131n\u0131z kapat\u0131labilmektedir. Bunlar genellikle sahte adlar, herhangi birisini taklit etme, di\u011fer insanlar\u0131 taciz etme veya topluluk standartlar\u0131n\u0131 kar\u015f\u0131lamad\u0131\u011f\u0131 i\u00e7in olabilir. E\u011fer hesab\u0131n\u0131z ask\u0131ya al\u0131nd\u0131 veya kapat\u0131ld\u0131ysa Facebook\u2019a giri\u015f yapman\u0131z m\u00fcmk\u00fcn de\u011fildir.<\/p>\n<p>A\u015fa\u011f\u0131daki ad\u0131mlar\u0131 takip etti\u011finizde 30 g\u00fcn i\u00e7erisinde ask\u0131ya al\u0131nan hesab\u0131n\u0131z\u0131 geri alabilirsiniz:<\/p>\n<ol>\n<li>\u0130lk olarak Mobil veya Masa\u00fcst\u00fc taray\u0131c\u0131n\u0131z \u00fczerinden <strong>kapat\u0131lan Facebook hesap a\u00e7ma linki<\/strong>ne giri\u015f yap\u0131n.<\/li>\n<li>Sayfa a\u00e7\u0131ld\u0131\u011f\u0131nda <strong>\u2018Ki\u015fisel Hesab\u0131m Kapat\u0131ld\u0131\u2019<\/strong> ba\u015fl\u0131\u011f\u0131 g\u00f6r\u00fcn\u00fcr olacakt\u0131r.<\/li>\n<li>Bu alanda yer alan ilk k\u0131s\u0131mda hesab\u0131n\u0131zda kulland\u0131\u011f\u0131n\u0131z e-posta adresiniz veya cep telefon numaran\u0131z\u0131 giriniz.<\/li>\n<li>N\u00fcfus kimli\u011finizde yazan ad ve soyad\u0131n\u0131z ilgili kutucu\u011fa girin.<\/li>\n<li><strong>\u2018Dosyalar\u0131 Se\u00e7\u2019<\/strong> alan\u0131ndan ise kimli\u011finizin foto\u011fraf\u0131n\u0131 \u00e7ekerek JPEG format\u0131ndaki g\u00f6rseli y\u00fckleyin.<\/li>\n<li>Son olarak formun a\u015fa\u011f\u0131s\u0131nda yer alan <strong>\u2018G\u00f6nder\u2019<\/strong> butonuna t\u0131klay\u0131n veya dokunun.<\/li>\n<\/ol>\n<p><strong>Not:<\/strong> Kimlikleriniz Facebook sunucular\u0131nda ba\u015fka birisi ula\u015fmas\u0131n diye \u015fifrelenerek 1 y\u0131la kadar saklanabilmektedir. Bu konuda hassassan\u0131z Facebook ayarlar\u0131nda 30 g\u00fcne kadar saklanmas\u0131n\u0131 se\u00e7ebilirsiniz. Ayr\u0131ca se\u00e7im veya siyasetle ilgili reklam yapmak isteyen biriyseniz kimlikler bir y\u0131ldan daha fazla saklanabilir.<\/p>\n<h3><span class=\"ez-toc-section\" id=\"Facebook-Giris-Icin-Kullanilan-Tarayici-Hatalari-Nasil-Cozulur-%F0%9F%8C%90%F0%9F%92%BB\"><\/span>Facebook Giri\u015f \u0130\u00e7in Kullan\u0131lan Taray\u0131c\u0131 Hatalar\u0131 Nas\u0131l \u00c7\u00f6z\u00fcl\u00fcr? <span class=\"emoji\">\ud83c\udf10<\/span><span class=\"emoji\">\ud83d\udcbb<\/span><span class=\"ez-toc-section-end\"><\/span><\/h3>\n<figure id=\"attachment_3821\" aria-describedby=\"caption-attachment-3821\" style=\"width: 1200px\" class=\"wp-caption aligncenter\"><img decoding=\"async\" class=\"wp-image-3821 size-full\" src=\"https:\/\/sosyalevin.com\/blog\/wp-content\/uploads\/2023\/04\/facebook-giris-icin-kullanilan-tarayici-hatalari.webp\" alt=\"Facebook Giri\u015f \u0130\u00e7in Kullan\u0131lan Taray\u0131c\u0131 Hatalar\u0131\" width=\"1200\" height=\"628\" title=\"\" srcset=\"https:\/\/sosyalevin.com\/blog\/wp-content\/uploads\/2023\/04\/facebook-giris-icin-kullanilan-tarayici-hatalari.webp 1200w, https:\/\/sosyalevin.com\/blog\/wp-content\/uploads\/2023\/04\/facebook-giris-icin-kullanilan-tarayici-hatalari-300x157.webp 300w, https:\/\/sosyalevin.com\/blog\/wp-content\/uploads\/2023\/04\/facebook-giris-icin-kullanilan-tarayici-hatalari-1024x536.webp 1024w, https:\/\/sosyalevin.com\/blog\/wp-content\/uploads\/2023\/04\/facebook-giris-icin-kullanilan-tarayici-hatalari-768x402.webp 768w\" sizes=\"(max-width: 1200px) 100vw, 1200px\" \/><figcaption id=\"caption-attachment-3821\" class=\"wp-caption-text\">Facebook giri\u015f i\u00e7in kullan\u0131lan taray\u0131c\u0131 hatalar\u0131<\/figcaption><\/figure>\n<p>Platformu kullanmak istedi\u011finizde e\u011fer hesab\u0131n\u0131z kay\u0131tl\u0131 de\u011fil ise giri\u015f i\u00e7in tekrar \u015fifre girmek zorunda kal\u0131rs\u0131n\u0131z. Mobil taray\u0131c\u0131 veya web taray\u0131c\u0131 \u00fczerinden ba\u011fland\u0131ysan\u0131z, giri\u015f bilgileriniz kaydetti\u011finizde taray\u0131c\u0131da kayd\u0131 tamamlanacakt\u0131r. Giri\u015f yapmak istedi\u011finizde de taray\u0131c\u0131 hatalar\u0131 meydana gelmektedir.<\/p>\n<p>Giri\u015f i\u00e7in kullan\u0131lan taray\u0131c\u0131 sorunlar\u0131n \u00e7\u00f6z\u00fcm\u00fc a\u015fa\u011f\u0131daki gibidir:<\/p>\n<ul>\n<li><strong>\u015eifre kaydetme sorunu \u00e7\u00f6z\u00fcm\u00fc<\/strong>: Google Chrome taray\u0131c\u0131n\u0131za \u015fifrenizi kaydettiyseniz, s\u0131ras\u0131yla <strong>Yeni Sekme &gt; 3 noktal\u0131 simge &gt; Ayarlar &gt; Ayarlarda Ara \u2018\u015eifre\u2019&gt; \u015eifre Y\u00f6neticisi &gt; \u015eifrelerde Ara &gt; Facebook &gt; Kay\u0131tl\u0131 \u015eifreler<\/strong> k\u0131s\u0131mlar\u0131ndan \u015fifrenizi bulabilirsiniz.<\/li>\n<li><strong>G\u00fcncelleme hatas\u0131 \u00e7\u00f6z\u00fcm\u00fc<\/strong>: Taray\u0131c\u0131 yeni g\u00fcncelleme ald\u0131\u011f\u0131nda sizin g\u00fcncellemenizi talep eder. Talep etmedi\u011fi durumlarda Facebook giri\u015f i\u00e7in hata olmas\u0131na sebebiyet verebilir. Bu y\u00fczden web taray\u0131c\u0131 kullan\u0131yorsan\u0131z, ekran\u0131n sa\u011f en \u00fcst k\u00f6\u015fesinde bulunan <strong>\u2018G\u00fcncelle\u2019<\/strong> butonuna t\u0131klay\u0131n\u0131z.<\/li>\n<li><strong>Otomatik doldurma hatas\u0131 \u00e7\u00f6z\u00fcm\u00fc<\/strong>: Google kaynakl\u0131 meydana gelen bu sorun, yanl\u0131\u015f e-posta ve \u015fifre sonucu olu\u015fmaktad\u0131r. \u00d6zellikle birden fazla Facebook hesab\u0131n\u0131z varsa otomatik doldurma k\u0131sm\u0131 a\u00e7\u0131l\u0131r ve daha \u00f6nce kaydedilmi\u015f \u015fifre girilir. Hesab\u0131n \u015fifresi unutuldu\u011funda daha \u00f6nce de yanl\u0131\u015f \u015fekilde kaydedildi\u011finden dolay\u0131 giri\u015f yapamazs\u0131n\u0131z. Tek \u00e7\u00f6z\u00fcm <strong>\u2018\u015eifreni mi unuttun\u2019 <\/strong>ekran\u0131nda sakl\u0131d\u0131r.<\/li>\n<li><strong>\u00c7erezlerden kaynakl\u0131 giri\u015f yapamama<\/strong>: Taray\u0131c\u0131n\u0131z belirli bir zaman aral\u0131\u011f\u0131nda \u00e7ok fazla y\u00fckleme ve kullan\u0131m sonucu baz\u0131 platformlara giri\u015f i\u00e7in zorlanabilmektedir. \u00d6zellikle her \u015fey do\u011fru olsa bile Facebook\u2019a \u00e7erezlerden kaynakl\u0131 giri\u015f yap\u0131lamaz. \u00c7\u00f6z\u00fcm\u00fc i\u00e7in Google web ma\u011fazas\u0131ndan taray\u0131c\u0131n\u0131za <strong><a href=\"https:\/\/chromewebstore.google.com\/detail\/cookie-cleaner-cookie-era\/cbmeppphogddecgcngpdiknecdacbkoa?hl=tr\" target=\"_blank\" rel=\"noopener\">Cookie Cleaner<\/a><\/strong> gibi eklentiler ekleyin.<\/li>\n<\/ul>\n<h3><span class=\"ez-toc-section\" id=\"Internet-Baglantili-Sorunlar-Nasil-Cozulur-%F0%9F%92%BB%F0%9F%93%B1\"><\/span>\u0130nternet Ba\u011flant\u0131l\u0131 Sorunlar Nas\u0131l \u00c7\u00f6z\u00fcl\u00fcr? <span class=\"emoji\">\ud83d\udcbb<\/span><span class=\"emoji\">\ud83d\udcf1<\/span><span class=\"ez-toc-section-end\"><\/span><\/h3>\n<figure id=\"attachment_3823\" aria-describedby=\"caption-attachment-3823\" style=\"width: 1200px\" class=\"wp-caption aligncenter\"><img decoding=\"async\" class=\"wp-image-3823 size-full\" src=\"https:\/\/sosyalevin.com\/blog\/wp-content\/uploads\/2023\/04\/internet-baglantili-sorunlar-nasil-cozulur.webp\" alt=\"\u0130nternet Ba\u011flant\u0131l\u0131 Sorunlar Nas\u0131l \u00c7\u00f6z\u00fcl\u00fcr\" width=\"1200\" height=\"628\" title=\"\" srcset=\"https:\/\/sosyalevin.com\/blog\/wp-content\/uploads\/2023\/04\/internet-baglantili-sorunlar-nasil-cozulur.webp 1200w, https:\/\/sosyalevin.com\/blog\/wp-content\/uploads\/2023\/04\/internet-baglantili-sorunlar-nasil-cozulur-300x157.webp 300w, https:\/\/sosyalevin.com\/blog\/wp-content\/uploads\/2023\/04\/internet-baglantili-sorunlar-nasil-cozulur-1024x536.webp 1024w, https:\/\/sosyalevin.com\/blog\/wp-content\/uploads\/2023\/04\/internet-baglantili-sorunlar-nasil-cozulur-768x402.webp 768w\" sizes=\"(max-width: 1200px) 100vw, 1200px\" \/><figcaption id=\"caption-attachment-3823\" class=\"wp-caption-text\">\u0130nternet ba\u011flant\u0131l\u0131 sorunlar nas\u0131l \u00e7\u00f6z\u00fcl\u00fcr<\/figcaption><\/figure>\n<p>Sosyal medya uygulamalar\u0131ndan biri konumunda olan Facebook, online \u00e7al\u0131\u015fmaktad\u0131r. \u0130nternet kaynakl\u0131 sorunlar olu\u015ftu\u011funda hesab\u0131n\u0131za offline olarak giremezseniz. Bu nedenle Facebook\u2019a giri\u015f yapam\u0131yorsan\u0131z, internet kaynakl\u0131 sorunlar\u0131n\u0131z\u0131 \u00e7\u00f6zmeniz gereklidir.<\/p>\n<p><strong>Facebook kurtarma kodu ile giri\u015f<\/strong> veya <strong>\u2018Eski Facebook\u2019umu a\u00e7\u2019<\/strong> gibi i\u015flemleri yapmak istiyorsan\u0131z, \u00f6ncelikle a\u015fa\u011f\u0131daki internet kaynakl\u0131 sorunlar\u0131n\u0131z\u0131 \u00e7\u00f6z\u00fcn:<\/p>\n<ul>\n<li><strong>Wi-fi ayarlar\u0131n\u0131 kontrol edin<\/strong>: Mobil cihaz\u0131n\u0131z \u00fczerinden giri\u015f yapmak istedi\u011finizde internetiniz hi\u00e7 olmayabilir. \u00c7o\u011funlukla telefonunuzun ana ekran\u0131na parma\u011f\u0131n\u0131zla \u00fcste kayd\u0131rd\u0131\u011f\u0131n\u0131zda Wi-fi k\u0131sm\u0131n\u0131n kapal\u0131 olmas\u0131na kaynaklan\u0131r. A\u00e7arak sorunuzu \u00e7\u00f6zebilirsiniz.<\/li>\n<li><strong>H\u00fccresel veri veya Wi-fi ayarlar\u0131<\/strong>: \u0130nternetinizin oldu\u011funu d\u00fc\u015f\u00fcn\u00fcyor ve yine de giri\u015f yapam\u0131yorsan\u0131z, yanl\u0131\u015f ba\u011flant\u0131y\u0131 deniyor olabilirsiniz. Wi-fi ve h\u00fccresel veri birlikte a\u00e7\u0131ksa internet ilk Wi-fi\u2019den alacakt\u0131r. Bu y\u00fczden yaln\u0131zca internet hangisinde var o k\u0131sm\u0131 aktif hale getirin.<\/li>\n<li><strong>\u0130nternetiniz hi\u00e7 olmad\u0131\u011f\u0131nda \u00e7\u00f6z\u00fcm<\/strong>: Ev veya ofis internetini kullan\u0131yorsan\u0131z, modem \u0131\u015f\u0131klar\u0131n\u0131n yan\u0131p yanmad\u0131\u011f\u0131n\u0131 kontrol edin. Yanm\u0131yor veya eksik yan\u0131yorsa, modemi resetleyebilirsiniz. Sorun genel hatlardan kaynaklan\u0131yorsa o halde internet servisinizle ileti\u015fime ge\u00e7iniz.<\/li>\n<\/ul>\n<h3><span class=\"ez-toc-section\" id=\"Facebook-Giris-Yapamiyorum-Sorunu-Icin-Sunucu-Hatasi-Cozumu-%F0%9F%91%8F\"><\/span>Facebook Giri\u015f Yapam\u0131yorum Sorunu \u0130\u00e7in Sunucu Hatas\u0131 \u00c7\u00f6z\u00fcm\u00fc <span class=\"emoji\">\ud83d\udc4f<\/span><span class=\"ez-toc-section-end\"><\/span><\/h3>\n<figure id=\"attachment_3824\" aria-describedby=\"caption-attachment-3824\" style=\"width: 1200px\" class=\"wp-caption aligncenter\"><img decoding=\"async\" class=\"wp-image-3824 size-full\" src=\"https:\/\/sosyalevin.com\/blog\/wp-content\/uploads\/2023\/04\/facebook-yapamiyorum-sorunu-icin-sunucu-hatasi.webp\" alt=\"Facebook Giri\u015f Yapam\u0131yorum Sorunu \u0130\u00e7in Sunucu Hatas\u0131\" width=\"1200\" height=\"628\" title=\"\" srcset=\"https:\/\/sosyalevin.com\/blog\/wp-content\/uploads\/2023\/04\/facebook-yapamiyorum-sorunu-icin-sunucu-hatasi.webp 1200w, https:\/\/sosyalevin.com\/blog\/wp-content\/uploads\/2023\/04\/facebook-yapamiyorum-sorunu-icin-sunucu-hatasi-300x157.webp 300w, https:\/\/sosyalevin.com\/blog\/wp-content\/uploads\/2023\/04\/facebook-yapamiyorum-sorunu-icin-sunucu-hatasi-1024x536.webp 1024w, https:\/\/sosyalevin.com\/blog\/wp-content\/uploads\/2023\/04\/facebook-yapamiyorum-sorunu-icin-sunucu-hatasi-768x402.webp 768w\" sizes=\"(max-width: 1200px) 100vw, 1200px\" \/><figcaption id=\"caption-attachment-3824\" class=\"wp-caption-text\">Facebook giri\u015f yapam\u0131yorum sorunu i\u00e7in sunucu hatas\u0131 \u00e7\u00f6z\u00fcm\u00fc<\/figcaption><\/figure>\n<p>Hesab\u0131n\u0131za giri\u015f yapmak istedi\u011finizde sizden kaynaklanmayan sorun oldu\u011funda bu teknik bir hatad\u0131r. Genellikle beklemek en iyi \u00e7\u00f6z\u00fcmd\u00fcr ama nedenlerini bildi\u011finizde hatay\u0131 en k\u0131sa s\u00fcrede \u00e7\u00f6zebilirsiniz. \u00d6zellikle bu, uzun s\u00fcre devam etti\u011fi durumlarda i\u015finize yarayacakt\u0131r.<\/p>\n<p><u>Sunuculardan dolay\u0131 <strong>\u2018\u00dczg\u00fcn\u00fcz, bu sayfaya ula\u015f\u0131lam\u0131yor\u2019<\/strong> hatas\u0131 al\u0131yorsan\u0131z, a\u015fa\u011f\u0131daki ad\u0131mlar\u0131 yapabilirsiniz<\/u>:<\/p>\n<ul>\n<li>Sunucu hatas\u0131ndan meydana geldi\u011finden \u00f6t\u00fcr\u00fc 1-2 dakika bekledikten sonra Facebook giri\u015f ekran\u0131na tekrardan giri\u015f sa\u011flayabilirsiniz.<\/li>\n<li>Ayn\u0131 ekran\u0131 taray\u0131c\u0131dan giriyorsan\u0131z, <strong>sayfay\u0131 yenile simgesi<\/strong>ne t\u0131klayarak sorununuzu \u00e7\u00f6zebilirsiniz.<\/li>\n<li>Sorun bulundu\u011funuz b\u00f6lge veya <strong>\u201cFacebook\u2019a neden girilmiyor son dakika\u201d<\/strong> gibi sorgular\u0131n\u0131za neden oluyorsa bir VPN servisi kullanabilirsiniz. VPN servisi ile bulundu\u011funuz \u00fclkeden ba\u015fka bir \u00fclke \u00fczerinden ba\u011flanarak hesab\u0131n\u0131za giri\u015f yapman\u0131z m\u00fcmk\u00fcn olacakt\u0131r.<\/li>\n<\/ul>\n<h3><span class=\"ez-toc-section\" id=\"Facebook-Hacklenen-Hesap-Nasil-Kurtarilir-%F0%9F%8F%AE\"><\/span>Facebook Hacklenen Hesap Nas\u0131l Kurtar\u0131l\u0131r? <span class=\"emoji\">\ud83c\udfee<\/span><span class=\"ez-toc-section-end\"><\/span><\/h3>\n<figure id=\"attachment_3828\" aria-describedby=\"caption-attachment-3828\" style=\"width: 1200px\" class=\"wp-caption aligncenter\"><img decoding=\"async\" class=\"wp-image-3828 size-full\" src=\"https:\/\/sosyalevin.com\/blog\/wp-content\/uploads\/2023\/04\/facebook-hacklenen-hesap-nasil-kurtarilir-1.webp\" alt=\"Facebook hacklenen hesap nas\u0131l kurtar\u0131l\u0131r\" width=\"1200\" height=\"628\" title=\"\" srcset=\"https:\/\/sosyalevin.com\/blog\/wp-content\/uploads\/2023\/04\/facebook-hacklenen-hesap-nasil-kurtarilir-1.webp 1200w, https:\/\/sosyalevin.com\/blog\/wp-content\/uploads\/2023\/04\/facebook-hacklenen-hesap-nasil-kurtarilir-1-300x157.webp 300w, https:\/\/sosyalevin.com\/blog\/wp-content\/uploads\/2023\/04\/facebook-hacklenen-hesap-nasil-kurtarilir-1-1024x536.webp 1024w, https:\/\/sosyalevin.com\/blog\/wp-content\/uploads\/2023\/04\/facebook-hacklenen-hesap-nasil-kurtarilir-1-768x402.webp 768w\" sizes=\"(max-width: 1200px) 100vw, 1200px\" \/><figcaption id=\"caption-attachment-3828\" class=\"wp-caption-text\">Facebook hacklenen hesap nas\u0131l kurtar\u0131l\u0131r<\/figcaption><\/figure>\n<p><strong>Facebook giri\u015f<\/strong> i\u00e7in bir\u00e7ok yolu denedin ve olmad\u0131. Belki de hesab\u0131n\u0131 ba\u015fkas\u0131 ele ge\u00e7irmi\u015f olabilir. Merak etme, hacklenen hesaplar, tekrar kurtar\u0131labilmektedir. Nas\u0131l yap\u0131laca\u011f\u0131n\u0131 \u00f6\u011frenmek istiyorsan, a\u015fa\u011f\u0131daki ad\u0131mlar\u0131 takip ederek hacklenen hesab\u0131 geri a\u00e7abilirsin:<\/p>\n<ol>\n<li>\u0130lk olarak <strong><a href=\"https:\/\/tr-tr.facebook.com\/help\/1306725409382822\/\" target=\"_blank\" rel=\"nofollow noopener\">Facebook hacklenen hesab\u0131 geri kurtarma linki<\/a><\/strong>ne ula\u015f.<\/li>\n<li>Sayfa a\u00e7\u0131ld\u0131\u011f\u0131nda Facebook otomatik olarak ne yapman\u0131z gerekti\u011fine dair, ad\u0131mlara yer verecektir.<\/li>\n<li><strong>\u2018\u00d6ncelikle bize ne oldu\u011funu anlat\u0131r m\u0131s\u0131n\u2019<\/strong> k\u0131sm\u0131na size uygun 3 se\u00e7enekten birini se\u00e7in.<\/li>\n<li>Arkada\u015f\u0131m\u0131n hesab\u0131n\u0131 bir ba\u015fkas\u0131n\u0131 ele ge\u00e7irdi dediyseniz, sorununun \u00e7\u00f6z\u00fcm\u00fc <strong><a href=\"https:\/\/www.facebook.com\/hacked\" target=\"_blank\" rel=\"nofollow noopener\">bu linkte<\/a><\/strong> olacakt\u0131r.<\/li>\n<li>Ancak kendi hesab\u0131n\u0131 kurtarmak istiyorsan, ilk se\u00e7ene\u011fi se\u00e7ebilir ve di\u011fer soruya ge\u00e7ebilirsiniz.<\/li>\n<li>Giri\u015f yapabiliyorsan\u0131z <strong>Evet<\/strong>, yapam\u0131yorsan\u0131z <strong>Hay\u0131r<\/strong> se\u00e7ene\u011fini i\u015faretleyin.<\/li>\n<li>Sonraki se\u00e7eneklerde ise nas\u0131l \u00e7\u00f6zmeniz gerekti\u011fine dair se\u00e7enekler verecek ve izlemeniz gereken talimatlar\u0131n yol haritas\u0131n\u0131 sunacakt\u0131r.<\/li>\n<li>B\u00f6ylelikle kolayl\u0131kla Facebook ele ge\u00e7irilen hesab\u0131n\u0131z\u0131 kurtarabilirsiniz.<\/li>\n<\/ol>\n<h3><span class=\"ez-toc-section\" id=\"%E2%80%9CEski-Facebookumu-Geri-Yukle%E2%80%9D-Hatasinin-Cozumu-%F0%9F%91%B4%F0%9F%91%B5\"><\/span>&#8220;Eski Facebook\u2019umu Geri Y\u00fckle&#8221; Hatas\u0131n\u0131n \u00c7\u00f6z\u00fcm\u00fc <span class=\"emoji\">\ud83d\udc74<\/span><span class=\"emoji\">\ud83d\udc75<\/span><span class=\"ez-toc-section-end\"><\/span><\/h3>\n<p>Facebook giri\u015f yapam\u0131yorum sorunu i\u00e7in ba\u015fka bir hesap ad\u0131na deniyorsan\u0131z, eski hesab\u0131 geri almak istiyor olabilirsiniz. Genellikle bu \u00e7\u00f6z\u00fcm, unutulan bir hesab\u0131n \u015fifresini yenilemek veya tekrardan kullanmakt\u0131r. Nas\u0131l yap\u0131laca\u011f\u0131n\u0131 bilmiyorsan, a\u015fa\u011f\u0131daki yollar\u0131 \u015fimdi dene!<\/p>\n<p><u>iOS veya Android cihaz\u0131n\u0131z \u00fczerinden eski Facebook\u2019unuzu geri almak i\u00e7in a\u015fa\u011f\u0131daki ad\u0131mlar\u0131 uygulay\u0131n<\/u>:<\/p>\n<figure id=\"attachment_3832\" aria-describedby=\"caption-attachment-3832\" style=\"width: 1200px\" class=\"wp-caption aligncenter\"><img decoding=\"async\" class=\"wp-image-3832 size-full\" src=\"https:\/\/sosyalevin.com\/blog\/wp-content\/uploads\/2023\/04\/eski-facebookumu-geri-yukle-hatasinin-cozumu.webp\" alt=\"\u2018Eski Facebook\u2019umu Geri Y\u00fckle\u2019 Hatas\u0131n\u0131n \u00c7\u00f6z\u00fcm\u00fc\" width=\"1200\" height=\"628\" title=\"\" srcset=\"https:\/\/sosyalevin.com\/blog\/wp-content\/uploads\/2023\/04\/eski-facebookumu-geri-yukle-hatasinin-cozumu.webp 1200w, https:\/\/sosyalevin.com\/blog\/wp-content\/uploads\/2023\/04\/eski-facebookumu-geri-yukle-hatasinin-cozumu-300x157.webp 300w, https:\/\/sosyalevin.com\/blog\/wp-content\/uploads\/2023\/04\/eski-facebookumu-geri-yukle-hatasinin-cozumu-1024x536.webp 1024w, https:\/\/sosyalevin.com\/blog\/wp-content\/uploads\/2023\/04\/eski-facebookumu-geri-yukle-hatasinin-cozumu-768x402.webp 768w\" sizes=\"(max-width: 1200px) 100vw, 1200px\" \/><figcaption id=\"caption-attachment-3832\" class=\"wp-caption-text\">eski Facebook&#8217;umu geri y\u00fckle hatas\u0131n\u0131n \u00e7\u00f6z\u00fcm\u00fc<\/figcaption><\/figure>\n<ol>\n<li>Cihaz\u0131n\u0131zda y\u00fckl\u00fc olan Facebook uygulamas\u0131n\u0131 a\u00e7\u0131n\u0131z.<\/li>\n<li>Ana sayfa ekran\u0131na giri\u015f yapt\u0131\u011f\u0131n\u0131zda mesaj simgesinin yan\u0131nda bulunan <strong>\u2018Arama\u2019<\/strong> simgesine dokunun.<\/li>\n<li>Aramak istedi\u011finiz kullan\u0131c\u0131 ad\u0131n\u0131 girin veya <strong>OK <\/strong>butonuna bas\u0131n\u0131z.<\/li>\n<li>Hesab\u0131 bulduktan sonra \u00fczerine dokunun ve <strong>profil sayfas\u0131<\/strong>na ula\u015f\u0131n.<\/li>\n<li>Profil sayfas\u0131n\u0131n hemen yan\u0131na bulunan \u00fc\u00e7 noktal\u0131 simgeye dokunun.<\/li>\n<li>A\u00e7\u0131lan sayfan\u0131n en \u00fcst\u00fcndeki <strong>\u2018Profili \u015eikayet Et\u2019<\/strong> yaz\u0131s\u0131na bas\u0131n\u0131z.<\/li>\n<li>L\u00fctfen bir soru se\u00e7 ekran\u0131n\u0131n en alt\u0131nda yer alan <strong>\u2018Ba\u015fka Bir \u015eey\u2019<\/strong> yaz\u0131s\u0131na dokunun.<\/li>\n<li><strong>\u2018Se\u00e7imin\u2019<\/strong> ekran\u0131na y\u00f6nlendirildi\u011finizde ise <strong>\u2018Bu hesab\u0131 geri al\u2019<\/strong> k\u0131sm\u0131na dokunun ve kar\u015f\u0131n\u0131za \u00e7\u0131kacak ad\u0131mlar\u0131 tamamlay\u0131n.<\/li>\n<li>Son olarak sayfan\u0131n en a\u015fa\u011f\u0131s\u0131nda yer alan <strong>\u2018Bitti\u2019<\/strong> butonuna dokunun.<\/li>\n<\/ol>\n<p><u>Web taray\u0131c\u0131 kullanarak eski Facebook hesab\u0131n\u0131 kullanmak istiyorsan a\u015fa\u011f\u0131daki k\u0131lavuzu uygulay\u0131n<\/u>:<\/p>\n<ol>\n<li>\u00d6ncelikle web taray\u0131c\u0131n\u0131z \u00fczerinden facebook.com adresine giri\u015f yap\u0131n\u0131z.<\/li>\n<li>Var olan hesab\u0131n\u0131zla oturum a\u00e7arak giri\u015f yap\u0131n.<\/li>\n<li>Ana sayfaya ula\u015ft\u0131\u011f\u0131n\u0131zda ise sayfan\u0131n en yukar\u0131s\u0131nda yer alan Facebook\u2019ta Ara k\u0131sm\u0131na t\u0131klay\u0131n ve kullan\u0131c\u0131y\u0131 aray\u0131n.<\/li>\n<li>Bulduktan sonra \u00fczerine t\u0131klay\u0131n ve profil sayfas\u0131na ula\u015f\u0131n.<\/li>\n<li>Profil sayfas\u0131nda panelin en sa\u011f\u0131nda yer alan \u00fc\u00e7 noktal\u0131 simgeye t\u0131klay\u0131n.<\/li>\n<li>A\u00e7\u0131lan yar\u0131m men\u00fcde <strong>\u2018Destek al veya \u015fikayet et\u2019<\/strong> k\u0131sm\u0131n\u0131 se\u00e7in.<\/li>\n<li><strong>\u2018\u015eikayet Et\u2019<\/strong> sayfas\u0131nda a\u00e7\u0131lan k\u0131sm\u0131n en alt\u0131nda bulunan <strong>\u2018Ba\u015fka bir \u015fey\u2019<\/strong> yaz\u0131s\u0131na t\u0131klay\u0131n.<\/li>\n<li>Se\u00e7imin ekran\u0131nda yer alan ve en alt\u0131nda bulunan <strong>\u2018Bu hesab\u0131 geri al\u2019<\/strong> yaz\u0131s\u0131na t\u0131klay\u0131n.<\/li>\n<li>Sayfa sizi Facebook hesab\u0131n\u0131 bul ekran\u0131na atayacakt\u0131r, ilgili alanlar doldurun ve talimatlar\u0131 tamamlay\u0131n.<\/li>\n<li>Son olarak sayfan\u0131n en a\u015fa\u011f\u0131s\u0131nda bulunan <strong>\u2018Bitti\u2019<\/strong> k\u0131sm\u0131na t\u0131klad\u0131\u011f\u0131n\u0131zda sorununuz \u00e7\u00f6z\u00fclm\u00fc\u015f olacakt\u0131r.<\/li>\n<\/ol>\n<p><strong>Not:<\/strong> Bu ad\u0131mlar eski Facebook hesab\u0131n\u0131 unutanlar ve tekrardan giri\u015f yapmak isteyenler i\u00e7indir.<\/p>\n<h3><span class=\"ez-toc-section\" id=\"Facebook-Giris-Onayi-Gerekiyor-Sorunu-Nasil-Cozulur\"><\/span>Facebook Giri\u015f Onay\u0131 Gerekiyor Sorunu Nas\u0131l \u00c7\u00f6z\u00fcl\u00fcr?<span class=\"ez-toc-section-end\"><\/span><\/h3>\n<p><strong>\u2018Facebook giri\u015f onay\u0131 gerekiyor\u2019<\/strong> hatas\u0131, iki fakt\u00f6rl\u00fc do\u011frulaman\u0131n a\u00e7\u0131k olmad\u0131\u011f\u0131 durumlarda ger\u00e7ekle\u015fmektedir. A\u015fa\u011f\u0131daki ad\u0131mlar\u0131 takip ederek Facebook hesab\u0131n\u0131z i\u00e7in iki fakt\u00f6rl\u00fc do\u011frulamay\u0131 aktifle\u015ftirebilirsiniz.<\/p>\n<h4><span class=\"ez-toc-section\" id=\"Android-ve-iOS-Cihazlar-icin-Talimatlar\"><\/span>Android ve iOS Cihazlar i\u00e7in Talimatlar<span class=\"ez-toc-section-end\"><\/span><\/h4>\n<figure id=\"attachment_3835\" aria-describedby=\"caption-attachment-3835\" style=\"width: 1200px\" class=\"wp-caption aligncenter\"><img decoding=\"async\" class=\"wp-image-3835 size-full\" src=\"https:\/\/sosyalevin.com\/blog\/wp-content\/uploads\/2023\/04\/facebook-giris-onay-gerekiyor-sorunu.webp\" alt=\"Facebook Giri\u015f Onay\u0131 Gerekiyor Sorunu\" width=\"1200\" height=\"628\" title=\"\" srcset=\"https:\/\/sosyalevin.com\/blog\/wp-content\/uploads\/2023\/04\/facebook-giris-onay-gerekiyor-sorunu.webp 1200w, https:\/\/sosyalevin.com\/blog\/wp-content\/uploads\/2023\/04\/facebook-giris-onay-gerekiyor-sorunu-300x157.webp 300w, https:\/\/sosyalevin.com\/blog\/wp-content\/uploads\/2023\/04\/facebook-giris-onay-gerekiyor-sorunu-1024x536.webp 1024w, https:\/\/sosyalevin.com\/blog\/wp-content\/uploads\/2023\/04\/facebook-giris-onay-gerekiyor-sorunu-768x402.webp 768w\" sizes=\"(max-width: 1200px) 100vw, 1200px\" \/><figcaption id=\"caption-attachment-3835\" class=\"wp-caption-text\">Facebook giri\u015f onay\u0131 gerekiyor i\u00e7in Android ve iOS \u00e7\u00f6z\u00fcm\u00fc<\/figcaption><\/figure>\n<ol>\n<li>Mobil cihaz\u0131n\u0131zda y\u00fckl\u00fc Facebook uygulamas\u0131n\u0131 a\u00e7\u0131n.<\/li>\n<li>Sayfan\u0131n yukar\u0131s\u0131nda bulunan Profil resmine bas\u0131n\u0131z.<\/li>\n<li>Men\u00fc ekran\u0131 a\u00e7\u0131ld\u0131\u011f\u0131nda sayfay\u0131 <strong>\u2018Daha Fazlas\u0131n\u0131 G\u00f6r\u2019<\/strong> k\u0131sm\u0131 g\u00f6r\u00fcn\u00fcnceye kadar parma\u011f\u0131n\u0131zla kayd\u0131r\u0131n.<\/li>\n<li>G\u00f6r\u00fcnen yaz\u0131n\u0131n alt\u0131nda yer alan k\u0131s\u0131mda <strong>\u2018Ayarlar ve Gizlilik\u2019<\/strong> k\u0131sm\u0131na dokunun.<\/li>\n<li>Di\u011fer alandan ise <strong>\u2018Ayarlar\u2019<\/strong> simgesine dokunun.<\/li>\n<li>Meta logosunu g\u00f6rd\u00fckten sonra sayfay\u0131 biraz a\u015fa\u011f\u0131ya do\u011fru kayd\u0131r\u0131n ve <strong>\u2018G\u00fcvenlik\u2019<\/strong> k\u0131sm\u0131n\u0131 bulun.<\/li>\n<li>G\u00fcvenlik k\u0131sm\u0131ndan <strong>\u2018G\u00fcvenlik ve Giri\u015f\u2019<\/strong> yaz\u0131s\u0131na dokunun.<\/li>\n<li>A\u00e7\u0131lan sayfan\u0131n ortas\u0131nda yer alan <strong>\u2018\u0130ki fakt\u00f6rl\u00fc kimlik do\u011frulamas\u0131 kullan\u2019<\/strong> yaz\u0131s\u0131na dokunun.<\/li>\n<li><strong>\u2018Hesab\u0131n korunmas\u0131na yard\u0131m et\u2019<\/strong> ba\u015fl\u0131\u011f\u0131n\u0131n alt\u0131nda yer alan g\u00fcvenli\u011finiz i\u00e7in <em>K\u0131sa Mesaj<\/em>, <em>Kimlik do\u011frulama uygulamas\u0131<\/em> veya <em>G\u00fcvenlik Anahtar\u0131<\/em> se\u00e7eneklerini i\u015faretleyerek <strong>\u2018Devam Et\u2019<\/strong> butonuna t\u0131klay\u0131n.<\/li>\n<li>Di\u011fer talimatlar\u0131 izleyerek gerekli olan t\u00fcm ad\u0131mlar\u0131 yapabilir, Facebook hesab\u0131n\u0131z i\u00e7in iki fakt\u00f6rl\u00fc do\u011frulamay\u0131 aktifle\u015ftirebilirsiniz.<\/li>\n<\/ol>\n<h2><span class=\"ez-toc-section\" id=\"Facebook-Hesabi-Nasil-Kurtarilir\"><\/span>Facebook Hesab\u0131 Nas\u0131l Kurtar\u0131l\u0131r?<span class=\"ez-toc-section-end\"><\/span><\/h2>\n<p><iframe loading=\"lazy\" title=\"Yeni! E-posta ve Telefon Numaras\u0131 Olmadan Facebook Hesab\u0131 Nas\u0131l Kurtar\u0131l\u0131r [2022&#039;de]\" width=\"500\" height=\"281\" src=\"https:\/\/www.youtube.com\/embed\/d4QTSpNy5Mo?feature=oembed\" frameborder=\"0\" allow=\"accelerometer; autoplay; clipboard-write; encrypted-media; gyroscope; picture-in-picture; web-share\" referrerpolicy=\"strict-origin-when-cross-origin\" allowfullscreen><\/iframe><\/p>\n<p>Facebook hesab\u0131n\u0131z yukar\u0131da anlatt\u0131\u011f\u0131m\u0131z nedenlerden \u00f6t\u00fcr\u00fc sorunlar olu\u015fturabilmektedir. Hesab\u0131n\u0131z\u0131 kurtarmak i\u00e7in \u00f6ncelikle hatan\u0131n kayna\u011f\u0131n\u0131 \u00f6\u011frenmek sonras\u0131nda ise \u00e7\u00f6z\u00fcm\u00fc uygulamak gereklidir. E\u011fer hesab\u0131n\u0131z kapal\u0131ysa 30 g\u00fcn i\u00e7erisinde ask\u0131ya al\u0131nan Facebook hesab\u0131 a\u00e7ma ad\u0131mlar\u0131n\u0131 uygulayabilirsiniz.<\/p>\n<h2><span class=\"ez-toc-section\" id=\"Sik-Sorulan-Sorular\"><\/span>S\u0131k Sorulan Sorular<span class=\"ez-toc-section-end\"><\/span><\/h2>\n\n\t\t<div class=\"clearfix\"><\/div>\n\t\t<div class=\"toggle tie-sc-open\">\n\t\t\t<h3 class=\"toggle-head\"><span class=\"ez-toc-section\" id=\"Eski-Facebook-Hesabi-Nasil-Geri-Alinir\"><\/span>Eski Facebook Hesab\u0131 Nas\u0131l Geri Al\u0131n\u0131r? <span class=\"fa fa-angle-down\" aria-hidden=\"true\"><\/span><span class=\"ez-toc-section-end\"><\/span><\/h3>\n\t\t\t<div class=\"toggle-content\">Eski Facebook hesab\u0131n\u0131z\u0131 geri almak i\u00e7in uygulamaya giri\u015f yapt\u0131ktan sonra kullan\u0131c\u0131y\u0131 bulmaktan ge\u00e7er. Kullan\u0131c\u0131 bulup, profil sayfas\u0131n\u0131n yan\u0131ndaki men\u00fcden <strong>\u2018Destek al veya \u015fikayet et\u2019<\/strong> k\u0131sm\u0131nda talimatlar\u0131 izleyerek sorununuzu \u00e7\u00f6zebilirsiniz.\n\t\t\t<\/div>\n\t\t<\/div>\n\t\n\n\t\t<div class=\"clearfix\"><\/div>\n\t\t<div class=\"toggle tie-sc-open\">\n\t\t\t<h3 class=\"toggle-head\"><span class=\"ez-toc-section\" id=\"Facebook-Hesabim-Niye-Kapandi\"><\/span>Facebook Hesab\u0131m Niye Kapand\u0131? <span class=\"fa fa-angle-down\" aria-hidden=\"true\"><\/span><span class=\"ez-toc-section-end\"><\/span><\/h3>\n\t\t\t<div class=\"toggle-content\">Hesab\u0131n\u0131z farkl\u0131 sebeplerden \u00f6t\u00fcr\u00fc kapanm\u0131\u015f olabilir. Bunlar; Facebook topluluk kurallar\u0131na uymamak, sahte isim kullanmak, tek kullan\u0131ml\u0131 e-posta servislerini kullanmak, sanat\u00e7\u0131 ad\u0131n\u0131 kullanmak, ba\u015fkas\u0131n\u0131 taciz etmek veya k\u00f6t\u00fc itamda bulunmak, su\u00e7 te\u015fkil eden durumlar yapmak, uyu\u015fturucu gibi genel yasalarca yasak olan \u00fcr\u00fcn\u00fcn reklam\u0131n\u0131 yapmakt\u0131r.\n\t\t\t<\/div>\n\t\t<\/div>\n\t\n\n\t\t<div class=\"clearfix\"><\/div>\n\t\t<div class=\"toggle tie-sc-open\">\n\t\t\t<h3 class=\"toggle-head\"><span class=\"ez-toc-section\" id=\"Kilitlenen-Facebook-Hesabi-Kendiliginden-Acilir-mi\"><\/span>Kilitlenen Facebook Hesab\u0131 Kendili\u011finden A\u00e7\u0131l\u0131r m\u0131? <span class=\"fa fa-angle-down\" aria-hidden=\"true\"><\/span><span class=\"ez-toc-section-end\"><\/span><\/h3>\n\t\t\t<div class=\"toggle-content\">Kilitlenen Facebook hesab\u0131n\u0131z oldu\u011funda g\u00fcvenlik kontrol\u00fc tamamland\u0131\u011f\u0131nda tekrar giri\u015f i\u00e7in 24 saat s\u00fcresiniz bulunur. Gerekli ad\u0131mlar\u0131 yapt\u0131\u011f\u0131n\u0131zda hesab\u0131n\u0131z 1 g\u00fcn i\u00e7erisinde a\u00e7\u0131lacakt\u0131r.\n\t\t\t<\/div>\n\t\t<\/div>\n\t\n\n\t\t<div class=\"clearfix\"><\/div>\n\t\t<div class=\"toggle tie-sc-open\">\n\t\t\t<h3 class=\"toggle-head\"><span class=\"ez-toc-section\" id=\"E-posta-Ve-Sifresi-Unutulan-Facebook-Nasil-Bulunur\"><\/span>E-posta Ve \u015eifresi Unutulan Facebook Nas\u0131l Bulunur? <span class=\"fa fa-angle-down\" aria-hidden=\"true\"><\/span><span class=\"ez-toc-section-end\"><\/span><\/h3>\n\t\t\t<div class=\"toggle-content\">E-posta, cep telefonu ve \u015fifresi unutulan hesap eski ise bulunabilmektedir. Eski hesab\u0131 geri alma ad\u0131mlar\u0131n\u0131 veya Facebook\u2019ta arama yaparak sorununuzu \u00e7\u00f6zebilirsiniz.\n\t\t\t<\/div>\n\t\t<\/div>\n\t\n\n\t\t<div class=\"clearfix\"><\/div>\n\t\t<div class=\"toggle tie-sc-open\">\n\t\t\t<h3 class=\"toggle-head\"><span class=\"ez-toc-section\" id=\"Facebook-Nasil-Aktiflestirilir\"><\/span>Facebook Nas\u0131l Aktifle\u015ftirilir? <span class=\"fa fa-angle-down\" aria-hidden=\"true\"><\/span><span class=\"ez-toc-section-end\"><\/span><\/h3>\n\t\t\t<div class=\"toggle-content\"><strong>\u2018Facebook giri\u015f yapam\u0131yorum\u2019<\/strong> sorunu ya\u015f\u0131yorsan\u0131z, hesab\u0131n\u0131z\u0131 aktifle\u015ftirmek \u00f6nemlidir. Aktifle\u015ftirmek i\u00e7in sizden istenen e-posta veya cep telefonu do\u011frulama ad\u0131mlar\u0131n\u0131 yap\u0131n. Son olarak iki fakt\u00f6rl\u00fc do\u011frulama ad\u0131mlar\u0131n\u0131 kullanarak hesab\u0131n\u0131z\u0131 daha g\u00fcvenli hale getirebilirsiniz.\n\t\t\t<\/div>\n\t\t<\/div>\n\t\n\n\t\t<div class=\"clearfix\"><\/div>\n\t\t<div class=\"toggle tie-sc-open\">\n\t\t\t<h3 class=\"toggle-head\"><span class=\"ez-toc-section\" id=\"Facebook-Kapali-Nasil-Girebilirim\"><\/span>Facebook Kapal\u0131 Nas\u0131l Girebilirim? <span class=\"fa fa-angle-down\" aria-hidden=\"true\"><\/span><span class=\"ez-toc-section-end\"><\/span><\/h3>\n\t\t\t<div class=\"toggle-content\">Hesab\u0131n\u0131z kapal\u0131ysa tekrar a\u00e7man\u0131z gerekir. A\u00e7mak i\u00e7in Facebook hesap a\u00e7ma linki \u00fczerinden form doldurman\u0131z gerekir. E\u011fer \u015fartlar uygun ise 30 g\u00fcn i\u00e7erisinde hesab\u0131n\u0131za girebileceksiniz.\n\t\t\t<\/div>\n\t\t<\/div>\n\t\n\n\t\t<div class=\"clearfix\"><\/div>\n\t\t<div class=\"toggle tie-sc-open\">\n\t\t\t<h3 class=\"toggle-head\"><span class=\"ez-toc-section\" id=\"Facebook-Neden-Sifreyi-Kabul-Etmiyor\"><\/span>Facebook Neden \u015eifreyi Kabul Etmiyor? <span class=\"fa fa-angle-down\" aria-hidden=\"true\"><\/span><span class=\"ez-toc-section-end\"><\/span><\/h3>\n\t\t\t<div class=\"toggle-content\"><strong>Facebook giri\u015f hatas\u0131<\/strong> al\u0131yorsan\u0131z, \u015fifrenizi do\u011fru girmemi\u015f olabilirsiniz. Karakter, say\u0131, b\u00fcy\u00fck k\u00fc\u00e7\u00fck harf uyumuna dikkat edin. E\u011fer yine de olmuyorsa <strong>Facebook hesab\u0131m\u0131 bul<\/strong> se\u00e7ene\u011fi \u00fczerinden \u015fifrenizi yenileyin.\n\t\t\t<\/div>\n\t\t<\/div>\n\t\n","protected":false},"excerpt":{"rendered":"<p>Bir t\u00fcrl\u00fc \u00e7\u00f6zemedi\u011finiz \u2018Facebook giri\u015f yapam\u0131yorum\u2019 sorununu ve olas\u0131 t\u00fcm problemler analiz edildi\u011finde her \u00e7\u00f6z\u00fcm\u00fc tek bir listede bulun! Facebook, g\u00fcn\u00fcm\u00fczde d\u00fcnya genelinde milyarlarca insan\u0131n olarak kulland\u0131\u011f\u0131 sosyal medya platformlar\u0131ndan biridir. Platform kullan\u0131c\u0131lar\u0131n bazen Facebook&#8217;a giri\u015f yapmakta sorun ya\u015fad\u0131klar\u0131 bir ger\u00e7ektir. Bu sorunlar\u0131n \u00e7\u00f6z\u00fcm\u00fcnde ise kullan\u0131c\u0131lar\u0131n deneyimli olmad\u0131\u011f\u0131 durumlarda olduk\u00e7a zorlu olabilmektedir. \u015e\u00fcphelerinizi tamamen giderebilecek &hellip;<\/p>\n","protected":false},"author":1,"featured_media":3815,"comment_status":"open","ping_status":"open","sticky":false,"template":"","format":"standard","meta":{"footnotes":""},"categories":[80],"tags":[],"class_list":["post-3813","post","type-post","status-publish","format-standard","has-post-thumbnail","hentry","category-facebook-destek"],"_links":{"self":[{"href":"https:\/\/sosyalevin.com\/blog\/wp-json\/wp\/v2\/posts\/3813","targetHints":{"allow":["GET"]}}],"collection":[{"href":"https:\/\/sosyalevin.com\/blog\/wp-json\/wp\/v2\/posts"}],"about":[{"href":"https:\/\/sosyalevin.com\/blog\/wp-json\/wp\/v2\/types\/post"}],"author":[{"embeddable":true,"href":"https:\/\/sosyalevin.com\/blog\/wp-json\/wp\/v2\/users\/1"}],"replies":[{"embeddable":true,"href":"https:\/\/sosyalevin.com\/blog\/wp-json\/wp\/v2\/comments?post=3813"}],"version-history":[{"count":1,"href":"https:\/\/sosyalevin.com\/blog\/wp-json\/wp\/v2\/posts\/3813\/revisions"}],"predecessor-version":[{"id":6575,"href":"https:\/\/sosyalevin.com\/blog\/wp-json\/wp\/v2\/posts\/3813\/revisions\/6575"}],"wp:featuredmedia":[{"embeddable":true,"href":"https:\/\/sosyalevin.com\/blog\/wp-json\/wp\/v2\/media\/3815"}],"wp:attachment":[{"href":"https:\/\/sosyalevin.com\/blog\/wp-json\/wp\/v2\/media?parent=3813"}],"wp:term":[{"taxonomy":"category","embeddable":true,"href":"https:\/\/sosyalevin.com\/blog\/wp-json\/wp\/v2\/categories?post=3813"},{"taxonomy":"post_tag","embeddable":true,"href":"https:\/\/sosyalevin.com\/blog\/wp-json\/wp\/v2\/tags?post=3813"}],"curies":[{"name":"wp","href":"https:\/\/api.w.org\/{rel}","templated":true}]}}