{"id":4403,"date":"2024-05-07T15:09:17","date_gmt":"2024-05-07T12:09:17","guid":{"rendered":"https:\/\/sosyalevin.com\/blog\/?p=4403"},"modified":"2025-12-22T19:50:11","modified_gmt":"2025-12-22T16:50:11","slug":"instagram-gonderi-sabitleme","status":"publish","type":"post","link":"https:\/\/sosyalevin.com\/blog\/instagram-gonderi-sabitleme\/","title":{"rendered":"Instagram G\u00f6nderi Sabitleme"},"content":{"rendered":"<p>Instagram g\u00f6nderi sabitleme \u00f6zelli\u011fi ile \u00f6ne \u00e7\u0131kmak istenilen g\u00f6nderi profilde \u00f6n planda tutulur. Bu \u015fekilde daha kaliteli bir hesap g\u00f6r\u00fcn\u00fcm\u00fc kazan\u0131lm\u0131\u015f olur.<\/p>\n<p>Pek \u00e7ok hesap\u00a0 kullan\u0131c\u0131s\u0131 hesab\u0131n\u0131 daha pop\u00fcler hale getirmek i\u00e7in en \u00e7ok dikkat \u00e7eken g\u00f6nderilerini ba\u015fa sabitler. Bu i\u015flem i\u00e7in a\u015fa\u011f\u0131da maddeler halinde yer alan ad\u0131mlar\u0131 uygulamak yeterlidir.<\/p>\n<ul>\n<li>\u00d6ncelikle Instagram hesab\u0131na giri\u015f yap\u0131p \u00f6ne \u00e7\u0131karmak istenilen g\u00f6nderinin \u00fczerine t\u0131klamak gerekir.<\/li>\n<li>Ard\u0131ndan \u00f6ne \u00e7\u0131kan g\u00f6nderinin sa\u011f \u00fcst k\u00f6\u015fesinde bulunan \u00fcst nokta se\u00e7ene\u011fine t\u0131klamak gerekir.<\/li>\n<li>Son olarak a\u00e7\u0131lan pencerede profile tuttur se\u00e7ene\u011fine dokunmak gerekir.<\/li>\n<\/ul>\n<p>Yukar\u0131da bahsi ge\u00e7en ad\u0131mlar uyguland\u0131ktan sonra g\u00f6nderiler daha \u00f6n planda olup hesap daha dikkat \u00e7ekici g\u00f6r\u00fcn\u00fcme kavu\u015fur. H\u0131zl\u0131 \u015fekilde takip\u00e7i kazanmak ve hesab\u0131 pek \u00e7ok hesap aras\u0131nda \u00f6n planda tutmak i\u00e7in bu y\u00f6ntem s\u0131kl\u0131kla uygulan\u0131r. \u00d6zellikle i\u015fletme hesaplar\u0131 ve fenomenler taraf\u0131ndan g\u00f6nderiyi ba\u015fa sabitleme \u00f6zelli\u011fi daha fazla tercih edilir.<\/p>\n<p>Yukar\u0131da bahse ge\u00e7en ad\u0131mlar\u0131 uygulad\u0131ktan sonra g\u00f6nderiden \u00f6ne \u00e7\u0131karak hesap daha dikkat \u00e7ekici g\u00f6r\u00fcn\u00fcm kazanm\u0131\u015f olur.<\/p>\n<p>Instagram camias\u0131nda g\u00f6nderilen direkt olarak \u00f6ne \u00e7\u0131kanlarda olmad\u0131\u011f\u0131ndan ki\u015fi dikkat \u00e7ekici ve tutulan g\u00f6nderilerini \u00f6ne \u00e7\u0131kartarak hesab\u0131n\u0131 daha kaliteli bir g\u00f6r\u00fcn\u00fcme kavu\u015fturabilir.<\/p>\n<div id=\"ez-toc-container\" class=\"ez-toc-v2_0_82_2 counter-hierarchy ez-toc-counter ez-toc-grey ez-toc-container-direction\">\n<div class=\"ez-toc-title-container\"><p class=\"ez-toc-title\" style=\"cursor:inherit\">\u0130\u00e7indekiler<\/p>\n<\/div><nav><ul class='ez-toc-list ez-toc-list-level-1 ' ><li class='ez-toc-page-1 ez-toc-heading-level-2'><a class=\"ez-toc-link ez-toc-heading-1\" href=\"https:\/\/sosyalevin.com\/blog\/instagram-gonderi-sabitleme\/#Instagramda-Profile-Gonderi-Nasil-Sabitlenir\" >Instagram\u2019da Profile G\u00f6nderi Nas\u0131l Sabitlenir?<\/a><\/li><li class='ez-toc-page-1 ez-toc-heading-level-2'><a class=\"ez-toc-link ez-toc-heading-2\" href=\"https:\/\/sosyalevin.com\/blog\/instagram-gonderi-sabitleme\/#Instagramda-Profile-Sabitlenen-Gonderi-Nasil-Kaldirilir\" >Instagram\u2019da Profile Sabitlenen G\u00f6nderi Nas\u0131l Kald\u0131r\u0131l\u0131r?<\/a><\/li><li class='ez-toc-page-1 ez-toc-heading-level-2'><a class=\"ez-toc-link ez-toc-heading-3\" href=\"https:\/\/sosyalevin.com\/blog\/instagram-gonderi-sabitleme\/#Instagram-Gonderi-Sabitleme-Ne-Ise-Yarar\" >Instagram G\u00f6nderi Sabitleme Ne \u0130\u015fe Yarar?<\/a><\/li><li class='ez-toc-page-1 ez-toc-heading-level-2'><a class=\"ez-toc-link ez-toc-heading-4\" href=\"https:\/\/sosyalevin.com\/blog\/instagram-gonderi-sabitleme\/#Instagram-Gonderilerini-Profilinizden-Nasil-Kaldirirsiniz\" >Instagram G\u00f6nderilerini Profilinizden Nas\u0131l Kald\u0131r\u0131rs\u0131n\u0131z?<\/a><\/li><li class='ez-toc-page-1 ez-toc-heading-level-2'><a class=\"ez-toc-link ez-toc-heading-5\" href=\"https:\/\/sosyalevin.com\/blog\/instagram-gonderi-sabitleme\/#Instagram-Reelslari-Profilinize-Nasil-Sabitlersiniz\" >Instagram Reels\u2019lar\u0131 Profilinize Nas\u0131l Sabitlersiniz?<\/a><\/li><li class='ez-toc-page-1 ez-toc-heading-level-2'><a class=\"ez-toc-link ez-toc-heading-6\" href=\"https:\/\/sosyalevin.com\/blog\/instagram-gonderi-sabitleme\/#Pazarlamanizda-Instagram-Sabitleme-Ozelligini-Nasil-Kullanirsiniz\" >Pazarlaman\u0131zda Instagram Sabitleme \u00d6zelli\u011fini Nas\u0131l Kullan\u0131rs\u0131n\u0131z<\/a><\/li><li class='ez-toc-page-1 ez-toc-heading-level-2'><a class=\"ez-toc-link ez-toc-heading-7\" href=\"https:\/\/sosyalevin.com\/blog\/instagram-gonderi-sabitleme\/#Isletmenizin-Instagraminda-Ne-Tur-Gonderiler-Sabitlemelisiniz\" >\u0130\u015fletmenizin Instagram\u2019\u0131nda Ne T\u00fcr G\u00f6nderiler Sabitlemelisiniz?<\/a><\/li><li class='ez-toc-page-1 ez-toc-heading-level-2'><a class=\"ez-toc-link ez-toc-heading-8\" href=\"https:\/\/sosyalevin.com\/blog\/instagram-gonderi-sabitleme\/#Sik-Sorulan-Sorular\" >S\u0131k Sorulan Sorular<\/a><ul class='ez-toc-list-level-3' ><li class='ez-toc-heading-level-3'><a class=\"ez-toc-link ez-toc-heading-9\" href=\"https:\/\/sosyalevin.com\/blog\/instagram-gonderi-sabitleme\/#Instagram-Gonderi-Nasil-Basa-Tutturulur\" >Instagram G\u00f6nderi Nas\u0131l Ba\u015fa Tutturulur?<\/a><\/li><li class='ez-toc-page-1 ez-toc-heading-level-3'><a class=\"ez-toc-link ez-toc-heading-10\" href=\"https:\/\/sosyalevin.com\/blog\/instagram-gonderi-sabitleme\/#Instagram-Sabitleme-Ne-Demek\" >Instagram Sabitleme Ne Demek?<\/a><\/li><li class='ez-toc-page-1 ez-toc-heading-level-3'><a class=\"ez-toc-link ez-toc-heading-11\" href=\"https:\/\/sosyalevin.com\/blog\/instagram-gonderi-sabitleme\/#Instagram-Kac-Gonderi-Sabitlenir\" >Instagram Ka\u00e7 G\u00f6nderi Sabitlenir?<\/a><\/li><\/ul><\/li><\/ul><\/nav><\/div>\n<h2><span class=\"ez-toc-section\" id=\"Instagramda-Profile-Gonderi-Nasil-Sabitlenir\"><\/span>Instagram\u2019da Profile G\u00f6nderi Nas\u0131l Sabitlenir?<span class=\"ez-toc-section-end\"><\/span><\/h2>\n<p>G\u00f6nderileri profile sabitleme konusunda pek \u00e7ok farkl\u0131 soru g\u00fcndeme gelir. Instagram&#8217;\u0131n en pop\u00fcler \u00f6zelliklerinden biri olan profile g\u00f6nderi sabitleme hesap kullan\u0131c\u0131s\u0131 taraf\u0131ndan tercih edilir.<\/p>\n<p>Payla\u015f\u0131lan foto\u011fraflar ve videolar reels i\u00e7erikleri olarak profili ba\u015f\u0131na sabitlenebilir. Bu sabitleme \u00f6zelli\u011fiyle g\u00f6nderinin s\u00fcrekli olarak g\u00f6r\u00fclmesi m\u00fcmk\u00fcn olur. Kullan\u0131c\u0131 hesab\u0131n\u0131 istedi\u011fi \u015fekilde geli\u015ftirerek en \u00e7ok tutulan g\u00f6nderilerini Bu sayede hep g\u00f6z \u00f6n\u00fcnde tutabilir.<\/p>\n<p><a href=\"https:\/\/sosyalevin.com\/instagram\/\">Instagram<\/a> camias\u0131nda i\u015fletme hesaplar\u0131 \u00f6zellikle \u00f6ne \u00e7\u0131kan g\u00f6nderilerle daha fazla kazan\u00e7 elde edebilir. \u00dcr\u00fcnleri ve hizmetlerine g\u00f6ndere olarak hesab\u0131n\u0131 en ba\u015f k\u0131sm\u0131n\u0131 tutturmas\u0131 hesab\u0131n pek \u00e7ok ki\u015fi taraf\u0131ndan be\u011fenip etkile\u015fim i\u00e7erisinde olmas\u0131na yard\u0131mc\u0131 olur.<\/p>\n<p>Sosyal medya camias\u0131nda hesaplar\u0131n ilk izlenimi olduk\u00e7a \u00f6nemlidir. Instagram d\u00fcnyas\u0131nda etkileyici ve dikkat \u00e7eken ayn\u0131 zamanda g\u00fcvenilir hesaplar daha s\u0131k g\u00f6z \u00f6n\u00fcnde bulunur. Bunun i\u00e7in profili uygun g\u00f6nderilerle dikkat \u00e7ekici hale getirmek son derece \u00f6nemlidir.<\/p>\n<p>Instagram profili g\u00f6nderi sabitlemek i\u00e7in \u00f6ncelikle g\u00f6nderinin \u00fczerine t\u0131klamak ve sa\u011f \u00fcst k\u0131s\u0131mda bulunan \u00fc\u00e7 nokta se\u00e7ene\u011fini basmak gerekir. Ard\u0131ndan a\u00e7\u0131lan pencerede profile tuttur se\u00e7ene\u011fini t\u0131klayarak i\u015fleme onay vermek gerekir.<\/p>\n<p><img decoding=\"async\" class=\"alignnone size-full wp-image-4411\" src=\"https:\/\/sosyalevin.com\/blog\/wp-content\/uploads\/2024\/05\/instagramda-profile-gonderi-nasil-sabitlenir.webp\" alt=\"Instagram\u2019da Profile G\u00f6nderi Nas\u0131l Sabitlenir?\" width=\"1200\" height=\"628\" title=\"\" srcset=\"https:\/\/sosyalevin.com\/blog\/wp-content\/uploads\/2024\/05\/instagramda-profile-gonderi-nasil-sabitlenir.webp 1200w, https:\/\/sosyalevin.com\/blog\/wp-content\/uploads\/2024\/05\/instagramda-profile-gonderi-nasil-sabitlenir-300x157.webp 300w, https:\/\/sosyalevin.com\/blog\/wp-content\/uploads\/2024\/05\/instagramda-profile-gonderi-nasil-sabitlenir-1024x536.webp 1024w, https:\/\/sosyalevin.com\/blog\/wp-content\/uploads\/2024\/05\/instagramda-profile-gonderi-nasil-sabitlenir-768x402.webp 768w\" sizes=\"(max-width: 1200px) 100vw, 1200px\" \/><\/p>\n<h2><span class=\"ez-toc-section\" id=\"Instagramda-Profile-Sabitlenen-Gonderi-Nasil-Kaldirilir\"><\/span>Instagram\u2019da Profile Sabitlenen G\u00f6nderi Nas\u0131l Kald\u0131r\u0131l\u0131r?<span class=\"ez-toc-section-end\"><\/span><\/h2>\n<p>Instagram profiline sabitlenen g\u00f6nderiye kald\u0131rabilmek ad\u0131na \u00a0a\u00e7mak i\u00e7in yap\u0131lan i\u015flemin tam tersi uygulan\u0131r. G\u00f6nderinin \u00fczerinde bulunan sa\u011f \u00fcstteki \u00fc\u00e7 nokta i\u015faretine dokunuldu\u011funda a\u00e7\u0131lan men\u00fcde bulunan profil tuttur se\u00e7ene\u011fi art\u0131k profili kald\u0131r se\u00e7ene\u011fine d\u00f6n\u00fc\u015f\u00fcr. Bu se\u00e7ene\u011fe t\u0131klayarak ilgili g\u00f6nderi profilden kald\u0131r\u0131l\u0131r.<\/p>\n<p>G\u00f6nderileri profile sabitleme ve kald\u0131rma i\u015flemi kullanarak daha d\u00fczenli bir hesap tasarlanabilir.<\/p>\n<h2><span class=\"ez-toc-section\" id=\"Instagram-Gonderi-Sabitleme-Ne-Ise-Yarar\"><\/span>Instagram G\u00f6nderi Sabitleme Ne \u0130\u015fe Yarar?<span class=\"ez-toc-section-end\"><\/span><\/h2>\n<p>Instagram g\u00f6nderilerini sabitleme \u00f6zelli\u011fi pek \u00e7ok farkl\u0131 y\u00f6nden avantaj sa\u011flar. Hesab\u0131n daha g\u00f6z \u00f6n\u00fcnde bulunmas\u0131na yard\u0131mc\u0131 olan g\u00f6nderi sabitleme \u00f6zelli\u011fi profili en dikkat \u00e7ekici g\u00f6nderilerini yeni gelen hesap kullan\u0131c\u0131lar\u0131na daha h\u0131zl\u0131 \u015fekilde g\u00f6sterebilmeyi m\u00fcmk\u00fcn hale getirir.<\/p>\n<p>Bu \u015fekilde hesaba gelen yeni kullan\u0131c\u0131lar profil hakk\u0131nda daha fazla bilgi sahibi olabilir. Profilin kaliteli renkli ve aktif bir hesap oldu\u011funu g\u00f6stermek i\u00e7in g\u00f6nderi sabitleme \u00f6zelli\u011fi kullan\u0131labilir.<\/p>\n<p>\u0130lgili bu hususta sosyal medyay\u0131 s\u00fcrekli olarak kullanan kullan\u0131c\u0131lar art\u0131 bir avantaj yakalar. \u00d6zellikle i\u015fletme hesaplar\u0131 s\u0131k tercih edilen \u00fcr\u00fcnleri bu \u015fekilde \u00f6n plan\u0131 \u00e7\u0131kartabilir.<\/p>\n<p><strong>Instagramda ba\u015fa tutturma nas\u0131l kald\u0131r\u0131l\u0131r? <\/strong>Bu soru Instagram g\u00f6nderi sabitleme \u00f6zelli\u011fi ile alakal\u0131 merak edilen sorulardan biridir. Instagram g\u00f6nderi sabitleme di\u011fer ad\u0131yla g\u00f6nderi ba\u015fa tutturma \u00f6zelli\u011fini kald\u0131rmak i\u00e7in \u00f6ncelikle g\u00f6nderinin \u00fcst k\u0131sm\u0131nda bulunan \u00fc\u00e7 noktaya ard\u0131ndan da profili kald\u0131r se\u00e7ene\u011fine t\u0131klamak yeterlidir.<\/p>\n<p><img decoding=\"async\" class=\"alignnone size-full wp-image-4413\" src=\"https:\/\/sosyalevin.com\/blog\/wp-content\/uploads\/2024\/05\/instagram-gonderi-sabitleme-ne-ise-yarar.webp\" alt=\"Instagram G\u00f6nderi Sabitleme Ne \u0130\u015fe Yarar?\" width=\"1200\" height=\"628\" title=\"\" srcset=\"https:\/\/sosyalevin.com\/blog\/wp-content\/uploads\/2024\/05\/instagram-gonderi-sabitleme-ne-ise-yarar.webp 1200w, https:\/\/sosyalevin.com\/blog\/wp-content\/uploads\/2024\/05\/instagram-gonderi-sabitleme-ne-ise-yarar-300x157.webp 300w, https:\/\/sosyalevin.com\/blog\/wp-content\/uploads\/2024\/05\/instagram-gonderi-sabitleme-ne-ise-yarar-1024x536.webp 1024w, https:\/\/sosyalevin.com\/blog\/wp-content\/uploads\/2024\/05\/instagram-gonderi-sabitleme-ne-ise-yarar-768x402.webp 768w\" sizes=\"(max-width: 1200px) 100vw, 1200px\" \/><\/p>\n<h2><span class=\"ez-toc-section\" id=\"Instagram-Gonderilerini-Profilinizden-Nasil-Kaldirirsiniz\"><\/span>Instagram G\u00f6nderilerini Profilinizden Nas\u0131l Kald\u0131r\u0131rs\u0131n\u0131z?<span class=\"ez-toc-section-end\"><\/span><\/h2>\n<p><strong>Instagram ba\u015fa tutturma kald\u0131rma <\/strong>ve Instagram g\u00f6nderi sabitleme \u00f6zelli\u011fi ile profil ak\u0131\u015f\u0131n\u0131n \u00fcst k\u0131sm\u0131nda bulunan alana istenilen \u015fekilde olu\u015fturmak m\u00fcmk\u00fcnd\u00fcr. Hesap kullan\u0131c\u0131s\u0131 hesab\u0131n\u0131 daha \u00f6n plana \u00e7\u0131kartmak amac\u0131yla en \u00e7ok etkile\u015fim olan g\u00f6nderilerini ba\u015f\u0131 sabitleyebilir.<\/p>\n<p><strong>Instagram sabitleme kald\u0131rma<\/strong> ve g\u00f6nderi sabitleme \u00f6zelli\u011fi ile hesap kullan\u0131c\u0131s\u0131 yeni gelen takip \u00fczerine daha dikkat \u00e7ekici profil olu\u015fturabilir.<\/p>\n<p>Instagram sabitleme kald\u0131rma \u00f6zelli\u011fini yapmak i\u00e7in \u00f6ncelikle ilgili g\u00f6nderiye t\u0131klay\u0131p a\u00e7\u0131lan ayar ekran\u0131nda profili kald\u0131r se\u00e7ene\u011fini aktif etmek gerekir. Bu \u015fekilde g\u00f6nderi sabitleyip kald\u0131rma i\u015flemleri yaparak hesab\u0131 y\u00f6netmek m\u00fcmk\u00fcnd\u00fcr<\/p>\n<h2><span class=\"ez-toc-section\" id=\"Instagram-Reelslari-Profilinize-Nasil-Sabitlersiniz\"><\/span>Instagram Reels\u2019lar\u0131 Profilinize Nas\u0131l Sabitlersiniz?<span class=\"ez-toc-section-end\"><\/span><\/h2>\n<p>Hesab\u0131n\u0131 daha dikkat \u00e7ekici olmas\u0131n\u0131 isteyen ki\u015filer zaman zaman duyars\u0131n videolar\u0131 profilin en \u00fcst\u00fcne \u00e7\u0131kartarak daha g\u00f6r\u00fcn\u00fcr hale getirir. Bu ad\u0131m\u0131 uygulamak i\u00e7in \u00f6ncelikle reels&#8217;i se\u00e7tikten sonra ilgili men\u00fc g\u00f6r\u00fcnt\u00fclemek i\u00e7in sa\u011f \u00fcst k\u0131s\u0131mda bulunan 3 noktaya t\u0131klamak gerekir. Ard\u0131ndan profili sabitle se\u00e7ene\u011fini se\u00e7ip i\u015flemi onaylamak yeterlidir.<\/p>\n<p><img decoding=\"async\" class=\"alignnone size-full wp-image-4412\" src=\"https:\/\/sosyalevin.com\/blog\/wp-content\/uploads\/2024\/05\/instagram-reelslari-profilinize-nasil-sabitlersiniz.webp\" alt=\"Instagram Reels\u2019lar\u0131 Profilinize Nas\u0131l Sabitlersiniz?\" width=\"1200\" height=\"628\" title=\"\" srcset=\"https:\/\/sosyalevin.com\/blog\/wp-content\/uploads\/2024\/05\/instagram-reelslari-profilinize-nasil-sabitlersiniz.webp 1200w, https:\/\/sosyalevin.com\/blog\/wp-content\/uploads\/2024\/05\/instagram-reelslari-profilinize-nasil-sabitlersiniz-300x157.webp 300w, https:\/\/sosyalevin.com\/blog\/wp-content\/uploads\/2024\/05\/instagram-reelslari-profilinize-nasil-sabitlersiniz-1024x536.webp 1024w, https:\/\/sosyalevin.com\/blog\/wp-content\/uploads\/2024\/05\/instagram-reelslari-profilinize-nasil-sabitlersiniz-768x402.webp 768w\" sizes=\"(max-width: 1200px) 100vw, 1200px\" \/><\/p>\n<h2><span class=\"ez-toc-section\" id=\"Pazarlamanizda-Instagram-Sabitleme-Ozelligini-Nasil-Kullanirsiniz\"><\/span>Pazarlaman\u0131zda Instagram Sabitleme \u00d6zelli\u011fini Nas\u0131l Kullan\u0131rs\u0131n\u0131z<span class=\"ez-toc-section-end\"><\/span><\/h2>\n<p>Instagram sabitleme \u00f6zelli\u011fini kullanmak i\u00e7in \u00f6ncelikle ilgili g\u00f6nderiyi se\u00e7mek gerekir. Ard\u0131ndan g\u00f6nderenin \u00fczerinde yer alan 3 noktaya basarak a\u00e7\u0131l\u0131r ekranda profili sabitle k\u0131sm\u0131n\u0131 aktif etmek yeterlidir.<\/p>\n<p>Hesab\u0131n pek \u00e7ok ki\u015fi taraf\u0131ndan be\u011fenilmesi ve takip edilmesi i\u00e7in Instagram sabitleme \u00f6zelli\u011fi kullan\u0131l\u0131r. Bu \u00f6zellik sayesinde her g\u00fcn daha fazla etkile\u015fim almak ve yeni kullan\u0131c\u0131lar\u0131 hesaba y\u00f6nlendirmek kolay hale gelir.<\/p>\n<p>Her g\u00fcn pek \u00e7ok hesap birbirleri ile etkile\u015fime girerek aralar\u0131nda en \u00e7ok dikkat \u00e7eken profiller yeni kullan\u0131c\u0131lar ile birle\u015fir. Sosyal medya platformu olarak s\u0131kl\u0131kla tercih edilen Instagram camias\u0131 da yeni bir kullan\u0131c\u0131 elde edebilmek i\u00e7in profilin y\u00f6netimini do\u011fru \u015fekilde yapmak gerekir.<\/p>\n<p>Bu nedenle profilin ilk izlenimi olduk\u00e7a \u00f6nemlidir. Kaliteli, g\u00f6steri\u015fli ve dikkat \u00e7ekici izlenim elde edebilmek i\u00e7in en \u00e7ok etkile\u015fim alan g\u00f6nderileri\u00a0 profilin ba\u015f\u0131na sabitlemek etkili bir y\u00f6ntemdir.<\/p>\n<h2><span class=\"ez-toc-section\" id=\"Isletmenizin-Instagraminda-Ne-Tur-Gonderiler-Sabitlemelisiniz\"><\/span>\u0130\u015fletmenizin Instagram\u2019\u0131nda Ne T\u00fcr G\u00f6nderiler Sabitlemelisiniz?<span class=\"ez-toc-section-end\"><\/span><\/h2>\n<p>G\u00f6nderilerin genel olarak profili yans\u0131tacak ve profilin reklam\u0131n\u0131 yapacak nitelikte olmas\u0131 gerekir. Ayr\u0131ca ba\u015fa sabitlenen g\u00f6nderilerin profile ait bilgileri bar\u0131nd\u0131racak ve ki\u015fi de iyi bir izlenim olu\u015fturacak d\u00fczenlemeye sahip olmas\u0131 gerekir.<\/p>\n<h2><span class=\"ez-toc-section\" id=\"Sik-Sorulan-Sorular\"><\/span>S\u0131k Sorulan Sorular<span class=\"ez-toc-section-end\"><\/span><\/h2>\n<p>A\u015fa\u011f\u0131da ba\u015fl\u0131klar halinde Instagram g\u00f6nderi sabitleme ile alakal\u0131 s\u0131kl\u0131kla akla gelen sorular\u0131 sizler i\u00e7in derledik.<\/p>\n\n\t\t<div class=\"clearfix\"><\/div>\n\t\t<div class=\"toggle tie-sc-open\">\n\t\t\t<h3 class=\"toggle-head\"><span class=\"ez-toc-section\" id=\"Instagram-Gonderi-Nasil-Basa-Tutturulur\"><\/span><strong>Instagram G\u00f6nderi Nas\u0131l Ba\u015fa Tutturulur?<\/strong> <span class=\"fa fa-angle-down\" aria-hidden=\"true\"><\/span><span class=\"ez-toc-section-end\"><\/span><\/h3>\n\t\t\t<div class=\"toggle-content\">Profile girdikten sonra ilgili g\u00f6nderiyi se\u00e7mek gerekir. Ard\u0131ndan g\u00f6nderin sa\u011f \u00fcst\u00fcnde bulunan \u00fc\u00e7 nokta simgesine t\u0131klayarak a\u00e7\u0131l\u0131r pencerede olan profili tuttur simgesine dokunmak yeterlidir.\n\t\t\t<\/div>\n\t\t<\/div>\n\t\n\n\t\t<div class=\"clearfix\"><\/div>\n\t\t<div class=\"toggle tie-sc-close\">\n\t\t\t<h3 class=\"toggle-head\"><span class=\"ez-toc-section\" id=\"Instagram-Sabitleme-Ne-Demek\"><\/span><strong>Instagram Sabitleme Ne Demek?<\/strong> <span class=\"fa fa-angle-down\" aria-hidden=\"true\"><\/span><span class=\"ez-toc-section-end\"><\/span><\/h3>\n\t\t\t<div class=\"toggle-content\">Instagram g\u00f6nderilerin sabitleme \u00f6zelli\u011fi sayesinde g\u00f6nderilerin daha \u00f6n planda olmas\u0131 ve profilin daha dikkat \u00e7ekici olmas\u0131 m\u00fcmk\u00fcnd\u00fcr. Sabitleme \u00f6zelli\u011fi ile profilin \u00fcst\u00fcnde profil ile ilgili en \u00e7ok dikkat \u00e7eken g\u00f6nderiler yeni takip\u00e7ilere sunulur. Bu \u015fekilde hesap daha fazla etkile\u015fim al\u0131r.\n\t\t\t<\/div>\n\t\t<\/div>\n\t\n\n\t\t<div class=\"clearfix\"><\/div>\n\t\t<div class=\"toggle tie-sc-close\">\n\t\t\t<h3 class=\"toggle-head\"><span class=\"ez-toc-section\" id=\"Instagram-Kac-Gonderi-Sabitlenir\"><\/span><strong>Instagram Ka\u00e7 G\u00f6nderi Sabitlenir?<\/strong> <span class=\"fa fa-angle-down\" aria-hidden=\"true\"><\/span><span class=\"ez-toc-section-end\"><\/span><\/h3>\n\t\t\t<div class=\"toggle-content\"><strong>Instagram g\u00f6nderi sabitleme <\/strong>s\u0131n\u0131r\u0131 en fazla 3 g\u00f6nderidir. Yine de ilgili g\u00f6nderi payla\u015f\u0131lmak isteniyor ise uyar\u0131 mesaj\u0131na ra\u011fmen onaylaya se\u00e7ene\u011fine bas\u0131l\u0131r ve g\u00f6nderi s\u0131n\u0131ra ra\u011fmen sabitlenmi\u015f olur.\n\t\t\t<\/div>\n\t\t<\/div>\n\t\n","protected":false},"excerpt":{"rendered":"<p>Instagram g\u00f6nderi sabitleme \u00f6zelli\u011fi ile \u00f6ne \u00e7\u0131kmak istenilen g\u00f6nderi profilde \u00f6n planda tutulur. Bu \u015fekilde daha kaliteli bir hesap g\u00f6r\u00fcn\u00fcm\u00fc kazan\u0131lm\u0131\u015f olur. Pek \u00e7ok hesap\u00a0 kullan\u0131c\u0131s\u0131 hesab\u0131n\u0131 daha pop\u00fcler hale getirmek i\u00e7in en \u00e7ok dikkat \u00e7eken g\u00f6nderilerini ba\u015fa sabitler. Bu i\u015flem i\u00e7in a\u015fa\u011f\u0131da maddeler halinde yer alan ad\u0131mlar\u0131 uygulamak yeterlidir. \u00d6ncelikle Instagram hesab\u0131na giri\u015f yap\u0131p &hellip;<\/p>\n","protected":false},"author":1,"featured_media":4410,"comment_status":"open","ping_status":"open","sticky":false,"template":"","format":"standard","meta":{"footnotes":""},"categories":[74],"tags":[],"class_list":["post-4403","post","type-post","status-publish","format-standard","has-post-thumbnail","hentry","category-instagram-destek"],"_links":{"self":[{"href":"https:\/\/sosyalevin.com\/blog\/wp-json\/wp\/v2\/posts\/4403","targetHints":{"allow":["GET"]}}],"collection":[{"href":"https:\/\/sosyalevin.com\/blog\/wp-json\/wp\/v2\/posts"}],"about":[{"href":"https:\/\/sosyalevin.com\/blog\/wp-json\/wp\/v2\/types\/post"}],"author":[{"embeddable":true,"href":"https:\/\/sosyalevin.com\/blog\/wp-json\/wp\/v2\/users\/1"}],"replies":[{"embeddable":true,"href":"https:\/\/sosyalevin.com\/blog\/wp-json\/wp\/v2\/comments?post=4403"}],"version-history":[{"count":1,"href":"https:\/\/sosyalevin.com\/blog\/wp-json\/wp\/v2\/posts\/4403\/revisions"}],"predecessor-version":[{"id":6552,"href":"https:\/\/sosyalevin.com\/blog\/wp-json\/wp\/v2\/posts\/4403\/revisions\/6552"}],"wp:featuredmedia":[{"embeddable":true,"href":"https:\/\/sosyalevin.com\/blog\/wp-json\/wp\/v2\/media\/4410"}],"wp:attachment":[{"href":"https:\/\/sosyalevin.com\/blog\/wp-json\/wp\/v2\/media?parent=4403"}],"wp:term":[{"taxonomy":"category","embeddable":true,"href":"https:\/\/sosyalevin.com\/blog\/wp-json\/wp\/v2\/categories?post=4403"},{"taxonomy":"post_tag","embeddable":true,"href":"https:\/\/sosyalevin.com\/blog\/wp-json\/wp\/v2\/tags?post=4403"}],"curies":[{"name":"wp","href":"https:\/\/api.w.org\/{rel}","templated":true}]}}