{"id":4978,"date":"2024-09-08T13:00:42","date_gmt":"2024-09-08T10:00:42","guid":{"rendered":"https:\/\/sosyalevin.com\/blog\/?p=4978"},"modified":"2025-12-22T19:50:11","modified_gmt":"2025-12-22T16:50:11","slug":"instagram-notlar-nedir-nasil-kullanilir","status":"publish","type":"post","link":"https:\/\/sosyalevin.com\/blog\/instagram-notlar-nedir-nasil-kullanilir\/","title":{"rendered":"Instagram Notlar Nedir? Nas\u0131l Kullan\u0131l\u0131r?"},"content":{"rendered":"<p><strong>Instagram notlar<\/strong>, kullan\u0131c\u0131lar\u0131n severek kulland\u0131\u011f\u0131 \u00f6zelliklerden biridir. Sizler de g\u00fcn i\u00e7erisindeki anl\u0131k duygu ve d\u00fc\u015f\u00fcncelerinizi <strong>Instagram notlar<\/strong> k\u0131sm\u0131nda payla\u015fabilirsiniz. Yak\u0131n zamanda kullan\u0131c\u0131lara sunulan notlar b\u00f6l\u00fcm\u00fcnde yapt\u0131\u011f\u0131n\u0131z payla\u015f\u0131mlar\u0131, yak\u0131n arkada\u015flar\u0131n\u0131z veya takip edilen ki\u015filer g\u00f6r\u00fcnt\u00fcleyebilmektedir.<\/p>\n<p>\u201c<strong>Not<\/strong>\u201d k\u0131sm\u0131nda payla\u015ft\u0131\u011f\u0131n\u0131z d\u00fc\u015f\u00fcncelere, takip edilen ki\u015filer ya da yak\u0131n arkada\u015flar\u0131n\u0131z direkt olarak mesaj atabilmekte ve sohbet payla\u015fabilmektedir. Sizler de yak\u0131n arkada\u015flar\u0131n\u0131z ile duygu ve d\u00fc\u015f\u00fcncellerinizi payla\u015fmak istiyorsan\u0131z, <strong>Instagram notlar<\/strong> \u00f6zelli\u011fini kullanabilirsiniz.<\/p>\n<div id=\"ez-toc-container\" class=\"ez-toc-v2_0_82_2 counter-hierarchy ez-toc-counter ez-toc-grey ez-toc-container-direction\">\n<div class=\"ez-toc-title-container\"><p class=\"ez-toc-title\" style=\"cursor:inherit\">\u0130\u00e7indekiler<\/p>\n<\/div><nav><ul class='ez-toc-list ez-toc-list-level-1 ' ><li class='ez-toc-page-1 ez-toc-heading-level-2'><a class=\"ez-toc-link ez-toc-heading-1\" href=\"https:\/\/sosyalevin.com\/blog\/instagram-notlar-nedir-nasil-kullanilir\/#Instagram-Notlar-Nedir\" >Instagram Notlar Nedir?<\/a><\/li><li class='ez-toc-page-1 ez-toc-heading-level-2'><a class=\"ez-toc-link ez-toc-heading-2\" href=\"https:\/\/sosyalevin.com\/blog\/instagram-notlar-nedir-nasil-kullanilir\/#Instagram-Notes-da-Nasil-Paylasim-Yapilir\" >Instagram Notes\u2019 da Nas\u0131l Payla\u015f\u0131m Yap\u0131l\u0131r?<\/a><\/li><li class='ez-toc-page-1 ez-toc-heading-level-2'><a class=\"ez-toc-link ez-toc-heading-3\" href=\"https:\/\/sosyalevin.com\/blog\/instagram-notlar-nedir-nasil-kullanilir\/#Instagram-Notes-Ozelligi-Nasil-Kapatilir\" >Instagram Notes \u00d6zelli\u011fi Nas\u0131l Kapat\u0131l\u0131r?<\/a><\/li><li class='ez-toc-page-1 ez-toc-heading-level-2'><a class=\"ez-toc-link ez-toc-heading-4\" href=\"https:\/\/sosyalevin.com\/blog\/instagram-notlar-nedir-nasil-kullanilir\/#Sik-Sorulan-Sorular\" >S\u0131k Sorulan Sorular<\/a><ul class='ez-toc-list-level-3' ><li class='ez-toc-heading-level-3'><a class=\"ez-toc-link ez-toc-heading-5\" href=\"https:\/\/sosyalevin.com\/blog\/instagram-notlar-nedir-nasil-kullanilir\/#Instagram-Notlar-Kismi-Ne-Ise-Yarar\" >Instagram Notlar K\u0131sm\u0131 Ne \u0130\u015fe Yarar?<\/a><\/li><li class='ez-toc-page-1 ez-toc-heading-level-3'><a class=\"ez-toc-link ez-toc-heading-6\" href=\"https:\/\/sosyalevin.com\/blog\/instagram-notlar-nedir-nasil-kullanilir\/#Instagram-Not-Ozelligi-Kimler-Gorebilir\" >Instagram Not \u00d6zelli\u011fi Kimler G\u00f6rebilir?<\/a><\/li><\/ul><\/li><\/ul><\/nav><\/div>\n<h2><span class=\"ez-toc-section\" id=\"Instagram-Notlar-Nedir\"><\/span>Instagram Notlar Nedir?<span class=\"ez-toc-section-end\"><\/span><\/h2>\n<p><strong>Instagram notlar<\/strong>, sohbet b\u00f6l\u00fcm\u00fcnde g\u00f6rebilece\u011finiz ve gelen kutusunun \u00fcst\u00fcnde yer alan k\u0131sa mesaj veya g\u00f6nderiler olarak tan\u0131mlanabilmektedir. Notlar b\u00f6l\u00fcm\u00fcn\u00fc g\u00f6rmek i\u00e7in Instagram DM kutunuza giri\u015f yapman\u0131z gerekmektedir. Burada yer alan hesap sahiplerinin profil foto\u011fraf\u0131n\u0131n hemen \u00fczerinde k\u0131sa notlar\u0131 okuyabilir ve dilerseniz yan\u0131t verebilirsiniz.<\/p>\n<p>D\u00fc\u015f\u00fcnce balonu olarak da tan\u0131mlanan Notlar b\u00f6l\u00fcm\u00fcnde sizler de kendi duygu ve d\u00fc\u015f\u00fcncellerinizi arkada\u015flar\u0131n\u0131z ile payla\u015fabilirsiniz. Kendi yay\u0131nlad\u0131\u011f\u0131n\u0131z notu g\u00f6r\u00fcnt\u00fclemek i\u00e7in Instagram Notes men\u00fcs\u00fcne giri\u015f yapmal\u0131s\u0131n\u0131z. Ayr\u0131ca payla\u015ft\u0131\u011f\u0131n\u0131z notlar\u0131 kimlerin g\u00f6rmesini istiyorsan\u0131z, buna g\u00f6re bir liste de d\u00fczenleyebilirsiniz.<\/p>\n<p>Notlar b\u00f6l\u00fcm\u00fcne sadece yaz\u0131 yazmak zorunda de\u011filsiniz. Emojileri de kullanarak da not olu\u015fturabilirsiniz. <strong>Instagram notlar<\/strong> b\u00f6l\u00fcm\u00fc i\u00e7in metin olu\u015fturmak istiyorsan\u0131z, en fazla 60 karakterden olu\u015fan yaz\u0131lar\u0131 yazmal\u0131s\u0131n\u0131z. <strong>Instagram notlara bakan g\u00f6r\u00fcl\u00fcr m\u00fc<\/strong> sorusu, pek \u00e7ok kullan\u0131c\u0131 taraf\u0131ndan merak edilmektedir.<\/p>\n<p>Hikayelerinize kimlerin bakt\u0131\u011f\u0131n\u0131 g\u00f6rebilirken, notlar b\u00f6l\u00fcm\u00fcndeki payla\u015f\u0131mlar\u0131n\u0131za bakanlar\u0131 g\u00f6rmezsiniz. Ancak olu\u015fturmu\u015f oldu\u011funuz nota kar\u015f\u0131l\u0131k veren kullan\u0131c\u0131lar\u0131 g\u00f6rebilir ve sohbet ba\u015flatabilirsiniz.<\/p>\n<p><img decoding=\"async\" class=\"alignnone size-full wp-image-5073\" src=\"https:\/\/sosyalevin.com\/blog\/wp-content\/uploads\/2024\/09\/instagram-notlar-nedir.jpg\" alt=\"Instagram Notlar Nedir?\" width=\"1200\" height=\"628\" title=\"\" srcset=\"https:\/\/sosyalevin.com\/blog\/wp-content\/uploads\/2024\/09\/instagram-notlar-nedir.jpg 1200w, https:\/\/sosyalevin.com\/blog\/wp-content\/uploads\/2024\/09\/instagram-notlar-nedir-300x157.jpg 300w, https:\/\/sosyalevin.com\/blog\/wp-content\/uploads\/2024\/09\/instagram-notlar-nedir-1024x536.jpg 1024w, https:\/\/sosyalevin.com\/blog\/wp-content\/uploads\/2024\/09\/instagram-notlar-nedir-768x402.jpg 768w\" sizes=\"(max-width: 1200px) 100vw, 1200px\" \/><\/p>\n<h2><span class=\"ez-toc-section\" id=\"Instagram-Notes-da-Nasil-Paylasim-Yapilir\"><\/span>Instagram Notes\u2019 da Nas\u0131l Payla\u015f\u0131m Yap\u0131l\u0131r?<span class=\"ez-toc-section-end\"><\/span><\/h2>\n<p>Instagram Not \u00f6zelli\u011fi sayesinde, DM kutusunda sanal notlar olu\u015fturabilirsiniz. 24 saat s\u00fcre ile kal\u0131c\u0131 olarak kullanabilece\u011finiz bu notlar\u0131 g\u00fcnl\u00fck olarak, diledi\u011finiz gibi d\u00fczenleyebilirsiniz. Olu\u015fturmu\u015f oldu\u011funuz notlar\u0131 sadece takip etti\u011finiz ki\u015filer g\u00f6rebilmektedir. Ayr\u0131ca \u201c<strong>Yak\u0131n Arkada\u015flar<\/strong>\u201d listenize ekledi\u011finiz \u00f6zel takip\u00e7ileriniz ile de payla\u015fma ayr\u0131cal\u0131\u011f\u0131na sahip olabilirsiniz.<\/p>\n<p>Notlar\u0131n\u0131z\u0131 kimlerin g\u00f6rece\u011fini, gizlilik ayarlar\u0131ndan diledi\u011finiz gibi d\u00fczenleyebilirsiniz. Not b\u00f6l\u00fcm\u00fcne herhangi bir video veya g\u00f6r\u00fcnt\u00fc eklenememektedir. Sadece emoji ve metin kullanabilirsiniz. Etkile\u015fiminizi art\u0131rmak i\u00e7in <strong>Instagram Notlar<\/strong> b\u00f6l\u00fcm\u00fcn\u00fc kullanabilirsiniz.<\/p>\n<p>Instagram Notes\u2019 da payla\u015f\u0131m yapmak olduk\u00e7a kolayd\u0131r. Notlar b\u00f6l\u00fcm\u00fcnde sizler de payla\u015f\u0131m yapmak istiyorsan\u0131z \u015fu ad\u0131mlar\u0131 izleyebilirsiniz:<\/p>\n<ol>\n<li>Instagram profilinize giri\u015f yap\u0131n. DM kutunuzu a\u00e7\u0131n.<\/li>\n<li>Ekran\u0131n hemen sol \u00fcst k\u00f6\u015fesinde yer alan, \u201c<strong>Profil Foto\u011fraf\u0131, arkada\u015flar, not g\u00f6nderen di\u011fer takip\u00e7iler<\/strong>\u201d se\u00e7enekleri yer almaktad\u0131r.<\/li>\n<li>Notlar k\u0131sm\u0131nda mesaj olu\u015fturmak i\u00e7in \u201c<strong>+<\/strong>\u201d i\u015faretine dokunun.<\/li>\n<li>Metin yazmak istiyorsan\u0131z, en fazla 60 karakterlik bir yaz\u0131 olu\u015fturmal\u0131s\u0131n\u0131z. Dilerseniz sadece emojileri de kullanarak not olu\u015fturabilirsiniz.<\/li>\n<li>Yazm\u0131\u015f oldu\u011funuz notu payla\u015ft\u0131ktan sonra, 24 saat i\u00e7erisinde Instagram taraf\u0131ndan otomatik olarak silinecektir. Ancak daha \u00f6nce de nota girerek, silme veya kald\u0131rma i\u015flemini de yapabilirsiniz.<\/li>\n<li>Takip\u00e7ileriniz veya yak\u0131n arkada\u015flar\u0131n\u0131z taraf\u0131ndan payla\u015f\u0131lm\u0131\u015f olan notlar\u0131 okuyabilir ve bunlara dokunarak diledi\u011finize yan\u0131t verebilirsiniz.<\/li>\n<li>Takip\u00e7ileriniz taraf\u0131ndan g\u00f6r\u00fclen notlara verilecek olan cevaplar\u0131 yan\u0131tlayabilir ve not \u00fczerinden yeni bir sohbet de ba\u015flatabilirsiniz.<\/li>\n<\/ol>\n<p><img decoding=\"async\" class=\"alignnone size-full wp-image-5075\" src=\"https:\/\/sosyalevin.com\/blog\/wp-content\/uploads\/2024\/09\/instagram-notesde-nasil-paylasim-yapilir.jpg\" alt=\"Instagram Notes\u2019 da Nas\u0131l Payla\u015f\u0131m Yap\u0131l\u0131r?\" width=\"1200\" height=\"628\" title=\"\" srcset=\"https:\/\/sosyalevin.com\/blog\/wp-content\/uploads\/2024\/09\/instagram-notesde-nasil-paylasim-yapilir.jpg 1200w, https:\/\/sosyalevin.com\/blog\/wp-content\/uploads\/2024\/09\/instagram-notesde-nasil-paylasim-yapilir-300x157.jpg 300w, https:\/\/sosyalevin.com\/blog\/wp-content\/uploads\/2024\/09\/instagram-notesde-nasil-paylasim-yapilir-1024x536.jpg 1024w, https:\/\/sosyalevin.com\/blog\/wp-content\/uploads\/2024\/09\/instagram-notesde-nasil-paylasim-yapilir-768x402.jpg 768w\" sizes=\"(max-width: 1200px) 100vw, 1200px\" \/><\/p>\n<h2><span class=\"ez-toc-section\" id=\"Instagram-Notes-Ozelligi-Nasil-Kapatilir\"><\/span>Instagram Notes \u00d6zelli\u011fi Nas\u0131l Kapat\u0131l\u0131r?<span class=\"ez-toc-section-end\"><\/span><\/h2>\n<p>Instagram Notes \u00f6zelli\u011fini diledi\u011finiz zaman kullanabilirsiniz. DM kutunuza girdi\u011finizde, takip etti\u011finiz ki\u015filerin payla\u015fm\u0131\u015f oldu\u011fu notlar\u0131 kapatma \u015fans\u0131n\u0131z da bulunmaktad\u0131r. Instagram Notes \u00f6zelli\u011fini kapatmak i\u00e7in, not payla\u015f\u0131mlar\u0131n\u0131 g\u00f6rmek istemedi\u011finiz takip\u00e7iyi sessize alabilirsiniz.<\/p>\n<p>Profili sessize ald\u0131\u011f\u0131n\u0131zda, o kullan\u0131c\u0131n\u0131n Notes b\u00f6l\u00fcm\u00fcnde payla\u015fm\u0131\u015f oldu\u011fu notlar\u0131 da gizlemi\u015f olursunuz. \u00dcstelik profili sessize ald\u0131\u011f\u0131n\u0131zda, kar\u015f\u0131 tarafa bildirim de gitmemektedir. Instagram Notes \u00f6zelli\u011fini kapatmak i\u00e7in istedi\u011finiz profili sessize alabilir ve daha sonras\u0131nda tekrar a\u00e7abilirsiniz.<\/p>\n<p>Notlar\u0131n\u0131 g\u00f6rmek istemedi\u011finiz profilin payla\u015fm\u0131\u015f oldu\u011fu notun \u00fczerine dokunun. Burada ekrana \u00e7\u0131kan \u201c<strong>Notlar\u0131n Sesini Kapat<\/strong>\u201d se\u00e7ene\u011fini tercih ederek, onaylay\u0131n.<\/p>\n<p>Instagram Notes \u00f6zelli\u011fi, her kullan\u0131c\u0131 i\u00e7in aktif olmayabilir. Bunun i\u00e7in d\u00fczenli olarak uygulamay\u0131 g\u00fcncellemelisiniz. Ayr\u0131ca kulland\u0131\u011f\u0131n\u0131z cihaz, Instagram\u2019\u0131n yeni s\u00fcr\u00fcm\u00fcn\u00fc de kald\u0131ramayabilir. Instagram Notes b\u00f6l\u00fcm\u00fcnde di\u011fer kullan\u0131c\u0131lar\u0131n payla\u015f\u0131mlar\u0131n\u0131 g\u00f6r\u00fcyorsan\u0131z sizler de not \u00f6zelli\u011fini kullanabilirsiniz.<\/p>\n<h2><span class=\"ez-toc-section\" id=\"Sik-Sorulan-Sorular\"><\/span>S\u0131k Sorulan Sorular<span class=\"ez-toc-section-end\"><\/span><\/h2>\n\n\t\t<div class=\"clearfix\"><\/div>\n\t\t<div class=\"toggle tie-sc-open\">\n\t\t\t<h3 class=\"toggle-head\"><span class=\"ez-toc-section\" id=\"Instagram-Notlar-Kismi-Ne-Ise-Yarar\"><\/span><strong>Instagram Notlar K\u0131sm\u0131 Ne \u0130\u015fe Yarar?<\/strong> <span class=\"fa fa-angle-down\" aria-hidden=\"true\"><\/span><span class=\"ez-toc-section-end\"><\/span><\/h3>\n\t\t\t<div class=\"toggle-content\"><strong>Instagram notlar<\/strong> k\u0131sm\u0131, takip etti\u011finiz veya yak\u0131n arkada\u015f listeniz ile d\u00fc\u015f\u00fcncelerinizi payla\u015fabilece\u011finiz bir \u00f6zelliktir. Yeni \u00f6zellik olarak kullan\u0131c\u0131lara sunulan Instagram Notes sayesinde, anl\u0131k d\u00fc\u015f\u00fcnce ve duygular\u0131n\u0131z\u0131 payla\u015fabilirsiniz.\n\t\t\t<\/div>\n\t\t<\/div>\n\t\n\n\t\t<div class=\"clearfix\"><\/div>\n\t\t<div class=\"toggle tie-sc-close\">\n\t\t\t<h3 class=\"toggle-head\"><span class=\"ez-toc-section\" id=\"Instagram-Not-Ozelligi-Kimler-Gorebilir\"><\/span><strong>Instagram Not \u00d6zelli\u011fi Kimler G\u00f6rebilir?<\/strong> <span class=\"fa fa-angle-down\" aria-hidden=\"true\"><\/span><span class=\"ez-toc-section-end\"><\/span><\/h3>\n\t\t\t<div class=\"toggle-content\">Instagram not \u00f6zelli\u011fini kulland\u0131\u011f\u0131n\u0131zda, yazd\u0131klar\u0131n\u0131z\u0131 sadece arkada\u015flar\u0131n\u0131z yani takip ettikleriniz g\u00f6rebilir. Dilerseniz sadece yak\u0131n arkada\u015f listenizi de tercih ederek, notlar\u0131n\u0131z\u0131 sadece bu listedeki ki\u015filerin g\u00f6rmesini de sa\u011flayabilirsiniz.\n\t\t\t<\/div>\n\t\t<\/div>\n\t\n","protected":false},"excerpt":{"rendered":"<p>Instagram notlar, kullan\u0131c\u0131lar\u0131n severek kulland\u0131\u011f\u0131 \u00f6zelliklerden biridir. Sizler de g\u00fcn i\u00e7erisindeki anl\u0131k duygu ve d\u00fc\u015f\u00fcncelerinizi Instagram notlar k\u0131sm\u0131nda payla\u015fabilirsiniz. Yak\u0131n zamanda kullan\u0131c\u0131lara sunulan notlar b\u00f6l\u00fcm\u00fcnde yapt\u0131\u011f\u0131n\u0131z payla\u015f\u0131mlar\u0131, yak\u0131n arkada\u015flar\u0131n\u0131z veya takip edilen ki\u015filer g\u00f6r\u00fcnt\u00fcleyebilmektedir. \u201cNot\u201d k\u0131sm\u0131nda payla\u015ft\u0131\u011f\u0131n\u0131z d\u00fc\u015f\u00fcncelere, takip edilen ki\u015filer ya da yak\u0131n arkada\u015flar\u0131n\u0131z direkt olarak mesaj atabilmekte ve sohbet payla\u015fabilmektedir. Sizler de yak\u0131n &hellip;<\/p>\n","protected":false},"author":1,"featured_media":5072,"comment_status":"open","ping_status":"open","sticky":false,"template":"","format":"standard","meta":{"footnotes":""},"categories":[74],"tags":[],"class_list":["post-4978","post","type-post","status-publish","format-standard","has-post-thumbnail","hentry","category-instagram-destek"],"_links":{"self":[{"href":"https:\/\/sosyalevin.com\/blog\/wp-json\/wp\/v2\/posts\/4978","targetHints":{"allow":["GET"]}}],"collection":[{"href":"https:\/\/sosyalevin.com\/blog\/wp-json\/wp\/v2\/posts"}],"about":[{"href":"https:\/\/sosyalevin.com\/blog\/wp-json\/wp\/v2\/types\/post"}],"author":[{"embeddable":true,"href":"https:\/\/sosyalevin.com\/blog\/wp-json\/wp\/v2\/users\/1"}],"replies":[{"embeddable":true,"href":"https:\/\/sosyalevin.com\/blog\/wp-json\/wp\/v2\/comments?post=4978"}],"version-history":[{"count":1,"href":"https:\/\/sosyalevin.com\/blog\/wp-json\/wp\/v2\/posts\/4978\/revisions"}],"predecessor-version":[{"id":6487,"href":"https:\/\/sosyalevin.com\/blog\/wp-json\/wp\/v2\/posts\/4978\/revisions\/6487"}],"wp:featuredmedia":[{"embeddable":true,"href":"https:\/\/sosyalevin.com\/blog\/wp-json\/wp\/v2\/media\/5072"}],"wp:attachment":[{"href":"https:\/\/sosyalevin.com\/blog\/wp-json\/wp\/v2\/media?parent=4978"}],"wp:term":[{"taxonomy":"category","embeddable":true,"href":"https:\/\/sosyalevin.com\/blog\/wp-json\/wp\/v2\/categories?post=4978"},{"taxonomy":"post_tag","embeddable":true,"href":"https:\/\/sosyalevin.com\/blog\/wp-json\/wp\/v2\/tags?post=4978"}],"curies":[{"name":"wp","href":"https:\/\/api.w.org\/{rel}","templated":true}]}}