{"id":544,"date":"2021-01-26T14:59:09","date_gmt":"2021-01-26T11:59:09","guid":{"rendered":"https:\/\/sosyalevin.com\/blog\/?p=544"},"modified":"2025-12-22T19:50:15","modified_gmt":"2025-12-22T16:50:15","slug":"instagram-hesabi-kapanma-sebepleri","status":"publish","type":"post","link":"https:\/\/sosyalevin.com\/blog\/instagram-hesabi-kapanma-sebepleri\/","title":{"rendered":"Instagram Hesab\u0131 Kapanma Sebepleri"},"content":{"rendered":"<p>Instagram hesab\u0131 kapanma sebepleri sosyal medya hesab\u0131 kapanan kullan\u0131c\u0131lar taraf\u0131ndan merak edilen bir durum. Bu konuya a&ccedil;\u0131kl\u0131k getirece\u011fiz.<\/p>\n<p>D&uuml;nyan\u0131n en pop&uuml;ler sosyal medya platformlar\u0131ndan birisi olan Instagram&rsquo;da 1 milyar\u0131n &uuml;zerinde aktif kullan\u0131c\u0131 yer al\u0131yor. Yani bu d&uuml;nya n&uuml;fusunun \u215b&rsquo;ine yak\u0131n bir oran. K\u0131sacas\u0131 d&uuml;nyadaki her 8 insandan biri Instagram kullan\u0131yor diyebiliriz.<\/p>\n<p>Instagram, bu kadar de\u011ferli bir platform haline gelmi\u015fken bu mecran\u0131n da topluluk kurallar\u0131 bulunmas\u0131 ve d&uuml;zg&uuml;n bir \u015fekilde y&ouml;netilmesi gerekiyor. Bu konuda do\u011fru kararlar\u0131n al\u0131nmas\u0131 i&ccedil;in yetkilileri g&ouml;revlendiren ve yapay zeka kullanan Instagram, sosyal medya kullan\u0131c\u0131lar\u0131n\u0131n kaliteli bir ortamda vakit ge&ccedil;irmesini sa\u011fl\u0131yor.<\/p>\n<h2>Instagram hesab\u0131 kapanma sebepleri<\/h2>\n<p>Instagram hesab\u0131 kapanan bir ki\u015finin yanl\u0131\u015f yapt\u0131\u011f\u0131 bir durum olabilir. Bundan dolay\u0131 hesab\u0131n kapanmamas\u0131 i&ccedil;in dikkatli davranmak gerekir. Instagram hesap kapanma sorunu sebeplerinden birisi toplu \u015fikayet ile ger&ccedil;ekle\u015febiliyor. &Ouml;zellikle &ccedil;ok b&uuml;y&uuml;yen sayfalar\u0131n ya\u015fad\u0131\u011f\u0131 bu sorun, o sayfan\u0131n b&uuml;y&uuml;mesine g&ouml;z dikmi\u015f insanlar taraf\u0131ndan ger&ccedil;ekle\u015ftiriliyor.<\/p>\n<p>Bu gibi insanlar, sayfaya toplu \u015fikayet atarak o sayfan\u0131n hesab\u0131n\u0131n kapanmas\u0131na sebep oluyor. Bu sorunun &ccedil;&ouml;z&uuml;lmesi i&ccedil;in Instagram hesab\u0131n\u0131n kullan\u0131c\u0131s\u0131n\u0131n Instagram ile ileti\u015fime ge&ccedil;mesi ve kimli\u011fini do\u011frulamas\u0131 gerekir.<\/p>\n<p>Instagram hesap kapanma nedenlerinden birisi de hakaret i&ccedil;erikli payla\u015f\u0131mlar sergilemektir. E\u011fer ki payla\u015f\u0131mlarda &ccedil;e\u015fitli ki\u015filere kar\u015f\u0131 hakaret i&ccedil;erikli veya \u0131rk&ccedil;\u0131 payla\u015f\u0131mlar yer al\u0131yorsa bu durum hesab\u0131n kapanmas\u0131na sebep olabilir.<\/p>\n<p>Bir di\u011fer hesap kapanma nedeni Instagram&rsquo;da payla\u015f\u0131lan foto\u011fraf veya profil foto\u011fraf\u0131 sebebiyle ger&ccedil;ekle\u015fiyor. Daha &ouml;nce haberlerde de g&ouml;r&uuml;lm&uuml;\u015ft&uuml;. Bir g&ouml;rseli profil foto\u011fraf\u0131 yapmak hesab\u0131n kapanmas\u0131na sebep oluyordu. Bu gibi durumlara kar\u015f\u0131 dikkatli olunmal\u0131.<\/p>\n<p>Instagram hesab\u0131n\u0131n kapanmas\u0131n\u0131 sa\u011flayan bir di\u011fer durum +18 i&ccedil;erikli payla\u015f\u0131mlar ve \u015fiddet olabiliyor. Her \u015fiddet videosu kald\u0131r\u0131lmasa da bunun da Instagram taraf\u0131ndan belirli bir s\u0131n\u0131r\u0131 bulunuyor. En uygun \u015fekli belirleyerek Instagram&rsquo;\u0131n topluluk politikas\u0131na uygun payla\u015f\u0131m yap\u0131lmal\u0131.<\/p>\n<p>D&uuml;nyan\u0131n en b&uuml;y&uuml;k sosyal mecras\u0131nda yasak olan &uuml;r&uuml;nlerin sat\u0131lmas\u0131, sahte ticaretin yap\u0131lmas\u0131, spam payla\u015f\u0131mlar\u0131n olu\u015fturulmas\u0131, bot hesap a&ccedil;\u0131lmas\u0131, insan veya hayvan haklar\u0131na sayg\u0131 duyulmamas\u0131, cinsel i&ccedil;erikli payla\u015f\u0131mlar\u0131n yap\u0131lmas\u0131 veya doland\u0131r\u0131c\u0131l\u0131k i\u015flemlerinin uygulanmas\u0131 durumlar\u0131 da hesab\u0131n yasaklanmas\u0131n\u0131 sa\u011fl\u0131yor.<\/p>\n","protected":false},"excerpt":{"rendered":"<p>Instagram hesab\u0131 kapanma sebepleri sosyal medya hesab\u0131 kapanan kullan\u0131c\u0131lar taraf\u0131ndan merak edilen bir durum. Bu konuya a&ccedil;\u0131kl\u0131k getirece\u011fiz. D&uuml;nyan\u0131n en pop&uuml;ler sosyal medya platformlar\u0131ndan birisi olan Instagram&rsquo;da 1 milyar\u0131n &uuml;zerinde aktif kullan\u0131c\u0131 yer al\u0131yor. Yani bu d&uuml;nya n&uuml;fusunun \u215b&rsquo;ine yak\u0131n bir oran. K\u0131sacas\u0131 d&uuml;nyadaki her 8 insandan biri Instagram kullan\u0131yor diyebiliriz. Instagram, bu kadar de\u011ferli &hellip;<\/p>\n","protected":false},"author":1,"featured_media":545,"comment_status":"open","ping_status":"open","sticky":false,"template":"","format":"standard","meta":{"footnotes":""},"categories":[74],"tags":[],"class_list":["post-544","post","type-post","status-publish","format-standard","has-post-thumbnail","hentry","category-instagram-destek"],"_links":{"self":[{"href":"https:\/\/sosyalevin.com\/blog\/wp-json\/wp\/v2\/posts\/544","targetHints":{"allow":["GET"]}}],"collection":[{"href":"https:\/\/sosyalevin.com\/blog\/wp-json\/wp\/v2\/posts"}],"about":[{"href":"https:\/\/sosyalevin.com\/blog\/wp-json\/wp\/v2\/types\/post"}],"author":[{"embeddable":true,"href":"https:\/\/sosyalevin.com\/blog\/wp-json\/wp\/v2\/users\/1"}],"replies":[{"embeddable":true,"href":"https:\/\/sosyalevin.com\/blog\/wp-json\/wp\/v2\/comments?post=544"}],"version-history":[{"count":1,"href":"https:\/\/sosyalevin.com\/blog\/wp-json\/wp\/v2\/posts\/544\/revisions"}],"predecessor-version":[{"id":6863,"href":"https:\/\/sosyalevin.com\/blog\/wp-json\/wp\/v2\/posts\/544\/revisions\/6863"}],"wp:featuredmedia":[{"embeddable":true,"href":"https:\/\/sosyalevin.com\/blog\/wp-json\/wp\/v2\/media\/545"}],"wp:attachment":[{"href":"https:\/\/sosyalevin.com\/blog\/wp-json\/wp\/v2\/media?parent=544"}],"wp:term":[{"taxonomy":"category","embeddable":true,"href":"https:\/\/sosyalevin.com\/blog\/wp-json\/wp\/v2\/categories?post=544"},{"taxonomy":"post_tag","embeddable":true,"href":"https:\/\/sosyalevin.com\/blog\/wp-json\/wp\/v2\/tags?post=544"}],"curies":[{"name":"wp","href":"https:\/\/api.w.org\/{rel}","templated":true}]}}