{"id":550,"date":"2021-01-26T15:01:56","date_gmt":"2021-01-26T12:01:56","guid":{"rendered":"https:\/\/sosyalevin.com\/blog\/?p=550"},"modified":"2025-12-22T19:50:15","modified_gmt":"2025-12-22T16:50:15","slug":"facebook-girisimi-nasil-basarili-oldu","status":"publish","type":"post","link":"https:\/\/sosyalevin.com\/blog\/facebook-girisimi-nasil-basarili-oldu\/","title":{"rendered":"Facebook Giri\u015fimi Nas\u0131l Ba\u015far\u0131l\u0131 Oldu?"},"content":{"rendered":"<p>G&uuml;n&uuml;m&uuml;zde LinkedIn, Instagram, Twitter ve YouTube gibi pek &ccedil;ok sosyal medya giri\u015fimi bulunuyor. Bunlardan birisi de Facebook olarak yer al\u0131yor.<\/p>\n<p>G&uuml;n&uuml;m&uuml;zde 1 milyar\u0131n &uuml;zerinde aktif kullan\u0131c\u0131ya ev sahipli\u011fi yapan Facebook, g&uuml;n&uuml;m&uuml;zde ortaya koyduklar\u0131 ile pek &ccedil;ok kullan\u0131c\u0131 taraf\u0131ndan kullan\u0131l\u0131yor. Ge&ccedil;mi\u015fte gen&ccedil;ler s\u0131k&ccedil;a bu alan\u0131 kullansa da g&uuml;n&uuml;m&uuml;zde gen&ccedil;ler Instagram&rsquo;a do\u011fru kayarken yeti\u015fkin ve ya\u015fl\u0131 insanlar genel olarak Facebook&rsquo;u kullan\u0131yor.<\/p>\n<p>&Uuml;niversite &ouml;\u011frencilerinin bulu\u015fma yeri olarak kurulan, ilk olarak farkl\u0131 bir i\u015fleve sahip olan ve hen&uuml;z d&uuml;nyaya a&ccedil;\u0131lmayan Facebook&rsquo;un bir anda b&uuml;y&uuml;mesi ve g&uuml;n&uuml;m&uuml;ze kadar geli\u015fi pek &ccedil;ok kullan\u0131c\u0131 taraf\u0131ndan merak edilen bir durum olarak yer al\u0131yor.<\/p>\n<h2>Facebook giri\u015fimi ve ba\u015far\u0131l\u0131 olma hikayesi<\/h2>\n<p>Hen&uuml;z bir &uuml;niversite &ouml;\u011frencisi olan Mark Zuckerberg, birka&ccedil; arkada\u015f\u0131yla birlikte odada kalmaktad\u0131r. 2000&rsquo;li y\u0131llar\u0131n ba\u015f\u0131nda Harvard &Uuml;niversitesi&rsquo;nde e\u011fitim g&ouml;ren Mark, Facebook gibi bir site kurma hayaline daha o zamandan ba\u015flam\u0131\u015ft\u0131. \u0130lk hedefi &uuml;niversite &ouml;\u011frencilerini bir yere toplamak olan Mark, bunun i&ccedil;in bir web sitesi kodlamaya ba\u015flad\u0131.<\/p>\n<p>Facemash.com adl\u0131 bir site kodlayan Mark, &uuml;niversitenin &ouml;\u011frenci veritaban\u0131na s\u0131zarak buradaki &ouml;\u011frencilerin bilgilerini ve foto\u011fraflar\u0131n\u0131 web sitesine eklemi\u015fti. Bu durumdan dolay\u0131 yakalanan Mark Zuckerberg, bu olay sonras\u0131nda okulu b\u0131rakma karar\u0131 ald\u0131 ve Facebook&rsquo;u kurma &ccedil;al\u0131\u015fmalar\u0131na ba\u015flad\u0131.<\/p>\n<p>Facebook&rsquo;u kurmaya karar veren Mark ve ekibi i&ccedil;in baz\u0131 ki\u015filer Facebook&rsquo;a benzeyen sistemlerin oldu\u011funu belirtiyordu fakat Mark&rsquo;\u0131n akl\u0131nda bu sosyal medya a\u011flar\u0131ndan daha farkl\u0131 bir fikir vard\u0131. K\u0131sa s&uuml;re i&ccedil;erisinde Facebook&rsquo;u kuran Mark Zuckerberg, platformun b&uuml;y&uuml;mesi i&ccedil;in &ccedil;e\u015fitli reklamlar yapt\u0131 ve finansman deste\u011fi arad\u0131.<\/p>\n<p>K\u0131sa s&uuml;rede b&uuml;y&uuml;meye ge&ccedil;en Facebook baz\u0131 sorunlardan dolay\u0131 o zamanlar s\u0131k\u0131nt\u0131larla kar\u015f\u0131la\u015fm\u0131\u015ft\u0131. Bu s\u0131k\u0131nt\u0131lardan birisi de Facebook fikrinin ba\u015fkas\u0131ndan &ccedil;al\u0131nd\u0131\u011f\u0131 idi fakat bu sorun pek &ouml;nemsenmedi.<\/p>\n<p>Facebook&rsquo;un daha &ouml;nce kar\u015f\u0131la\u015ft\u0131\u011f\u0131 sorunlardan birisi de kullan\u0131c\u0131lar\u0131n\u0131n y&uuml;z verilerini toplamas\u0131 oldu. Facebook, kullan\u0131c\u0131lara sormadan foto\u011fraflardaki y&uuml;zleri tarayarak kendi veritaban\u0131na ekledi. Bundan dolay\u0131 daval\u0131k olan Mark, bu davay\u0131 kaybederek b&uuml;y&uuml;k bir tazminat &ouml;dedi.<\/p>\n","protected":false},"excerpt":{"rendered":"<p>G&uuml;n&uuml;m&uuml;zde LinkedIn, Instagram, Twitter ve YouTube gibi pek &ccedil;ok sosyal medya giri\u015fimi bulunuyor. Bunlardan birisi de Facebook olarak yer al\u0131yor. G&uuml;n&uuml;m&uuml;zde 1 milyar\u0131n &uuml;zerinde aktif kullan\u0131c\u0131ya ev sahipli\u011fi yapan Facebook, g&uuml;n&uuml;m&uuml;zde ortaya koyduklar\u0131 ile pek &ccedil;ok kullan\u0131c\u0131 taraf\u0131ndan kullan\u0131l\u0131yor. Ge&ccedil;mi\u015fte gen&ccedil;ler s\u0131k&ccedil;a bu alan\u0131 kullansa da g&uuml;n&uuml;m&uuml;zde gen&ccedil;ler Instagram&rsquo;a do\u011fru kayarken yeti\u015fkin ve ya\u015fl\u0131 insanlar &hellip;<\/p>\n","protected":false},"author":1,"featured_media":551,"comment_status":"open","ping_status":"open","sticky":false,"template":"","format":"standard","meta":{"footnotes":""},"categories":[80],"tags":[],"class_list":["post-550","post","type-post","status-publish","format-standard","has-post-thumbnail","hentry","category-facebook-destek"],"_links":{"self":[{"href":"https:\/\/sosyalevin.com\/blog\/wp-json\/wp\/v2\/posts\/550","targetHints":{"allow":["GET"]}}],"collection":[{"href":"https:\/\/sosyalevin.com\/blog\/wp-json\/wp\/v2\/posts"}],"about":[{"href":"https:\/\/sosyalevin.com\/blog\/wp-json\/wp\/v2\/types\/post"}],"author":[{"embeddable":true,"href":"https:\/\/sosyalevin.com\/blog\/wp-json\/wp\/v2\/users\/1"}],"replies":[{"embeddable":true,"href":"https:\/\/sosyalevin.com\/blog\/wp-json\/wp\/v2\/comments?post=550"}],"version-history":[{"count":1,"href":"https:\/\/sosyalevin.com\/blog\/wp-json\/wp\/v2\/posts\/550\/revisions"}],"predecessor-version":[{"id":6861,"href":"https:\/\/sosyalevin.com\/blog\/wp-json\/wp\/v2\/posts\/550\/revisions\/6861"}],"wp:featuredmedia":[{"embeddable":true,"href":"https:\/\/sosyalevin.com\/blog\/wp-json\/wp\/v2\/media\/551"}],"wp:attachment":[{"href":"https:\/\/sosyalevin.com\/blog\/wp-json\/wp\/v2\/media?parent=550"}],"wp:term":[{"taxonomy":"category","embeddable":true,"href":"https:\/\/sosyalevin.com\/blog\/wp-json\/wp\/v2\/categories?post=550"},{"taxonomy":"post_tag","embeddable":true,"href":"https:\/\/sosyalevin.com\/blog\/wp-json\/wp\/v2\/tags?post=550"}],"curies":[{"name":"wp","href":"https:\/\/api.w.org\/{rel}","templated":true}]}}