{"id":553,"date":"2021-01-26T15:02:28","date_gmt":"2021-01-26T12:02:28","guid":{"rendered":"https:\/\/sosyalevin.com\/blog\/?p=553"},"modified":"2025-12-22T19:50:15","modified_gmt":"2025-12-22T16:50:15","slug":"instagram-girisim-tarihi","status":"publish","type":"post","link":"https:\/\/sosyalevin.com\/blog\/instagram-girisim-tarihi\/","title":{"rendered":"Instagram Giri\u015fim Tarihi"},"content":{"rendered":"<p>Instagram giri\u015fim tarihi nas\u0131l ger&ccedil;ekle\u015fti? 2 orta\u011f\u0131n kurdu\u011fu ve sonras\u0131nda Facebook&rsquo;a satt\u0131\u011f\u0131 bu giri\u015fim \u015fu anda d&uuml;nyan\u0131n en b&uuml;y&uuml;k mecralar\u0131ndan birisi.<\/p>\n<p>Sosyal medya platformu Instagram, elde etti\u011fi gelir miktar\u0131 ile Facebook \u015firketinde \u015fu anda Facebook&rsquo;tan sonra en &ccedil;ok gelir miktar\u0131n\u0131 elde eden platformlardan birisi olarak yer al\u0131yor. Mark Zuckerberg&rsquo;in kurdu\u011fu Facebook \u015firketi, b&uuml;y&uuml;meye devam ederken Instagram da buna g&ouml;re en uygun \u015fekilde geli\u015ftirilmeye &ccedil;al\u0131\u015f\u0131l\u0131yor. Peki Instagram \u015firketinin giri\u015fimi nas\u0131l ger&ccedil;ekle\u015fti? G&uuml;n&uuml;m&uuml;zde ne durumda? Kullan\u0131c\u0131lar\u0131n bu konuda bilmesi gereken pek &ccedil;ok detay bulunuyor.<\/p>\n<h2>Instagram platformunun giri\u015fim tarihi<\/h2>\n<p>Kevin Systrom ve Mike Krieger, o zamanlar bir sosyal medya uygulamas\u0131 geli\u015ftirmek i&ccedil;in &ccedil;al\u0131\u015fmalara ba\u015flamak istiyordu. Bu konuda Burbn ad\u0131n\u0131 verdi\u011fi yeni platforma a\u011f\u0131rl\u0131k veren ekip, platformu ba\u015far\u0131yla kurdu ve platformun ilk amac\u0131 harita &uuml;zerinden yer i\u015fareti ekleme oldu.<\/p>\n<p>Ekip bakt\u0131 ki platform Foursquare&rsquo;ye &ccedil;ok benziyor, bundan dolay\u0131 bir konsept de\u011fi\u015fikli\u011fine gitti ve yeni konsept foto\u011fraf odakl\u0131 bir uygulama oldu. Burbn olarak adland\u0131r\u0131lan bu platformun ad\u0131 da Instagram olarak de\u011fi\u015ftirildi. Instagram&rsquo;\u0131n k&ouml;kenine inildi\u011finde &ldquo;Instant Camera&rdquo; ve &ldquo;Telegram&rdquo; s&ouml;zc&uuml;klerinin birle\u015fiminden olu\u015fuyor. Yani h\u0131zl\u0131 foto\u011fraf &ccedil;ekimi ve telgraf s&ouml;zc&uuml;klerinin birle\u015fimi Instagram ifadesini bir araya getirdi.<\/p>\n<p>Instagram&rsquo;daki ilk payla\u015f\u0131m 16 Temmuz 2010 y\u0131l\u0131nda yap\u0131ld\u0131. Mike Krieger taraf\u0131ndan yap\u0131lan bu payla\u015f\u0131m South Beach Liman\u0131&rsquo;n\u0131n bir foto\u011fraf\u0131n\u0131 i&ccedil;eriyordu. \u0130lerleyen zamanlarda mobil uygulama geli\u015ftiren Instagram ekibi, sosyal medya platformunu daha da ileriye ta\u015f\u0131d\u0131.<\/p>\n<p>2012 y\u0131l\u0131nda milyonlarca kullan\u0131c\u0131ya hitap etmeye ba\u015flayan Instagram, daha o zamanlarda Facebook&rsquo;un ilgisini &ccedil;ekmeye ba\u015flam\u0131\u015ft\u0131. Facebook taraf\u0131ndan yak\u0131n takibe al\u0131nan Instagram, bir s&uuml;re takip edildi ve uygulaman\u0131n geli\u015fim s&uuml;reci izlendi. Bu b&uuml;y&uuml;k ad\u0131m\u0131 atmak isteyen Facebook, 21 Nisan 2012 tarihinde Instagram&rsquo;\u0131n 13 &ccedil;al\u0131\u015fan\u0131 ile birlikte firmay\u0131 1 milyar $ kar\u015f\u0131l\u0131\u011f\u0131nda sat\u0131n al\u0131yor. Bu b&uuml;y&uuml;k sat\u0131n al\u0131m i\u015flemi, gelecekte Facebook \u015firketini daha da zengin edecekti.<\/p>\n<p>\u015eu anda d&uuml;nyan\u0131n en b&uuml;y&uuml;k sosyal medya platformlar\u0131ndan birisi haline gelen Instagram&rsquo;da pek &ccedil;ok yeni &ouml;zellik bulunuyor. IGTV ve Reels bu yeniliklerden baz\u0131lar\u0131 olarak g&ouml;sterilebilir.<\/p>\n","protected":false},"excerpt":{"rendered":"<p>Instagram giri\u015fim tarihi nas\u0131l ger&ccedil;ekle\u015fti? 2 orta\u011f\u0131n kurdu\u011fu ve sonras\u0131nda Facebook&rsquo;a satt\u0131\u011f\u0131 bu giri\u015fim \u015fu anda d&uuml;nyan\u0131n en b&uuml;y&uuml;k mecralar\u0131ndan birisi. Sosyal medya platformu Instagram, elde etti\u011fi gelir miktar\u0131 ile Facebook \u015firketinde \u015fu anda Facebook&rsquo;tan sonra en &ccedil;ok gelir miktar\u0131n\u0131 elde eden platformlardan birisi olarak yer al\u0131yor. Mark Zuckerberg&rsquo;in kurdu\u011fu Facebook \u015firketi, b&uuml;y&uuml;meye devam ederken &hellip;<\/p>\n","protected":false},"author":1,"featured_media":554,"comment_status":"open","ping_status":"open","sticky":false,"template":"","format":"standard","meta":{"footnotes":""},"categories":[74],"tags":[],"class_list":["post-553","post","type-post","status-publish","format-standard","has-post-thumbnail","hentry","category-instagram-destek"],"_links":{"self":[{"href":"https:\/\/sosyalevin.com\/blog\/wp-json\/wp\/v2\/posts\/553","targetHints":{"allow":["GET"]}}],"collection":[{"href":"https:\/\/sosyalevin.com\/blog\/wp-json\/wp\/v2\/posts"}],"about":[{"href":"https:\/\/sosyalevin.com\/blog\/wp-json\/wp\/v2\/types\/post"}],"author":[{"embeddable":true,"href":"https:\/\/sosyalevin.com\/blog\/wp-json\/wp\/v2\/users\/1"}],"replies":[{"embeddable":true,"href":"https:\/\/sosyalevin.com\/blog\/wp-json\/wp\/v2\/comments?post=553"}],"version-history":[{"count":1,"href":"https:\/\/sosyalevin.com\/blog\/wp-json\/wp\/v2\/posts\/553\/revisions"}],"predecessor-version":[{"id":6860,"href":"https:\/\/sosyalevin.com\/blog\/wp-json\/wp\/v2\/posts\/553\/revisions\/6860"}],"wp:featuredmedia":[{"embeddable":true,"href":"https:\/\/sosyalevin.com\/blog\/wp-json\/wp\/v2\/media\/554"}],"wp:attachment":[{"href":"https:\/\/sosyalevin.com\/blog\/wp-json\/wp\/v2\/media?parent=553"}],"wp:term":[{"taxonomy":"category","embeddable":true,"href":"https:\/\/sosyalevin.com\/blog\/wp-json\/wp\/v2\/categories?post=553"},{"taxonomy":"post_tag","embeddable":true,"href":"https:\/\/sosyalevin.com\/blog\/wp-json\/wp\/v2\/tags?post=553"}],"curies":[{"name":"wp","href":"https:\/\/api.w.org\/{rel}","templated":true}]}}