{"id":5660,"date":"2025-03-10T10:52:55","date_gmt":"2025-03-10T07:52:55","guid":{"rendered":"https:\/\/sosyalevin.com\/blog\/?p=5660"},"modified":"2025-12-22T19:50:11","modified_gmt":"2025-12-22T16:50:11","slug":"facebook-profil-kilitleme","status":"publish","type":"post","link":"https:\/\/sosyalevin.com\/blog\/facebook-profil-kilitleme\/","title":{"rendered":"Facebook Profil Kilitleme"},"content":{"rendered":"<p>\u201c<strong>Facebook profil kilitleme nedir?<\/strong>\u201d sorusuna; hesaplara ait bilgilerin di\u011fer kullan\u0131c\u0131lar taraf\u0131ndan s\u0131n\u0131rl\u0131 bir \u015fekilde g\u00f6r\u00fcnt\u00fclenmesini sa\u011flayan bir \u00f6zelliktir, \u015feklinde yan\u0131t verilebilir. S\u00f6z konusu \u00f6zelli\u011fi aktif etti\u011finiz takdirde tan\u0131mad\u0131\u011f\u0131n\u0131z ki\u015filerin g\u00f6nderilerinizi ve sosyal \u00e7evrenizi incelemesi m\u00fcmk\u00fcn de\u011fildir. Ayr\u0131ca profilinizin gizlilik ayarlar\u0131n\u0131 \u00f6zelle\u015ftirme \u015fans\u0131n\u0131z da vard\u0131r.<\/p>\n<div id=\"ez-toc-container\" class=\"ez-toc-v2_0_82_2 counter-hierarchy ez-toc-counter ez-toc-grey ez-toc-container-direction\">\n<div class=\"ez-toc-title-container\"><p class=\"ez-toc-title\" style=\"cursor:inherit\">\u0130\u00e7indekiler<\/p>\n<\/div><nav><ul class='ez-toc-list ez-toc-list-level-1 ' ><li class='ez-toc-page-1 ez-toc-heading-level-2'><a class=\"ez-toc-link ez-toc-heading-1\" href=\"https:\/\/sosyalevin.com\/blog\/facebook-profil-kilitleme\/#Facebook-Profil-Kilitleme-Nedir\" >Facebook Profil Kilitleme Nedir?<\/a><\/li><li class='ez-toc-page-1 ez-toc-heading-level-2'><a class=\"ez-toc-link ez-toc-heading-2\" href=\"https:\/\/sosyalevin.com\/blog\/facebook-profil-kilitleme\/#Facebook-Profil-Kilitleme-Ne-Ise-Yarar\" >Facebook Profil Kilitleme Ne \u0130\u015fe Yarar?<\/a><\/li><li class='ez-toc-page-1 ez-toc-heading-level-2'><a class=\"ez-toc-link ez-toc-heading-3\" href=\"https:\/\/sosyalevin.com\/blog\/facebook-profil-kilitleme\/#Facebook-Profil-Kilitleme-Islemi-Nedir\" >Facebook Profil Kilitleme \u0130\u015flemi Nedir?<\/a><\/li><li class='ez-toc-page-1 ez-toc-heading-level-2'><a class=\"ez-toc-link ez-toc-heading-4\" href=\"https:\/\/sosyalevin.com\/blog\/facebook-profil-kilitleme\/#Facebook-Profil-Kilidi-Ozelligini-Neden-Kullanmaliyim\" >Facebook Profil Kilidi \u00d6zelli\u011fini Neden Kullanmal\u0131y\u0131m?<\/a><\/li><li class='ez-toc-page-1 ez-toc-heading-level-2'><a class=\"ez-toc-link ez-toc-heading-5\" href=\"https:\/\/sosyalevin.com\/blog\/facebook-profil-kilitleme\/#Facebook-Profil-Kilitleme-Nasil-Yapilir\" >Facebook Profil Kilitleme Nas\u0131l Yap\u0131l\u0131r?<\/a><ul class='ez-toc-list-level-3' ><li class='ez-toc-heading-level-3'><a class=\"ez-toc-link ez-toc-heading-6\" href=\"https:\/\/sosyalevin.com\/blog\/facebook-profil-kilitleme\/#Mobilde-Facebook-Hesap-Kilitleme-Islemi\" >Mobilde Facebook Hesap Kilitleme \u0130\u015flemi<\/a><\/li><li class='ez-toc-page-1 ez-toc-heading-level-3'><a class=\"ez-toc-link ez-toc-heading-7\" href=\"https:\/\/sosyalevin.com\/blog\/facebook-profil-kilitleme\/#Bilgisayarda-Facebook-Hesap-Kilitleme-Islemi\" >Bilgisayarda Facebook Hesap Kilitleme \u0130\u015flemi<\/a><\/li><\/ul><\/li><li class='ez-toc-page-1 ez-toc-heading-level-2'><a class=\"ez-toc-link ez-toc-heading-8\" href=\"https:\/\/sosyalevin.com\/blog\/facebook-profil-kilitleme\/#Facebook-Profil-Kilidi-Nasil-Kaldirilir\" >Facebook Profil Kilidi Nas\u0131l Kald\u0131r\u0131l\u0131r?<\/a><\/li><li class='ez-toc-page-1 ez-toc-heading-level-2'><a class=\"ez-toc-link ez-toc-heading-9\" href=\"https:\/\/sosyalevin.com\/blog\/facebook-profil-kilitleme\/#Facebook-Profil-Kilitleme-Yok-Ne-Yapmaliyim\" >Facebook Profil Kilitleme Yok? Ne Yapmal\u0131y\u0131m?<\/a><\/li><li class='ez-toc-page-1 ez-toc-heading-level-2'><a class=\"ez-toc-link ez-toc-heading-10\" href=\"https:\/\/sosyalevin.com\/blog\/facebook-profil-kilitleme\/#Facebook-Hesap-Kilitlemenin-Avantajlari-Nelerdir\" >Facebook Hesap Kilitlemenin Avantajlar\u0131 Nelerdir?<\/a><\/li><li class='ez-toc-page-1 ez-toc-heading-level-2'><a class=\"ez-toc-link ez-toc-heading-11\" href=\"https:\/\/sosyalevin.com\/blog\/facebook-profil-kilitleme\/#Facebook-Hesap-Dondurma-Nasil-Yapilir\" >Facebook Hesap Dondurma Nas\u0131l Yap\u0131l\u0131r?<\/a><\/li><\/ul><\/nav><\/div>\n<h2><span class=\"ez-toc-section\" id=\"Facebook-Profil-Kilitleme-Nedir\"><\/span>Facebook Profil Kilitleme Nedir?<span class=\"ez-toc-section-end\"><\/span><\/h2>\n<p><a href=\"https:\/\/sosyalevin.com\/facebook\/\">Facebook<\/a> profil kilitleme, kullan\u0131c\u0131lar\u0131n hesaplar\u0131n\u0131 daha g\u00fcvenli hale getirmeleri i\u00e7in sunulan bir gizlilik \u00f6zelli\u011fidir. Etkinle\u015ftirilmesi halinde profilinize eri\u015febilen ki\u015filer s\u0131n\u0131rland\u0131r\u0131l\u0131r ve yaln\u0131zca arkada\u015flar\u0131n\u0131z; foto\u011fraf\u0131n\u0131z\u0131, g\u00f6nderilerinizi ve di\u011fer payla\u015f\u0131mlar\u0131n\u0131z\u0131 g\u00f6rebilir. Ayr\u0131ca profilinizdeki bilgilerin ba\u015fkalar\u0131 taraf\u0131ndan indirilmesinin ya da ekran g\u00f6r\u00fcnt\u00fcs\u00fc al\u0131nmas\u0131n\u0131n da \u00f6n\u00fcne ge\u00e7ilir.<\/p>\n<p><img decoding=\"async\" class=\"alignnone wp-image-5663 size-full\" src=\"https:\/\/sosyalevin.com\/blog\/wp-content\/uploads\/2025\/02\/facebook-profil-kilitleme-nedir.webp\" alt=\"Facebook Profil Kilitleme Nedir?\" width=\"1200\" height=\"628\" title=\"\" srcset=\"https:\/\/sosyalevin.com\/blog\/wp-content\/uploads\/2025\/02\/facebook-profil-kilitleme-nedir.webp 1200w, https:\/\/sosyalevin.com\/blog\/wp-content\/uploads\/2025\/02\/facebook-profil-kilitleme-nedir-300x157.webp 300w, https:\/\/sosyalevin.com\/blog\/wp-content\/uploads\/2025\/02\/facebook-profil-kilitleme-nedir-1024x536.webp 1024w, https:\/\/sosyalevin.com\/blog\/wp-content\/uploads\/2025\/02\/facebook-profil-kilitleme-nedir-768x402.webp 768w\" sizes=\"(max-width: 1200px) 100vw, 1200px\" \/><\/p>\n<h2><span class=\"ez-toc-section\" id=\"Facebook-Profil-Kilitleme-Ne-Ise-Yarar\"><\/span>Facebook Profil Kilitleme Ne \u0130\u015fe Yarar?<span class=\"ez-toc-section-end\"><\/span><\/h2>\n<p>\u201cFacebook profil kilitleme ne i\u015fe yarar?\u201d sorusuna; hesapta yer alan bilgilerin arkada\u015fl\u0131k iste\u011fi kabul edilmeyen bireyler taraf\u0131ndan s\u0131n\u0131rl\u0131 olarak g\u00f6r\u00fcnt\u00fclenmesini sa\u011flar, \u015feklinde yan\u0131t verilebilir. Bu sayede sosyal \u00e7evre, g\u00f6nderiler, hikayeler ve foto\u011fraflar izin verilmeyen ki\u015filerden gizlenebilir. Ayr\u0131ca gizli hesap \u00f6zelli\u011fiyle birlikte ki\u015fisel bilgilerin ve hesaptaki payla\u015f\u0131mlar\u0131n \u00e7al\u0131nmas\u0131n\u0131n da \u00f6n\u00fcne ge\u00e7ilir.<\/p>\n<h2><span class=\"ez-toc-section\" id=\"Facebook-Profil-Kilitleme-Islemi-Nedir\"><\/span>Facebook Profil Kilitleme \u0130\u015flemi Nedir?<span class=\"ez-toc-section-end\"><\/span><\/h2>\n<p>Facebook hesap kilitleme i\u015flemi, \u00e7e\u015fitli bilgileriniz ve payla\u015f\u0131mlar\u0131n\u0131z\u0131 arkada\u015f olmad\u0131\u011f\u0131n\u0131z kullan\u0131c\u0131lardan gizlemenizi sa\u011flayan bir \u00f6zelliktir. Gizlilik tercihine y\u00f6nelik d\u00fczenlemeler ise profil ayarlar\u0131 men\u00fcs\u00fcnde yer al\u0131r. Bununla birlikte i\u015flem, birka\u00e7 pratik ad\u0131m\u0131n izlenmesiyle saniyeler i\u00e7erisinde tamamlanabilir.<\/p>\n<h2><span class=\"ez-toc-section\" id=\"Facebook-Profil-Kilidi-Ozelligini-Neden-Kullanmaliyim\"><\/span>Facebook Profil Kilidi \u00d6zelli\u011fini Neden Kullanmal\u0131y\u0131m?<span class=\"ez-toc-section-end\"><\/span><\/h2>\n<p>Facebook profil kilidi \u00f6zelli\u011fi \u00f6ncelikle hesap gizlili\u011finin korunmas\u0131 a\u00e7\u0131s\u0131ndan avantaj sa\u011flar. Sunmu\u015f oldu\u011fu di\u011fer avantajlar ise \u015fu \u015fekildedir:<\/p>\n<ul>\n<li aria-level=\"1\">Profilin g\u00fcvenli\u011fini art\u0131r\u0131r.<\/li>\n<li aria-level=\"1\">Ki\u015fisel payla\u015f\u0131mlar\u0131n yaln\u0131zca se\u00e7ili kullan\u0131c\u0131lara g\u00f6sterilmesini m\u00fcmk\u00fcn k\u0131lar.<\/li>\n<li aria-level=\"1\">Sadece yak\u0131n \u00e7evreyle etkile\u015fim kurulmas\u0131na imkan tan\u0131r.<\/li>\n<li aria-level=\"1\">\u0130\u00e7erik \u00fcreticilerinin g\u00f6nderilerinin \u00e7al\u0131nmas\u0131n\u0131 engeller.<\/li>\n<li aria-level=\"1\">Profil ve kapak foto\u011fraf\u0131, di\u011fer kullan\u0131c\u0131lar taraf\u0131ndan indirilemez.<\/li>\n<li aria-level=\"1\">Ba\u015fkalar\u0131n\u0131n sizi etiketledi\u011fi g\u00f6nderiler onay vermedi\u011finiz s\u00fcrece zaman t\u00fcnelinizde payla\u015f\u0131lmaz.<\/li>\n<li aria-level=\"1\">G\u00f6nderilerinizin, di\u011fer kullan\u0131c\u0131lar\u0131n kendi sayfalar\u0131nda payla\u015f\u0131lmas\u0131n\u0131n \u00f6n\u00fcne ge\u00e7ilir.<\/li>\n<\/ul>\n<p>Bunlarla birlikte \u00f6zellik, k\u00f6t\u00fc ama\u00e7l\u0131 kullan\u0131mlara kar\u015f\u0131 da profilleri g\u00fcvence alt\u0131na al\u0131r.<\/p>\n<h2><span class=\"ez-toc-section\" id=\"Facebook-Profil-Kilitleme-Nasil-Yapilir\"><\/span>Facebook Profil Kilitleme Nas\u0131l Yap\u0131l\u0131r?<span class=\"ez-toc-section-end\"><\/span><\/h2>\n<p>\u201cFacebook profil kilitleme nas\u0131l yap\u0131l\u0131r?\u201d sorusunun yan\u0131t\u0131 mobil cihazlar ve bilgisayarlar i\u00e7in de\u011fi\u015fenlik g\u00f6sterir. A\u015fa\u011f\u0131daki ba\u015fl\u0131klarda, cihazlara g\u00f6re profil kilitleme i\u015fleminin nas\u0131l yap\u0131ld\u0131\u011f\u0131n\u0131 g\u00f6rebilirsiniz:<\/p>\n<h3><span class=\"ez-toc-section\" id=\"Mobilde-Facebook-Hesap-Kilitleme-Islemi\"><\/span>Mobilde Facebook Hesap Kilitleme \u0130\u015flemi<span class=\"ez-toc-section-end\"><\/span><\/h3>\n<p>Mobil cihazlarda hesab\u0131n\u0131za giri\u015f yapman\u0131z ard\u0131ndan profilinizi a\u00e7abilir ve \u201cD\u00fczenle\u201d yaz\u0131s\u0131n\u0131n sa\u011f\u0131nda bulunan \u00fc\u00e7 noktaya t\u0131klayabilirsiniz. Kar\u015f\u0131n\u0131za \u00e7\u0131kan \u201cProfilini kilitle\u201d butonuna t\u0131klaman\u0131z ve onay vermeniz halinde i\u015flemleriniz tamamlan\u0131r.<\/p>\n<h3><span class=\"ez-toc-section\" id=\"Bilgisayarda-Facebook-Hesap-Kilitleme-Islemi\"><\/span>Bilgisayarda Facebook Hesap Kilitleme \u0130\u015flemi<span class=\"ez-toc-section-end\"><\/span><\/h3>\n<p>Bilgisayarlarda herhangi bir taray\u0131c\u0131 \u00fczerinden hesab\u0131n\u0131za giri\u015f yaparak profilinizi a\u00e7abilirsiniz. Daha sonra sayfan\u0131n \u00fcst k\u0131sm\u0131nda yer alan \u00fc\u00e7 noktaya t\u0131klaman\u0131z gerekir. A\u00e7\u0131lan ayarlar sekmesinde ise \u201cProfilini kilitle\u201d se\u00e7ene\u011fine onay vererek hesab\u0131n\u0131z\u0131 gizli hale getirebilirsiniz.<\/p>\n<p><img decoding=\"async\" class=\"alignnone wp-image-5662 size-full\" src=\"https:\/\/sosyalevin.com\/blog\/wp-content\/uploads\/2025\/02\/bilgisayarda-facebook-hesap-kilitleme-islemi.webp\" alt=\"Bilgisayarda Facebook Hesap Kilitleme \u0130\u015flemi\" width=\"1200\" height=\"628\" title=\"\" srcset=\"https:\/\/sosyalevin.com\/blog\/wp-content\/uploads\/2025\/02\/bilgisayarda-facebook-hesap-kilitleme-islemi.webp 1200w, https:\/\/sosyalevin.com\/blog\/wp-content\/uploads\/2025\/02\/bilgisayarda-facebook-hesap-kilitleme-islemi-300x157.webp 300w, https:\/\/sosyalevin.com\/blog\/wp-content\/uploads\/2025\/02\/bilgisayarda-facebook-hesap-kilitleme-islemi-1024x536.webp 1024w, https:\/\/sosyalevin.com\/blog\/wp-content\/uploads\/2025\/02\/bilgisayarda-facebook-hesap-kilitleme-islemi-768x402.webp 768w\" sizes=\"(max-width: 1200px) 100vw, 1200px\" \/><\/p>\n<h2><span class=\"ez-toc-section\" id=\"Facebook-Profil-Kilidi-Nasil-Kaldirilir\"><\/span>Facebook Profil Kilidi Nas\u0131l Kald\u0131r\u0131l\u0131r?<span class=\"ez-toc-section-end\"><\/span><\/h2>\n<p>Facebook profil kilitleme a\u00e7ma i\u015flemi i\u00e7in ilk olarak kullan\u0131c\u0131 hesab\u0131na eri\u015fim sa\u011flanmal\u0131d\u0131r. Bu noktada gizlilik tercihlerinin mobil uygulama ya da internet sayfas\u0131 \u00fczerinden de\u011fi\u015ftirilmesi m\u00fcmk\u00fcnd\u00fcr. Aplikasyon ya da web taray\u0131c\u0131s\u0131 arac\u0131l\u0131\u011f\u0131yla Facebook hesab\u0131na eri\u015fim sa\u011fland\u0131ktan sonra profil kilidini a\u00e7mak i\u00e7in izlenmesi gereken ad\u0131mlar a\u015fa\u011f\u0131daki gibidir:<\/p>\n<ul>\n<li aria-level=\"1\">\u00d6ncelikle profil men\u00fcs\u00fcne giri\u015f yap\u0131l\u0131r.<\/li>\n<li aria-level=\"1\">Eri\u015fim sa\u011flanan sayfada yer alan \u00fc\u00e7 nokta butonuna t\u0131klan\u0131r.<\/li>\n<li aria-level=\"1\">Gizlilik tercihinin iptal edilmesi i\u00e7in \u201cProfilin Kilidini A\u00e7\u201d yaz\u0131s\u0131na bas\u0131l\u0131r.<\/li>\n<\/ul>\n<p>Yukar\u0131daki ad\u0131mlardan sonra i\u015flem onay\u0131n\u0131n verilmesiyle birlikte hesap i\u00e7eri\u011fi herkes taraf\u0131ndan g\u00f6r\u00fcnt\u00fclenebilir hale gelir.<\/p>\n<h2><span class=\"ez-toc-section\" id=\"Facebook-Profil-Kilitleme-Yok-Ne-Yapmaliyim\"><\/span>Facebook Profil Kilitleme Yok? Ne Yapmal\u0131y\u0131m?<span class=\"ez-toc-section-end\"><\/span><\/h2>\n<p>Facebook profil kilitleme \u00f6zelli\u011fi, uygulaman\u0131n \u201cAyarlar\u201d men\u00fcs\u00fcnde yer al\u0131r. E\u011fer sayfada s\u00f6z konusu se\u00e7ene\u011fi g\u00f6remiyorsan\u0131z uygulaman\u0131n g\u00fcncel olup olmad\u0131\u011f\u0131n\u0131 kontrol etmeniz gerekir. Aplikasyon g\u00fcncel olmas\u0131na ra\u011fmen profil kilitleme opsiyonu a\u00e7\u0131lm\u0131yorsa hesap g\u00fcvenli\u011fi i\u00e7in a\u015fa\u011f\u0131daki ad\u0131mlar\u0131 izleyebilirsiniz:<\/p>\n<ul>\n<li aria-level=\"1\">G\u00f6nderi, foto\u011fraf ve di\u011fer bilgilerin kimler taraf\u0131ndan g\u00f6r\u00fcnt\u00fclenebilece\u011fi se\u00e7ebilirsiniz.<\/li>\n<li aria-level=\"1\">Gizlilik ayarlar\u0131 men\u00fcs\u00fcnden hikayelerin yaln\u0131zca belirli ki\u015filerin eri\u015fimine a\u00e7\u0131lmas\u0131 m\u00fcmk\u00fcnd\u00fcr.<\/li>\n<li aria-level=\"1\">Profil resmi korumas\u0131n\u0131 aktifle\u015ftirerek g\u00f6rseli gizleme \u015fans\u0131n\u0131z vard\u0131r.<\/li>\n<li aria-level=\"1\">Hesap ve etiket onay\u0131 \u00f6zellikleri a\u00e7\u0131labilir.<\/li>\n<li aria-level=\"1\">Ortak arkada\u015f\u0131n\u0131z olmayan ki\u015filerin istek g\u00f6ndermesini engelleyebilirsiniz.<\/li>\n<li aria-level=\"1\">Hesab\u0131n cep telefonu numaras\u0131 ya da e-posta adresiyle kimlere \u00f6nerilece\u011fine y\u00f6nelik ayarlar da d\u00fczenlenebilir.<\/li>\n<\/ul>\n<p>Yukar\u0131da yer alan gizlilik ayarlar\u0131yla hesap bilgilerinin ya da i\u00e7eriklerin belirli bir k\u0131sm\u0131, di\u011fer kullan\u0131c\u0131lar\u0131n eri\u015fimine kapat\u0131labilir. B\u00f6ylece ziyaret\u00e7iler, Facebook profilinizin detaylar\u0131n\u0131 yapt\u0131\u011f\u0131n\u0131z se\u00e7imlere g\u00f6re g\u00f6r\u00fcnt\u00fcleyebilir.<\/p>\n<h2><span class=\"ez-toc-section\" id=\"Facebook-Hesap-Kilitlemenin-Avantajlari-Nelerdir\"><\/span>Facebook Hesap Kilitlemenin Avantajlar\u0131 Nelerdir?<span class=\"ez-toc-section-end\"><\/span><\/h2>\n<p>Facebook profil kilitleme \u00f6zelli\u011finin en \u00f6nemli avantaj\u0131, i\u015flemin hesap dondurma se\u00e7ene\u011fine bir alternatif olmas\u0131d\u0131r. S\u00f6z konusu se\u00e7enek sayesinde sosyal medya platformu aktif bir \u015fekilde kullan\u0131l\u0131rken ki\u015fisel bilgiler ve payla\u015f\u0131mlar\u0131n di\u011fer kullan\u0131c\u0131lardan gizlenmesi m\u00fcmk\u00fcn olur. Bununla birlikte hesap kilitleme \u00f6zelli\u011fi aktifle\u015ftirildi\u011finde a\u015fa\u011f\u0131da s\u0131ralanan verilerin her biri tek i\u015flemle koruma alt\u0131na al\u0131nabilir:<\/p>\n<ul>\n<li aria-level=\"1\">Profil resmi ve kapak foto\u011fraf\u0131n\u0131n b\u00fcy\u00fct\u00fclm\u00fc\u015f hali<\/li>\n<li aria-level=\"1\">Hesapta payla\u015f\u0131lan g\u00f6nderiler<\/li>\n<li aria-level=\"1\">Profile y\u00fcklenen hikayeler ve foto\u011fraflar<\/li>\n<li aria-level=\"1\">Hesapla ili\u015fkilendirilen di\u011fer ileti\u015fim bilgileri<\/li>\n<li aria-level=\"1\">Profilde yer alan detayl\u0131 a\u00e7\u0131klamalar ve ki\u015fisel veriler<\/li>\n<\/ul>\n<p>Facebook hesap kilitleme \u00f6zelli\u011fi aktifle\u015ftirildi\u011fi takdirde sosyal \u00e7evreye y\u00f6nelik bilgiler de arkada\u015f olunmayan ki\u015filerden gizlenir. Bununla birlikte i\u015flem tamamland\u0131\u011f\u0131nda profil de\u011ferlendirmesi ve etiket onay\u0131, otomatik olarak etkin hale gelir.<\/p>\n<h2><span class=\"ez-toc-section\" id=\"Facebook-Hesap-Dondurma-Nasil-Yapilir\"><\/span>Facebook Hesap Dondurma Nas\u0131l Yap\u0131l\u0131r?<span class=\"ez-toc-section-end\"><\/span><\/h2>\n<p>Facebook hesap dondurma i\u015flemi i\u00e7in ilk olarak ana sayfada yer alan profil resmine t\u0131klan\u0131r. Daha sonra izlenmesi gereken ad\u0131mlar ise \u015fu \u015fekildedir:<\/p>\n<ul>\n<li aria-level=\"1\">Eri\u015fim sa\u011flanan sekmede \u201cAyarlar ve Gizlilik\u201d opsiyonu se\u00e7ilir.<\/li>\n<li aria-level=\"1\">\u0130lgili men\u00fcye ge\u00e7i\u015f yap\u0131ld\u0131\u011f\u0131nda yeniden \u201cAyarlar\u201d ba\u015fl\u0131\u011f\u0131na t\u0131klan\u0131r.<\/li>\n<li aria-level=\"1\">Daha sonra sekmeden Hesaplar Merkezi\u2019ne eri\u015filir.<\/li>\n<li aria-level=\"1\">Ekrandaki \u201cHesap Ayarlar\u0131\u201d b\u00f6l\u00fcm\u00fcnden \u201cKi\u015fisel Detaylar\u201d yaz\u0131s\u0131na t\u0131klan\u0131r.<\/li>\n<li aria-level=\"1\">\u201cHesap Sahipli\u011fi ve Kontrol\u00fc\u201d \u00fczerinden dondurma ya da silme se\u00e7ene\u011fi tercih edilebilir.<\/li>\n<li aria-level=\"1\">Son a\u015famada profil se\u00e7erek \u201cDevam\u201d butonuna bas\u0131l\u0131r.<\/li>\n<\/ul>\n<p>Yukar\u0131daki ad\u0131mlar tamamlan\u0131rken platforma hesap dondurma nedeninin aktar\u0131lmas\u0131 gerekir. \u0130\u015flemin sebebini se\u00e7meniz ard\u0131ndan onay vererek hesab\u0131n\u0131z\u0131 ge\u00e7ici olarak kapatabilir veya silebilirsiniz. Hesab\u0131n\u0131z\u0131 dondurman\u0131z halinde diledi\u011finiz zaman giri\u015f yaparak yeniden aktif hale getirmeniz de m\u00fcmk\u00fcnd\u00fcr.<\/p>\n","protected":false},"excerpt":{"rendered":"<p>\u201cFacebook profil kilitleme nedir?\u201d sorusuna; hesaplara ait bilgilerin di\u011fer kullan\u0131c\u0131lar taraf\u0131ndan s\u0131n\u0131rl\u0131 bir \u015fekilde g\u00f6r\u00fcnt\u00fclenmesini sa\u011flayan bir \u00f6zelliktir, \u015feklinde yan\u0131t verilebilir. S\u00f6z konusu \u00f6zelli\u011fi aktif etti\u011finiz takdirde tan\u0131mad\u0131\u011f\u0131n\u0131z ki\u015filerin g\u00f6nderilerinizi ve sosyal \u00e7evrenizi incelemesi m\u00fcmk\u00fcn de\u011fildir. Ayr\u0131ca profilinizin gizlilik ayarlar\u0131n\u0131 \u00f6zelle\u015ftirme \u015fans\u0131n\u0131z da vard\u0131r. Facebook Profil Kilitleme Nedir? Facebook profil kilitleme, kullan\u0131c\u0131lar\u0131n hesaplar\u0131n\u0131 daha g\u00fcvenli &hellip;<\/p>\n","protected":false},"author":1,"featured_media":5664,"comment_status":"open","ping_status":"closed","sticky":false,"template":"","format":"standard","meta":{"footnotes":""},"categories":[80],"tags":[],"class_list":["post-5660","post","type-post","status-publish","format-standard","has-post-thumbnail","hentry","category-facebook-destek"],"_links":{"self":[{"href":"https:\/\/sosyalevin.com\/blog\/wp-json\/wp\/v2\/posts\/5660","targetHints":{"allow":["GET"]}}],"collection":[{"href":"https:\/\/sosyalevin.com\/blog\/wp-json\/wp\/v2\/posts"}],"about":[{"href":"https:\/\/sosyalevin.com\/blog\/wp-json\/wp\/v2\/types\/post"}],"author":[{"embeddable":true,"href":"https:\/\/sosyalevin.com\/blog\/wp-json\/wp\/v2\/users\/1"}],"replies":[{"embeddable":true,"href":"https:\/\/sosyalevin.com\/blog\/wp-json\/wp\/v2\/comments?post=5660"}],"version-history":[{"count":1,"href":"https:\/\/sosyalevin.com\/blog\/wp-json\/wp\/v2\/posts\/5660\/revisions"}],"predecessor-version":[{"id":6449,"href":"https:\/\/sosyalevin.com\/blog\/wp-json\/wp\/v2\/posts\/5660\/revisions\/6449"}],"wp:featuredmedia":[{"embeddable":true,"href":"https:\/\/sosyalevin.com\/blog\/wp-json\/wp\/v2\/media\/5664"}],"wp:attachment":[{"href":"https:\/\/sosyalevin.com\/blog\/wp-json\/wp\/v2\/media?parent=5660"}],"wp:term":[{"taxonomy":"category","embeddable":true,"href":"https:\/\/sosyalevin.com\/blog\/wp-json\/wp\/v2\/categories?post=5660"},{"taxonomy":"post_tag","embeddable":true,"href":"https:\/\/sosyalevin.com\/blog\/wp-json\/wp\/v2\/tags?post=5660"}],"curies":[{"name":"wp","href":"https:\/\/api.w.org\/{rel}","templated":true}]}}