{"id":656,"date":"2021-02-05T11:57:03","date_gmt":"2021-02-05T08:57:03","guid":{"rendered":"https:\/\/sosyalevin.com\/blog\/?p=656"},"modified":"2025-12-22T19:50:15","modified_gmt":"2025-12-22T16:50:15","slug":"gercek-instagram-yorumlari-hesabin-degerini-arttirir-mi","status":"publish","type":"post","link":"https:\/\/sosyalevin.com\/blog\/gercek-instagram-yorumlari-hesabin-degerini-arttirir-mi\/","title":{"rendered":"Ger\u00e7ek Instagram Yorumlar\u0131 Hesab\u0131n De\u011ferini Artt\u0131r\u0131r M\u0131?"},"content":{"rendered":"<p>Bir\u00e7ok Instagram kullan\u0131c\u0131s\u0131 taraf\u0131n sat\u0131n al\u0131nan Instagram g\u00f6nderi yorumlar\u0131 hakk\u0131nda birka\u00e7 soru t\u00fcm kullan\u0131c\u0131lar\u0131n akl\u0131n\u0131 kurcalamaktad\u0131r. Kullan\u0131c\u0131lar taraf\u0131ndan sat\u0131n al\u0131nan Instagram yorumlar\u0131 ve kullan\u0131c\u0131lar taraf\u0131ndan g\u00f6nderilere yap\u0131lan yorumlar hesap sahiplerine yeni yeni sorular do\u011furmaktad\u0131r. Kullan\u0131c\u0131lar en \u00e7ok <strong>ger\u00e7ek \u0131nstagram yorumlar\u0131 hesab\u0131n de\u011ferini artt\u0131r\u0131r m\u0131? <\/strong>Sorusunu merak etmektedir.<\/p>\n<p>Kullan\u0131c\u0131lar taraf\u0131ndan merak edilen ger\u00e7ek instagram yorumlar\u0131 hesab\u0131n de\u011ferini art\u0131r\u0131r m\u0131 sorusunun cevab\u0131 ise son derece basittir. Ger\u00e7ek Instagram yorumlar\u0131 hesaplar\u0131n de\u011ferini her zaman en \u00fcst seviyede tutmaktad\u0131r. Ger\u00e7ek yorumlar ile takip\u00e7i say\u0131s\u0131n\u0131 art\u0131rmak olduk\u00e7a kolayd\u0131r. Ki\u015filerin hesaplar\u0131 ger\u00e7ek \u0131nstagram yorumlar\u0131 sayesinde k\u0131sa s\u00fcrede ke\u015ffet b\u00f6l\u00fcm\u00fcne d\u00fc\u015ferek binlerce ki\u015finin hesab\u0131 g\u00f6rmesini sa\u011flamaktad\u0131r.<\/p>\n<div id=\"ez-toc-container\" class=\"ez-toc-v2_0_82_2 counter-hierarchy ez-toc-counter ez-toc-grey ez-toc-container-direction\">\n<div class=\"ez-toc-title-container\"><p class=\"ez-toc-title\" style=\"cursor:inherit\">\u0130\u00e7indekiler<\/p>\n<\/div><nav><ul class='ez-toc-list ez-toc-list-level-1 ' ><li class='ez-toc-page-1 ez-toc-heading-level-2'><a class=\"ez-toc-link ez-toc-heading-1\" href=\"https:\/\/sosyalevin.com\/blog\/gercek-instagram-yorumlari-hesabin-degerini-arttirir-mi\/#Instagram-Hesabinin-Degeri-Yorumlar-Ile-Mi-Artar\" >Instagram Hesab\u0131n\u0131n De\u011feri Yorumlar \u0130le Mi Artar?<\/a><\/li><li class='ez-toc-page-1 ez-toc-heading-level-2'><a class=\"ez-toc-link ez-toc-heading-2\" href=\"https:\/\/sosyalevin.com\/blog\/gercek-instagram-yorumlari-hesabin-degerini-arttirir-mi\/#Instagram-Hesabinin-Degerini-Yukseltme\" >Instagram Hesab\u0131n\u0131n De\u011ferini Y\u00fckseltme<\/a><\/li><li class='ez-toc-page-1 ez-toc-heading-level-2'><a class=\"ez-toc-link ez-toc-heading-3\" href=\"https:\/\/sosyalevin.com\/blog\/gercek-instagram-yorumlari-hesabin-degerini-arttirir-mi\/#Yorum-Satin-Alarak-Hesaplari-Yukseltmek\" >Yorum Sat\u0131n Alarak Hesaplar\u0131 Y\u00fckseltmek<\/a><\/li><li class='ez-toc-page-1 ez-toc-heading-level-2'><a class=\"ez-toc-link ez-toc-heading-4\" href=\"https:\/\/sosyalevin.com\/blog\/gercek-instagram-yorumlari-hesabin-degerini-arttirir-mi\/#Instagram-Yorumlari-Gercek-Mi\" >Instagram Yorumlar\u0131 Ger\u00e7ek Mi?<\/a><\/li><\/ul><\/nav><\/div>\n<h2><span class=\"ez-toc-section\" id=\"Instagram-Hesabinin-Degeri-Yorumlar-Ile-Mi-Artar\"><\/span><strong>Instagram Hesab\u0131n\u0131n De\u011feri Yorumlar \u0130le Mi Artar?<\/strong><span class=\"ez-toc-section-end\"><\/span><\/h2>\n<p>Instagram hesaplar\u0131n\u0131n de\u011feri her zaman son derece b\u00fcy\u00fck bir \u00f6nem arz etmektedir. Hesab\u0131n de\u011ferinin y\u00fcksek oldu\u011fu genellikle takip\u00e7i say\u0131s\u0131ndan, story g\u00f6r\u00fcnt\u00fcleyen ki\u015fi say\u0131s\u0131n\u0131n y\u00fcksekli\u011finden ve yorum yapan kullan\u0131c\u0131lar ile anla\u015f\u0131labilmektedir. D\u00fczenli olarak g\u00f6nderi payla\u015f\u0131m\u0131nda bulunan ki\u015filerin g\u00f6nderilerine yap\u0131lan yorumlar, hesab\u0131n de\u011ferini her zaman \u00fcst noktada tutar.<\/p>\n<p>Genellikle Instagram kullan\u0131c\u0131lar\u0131 taraf\u0131ndan payla\u015f\u0131lan g\u00f6nderilere yorumlar sat\u0131n al\u0131nmaktad\u0131r. Instagram yorumlar\u0131 sat\u0131n alan kullan\u0131c\u0131lar, hesaplar\u0131n\u0131n de\u011ferini her zaman y\u00fcksek tutmaktad\u0131r. Ayr\u0131ca takip\u00e7i sat\u0131n alarak da Instagram aktifli\u011fini ve de\u011ferini art\u0131rmak son derece m\u00fcmk\u00fcn olmaktad\u0131r. Instagram takip\u00e7isi sat\u0131n alan kullan\u0131c\u0131lar\u0131n hesaplar\u0131na d\u00fczenli olarak yorumlarda yap\u0131lmaktad\u0131r. Bu da hesaplar\u0131n de\u011ferini bir hayli y\u00fckseltebilmektedir.<\/p>\n<h2><span class=\"ez-toc-section\" id=\"Instagram-Hesabinin-Degerini-Yukseltme\"><\/span><strong>Instagram Hesab\u0131n\u0131n De\u011ferini Y\u00fckseltme<\/strong><span class=\"ez-toc-section-end\"><\/span><\/h2>\n<p>Instagram hesab\u0131n\u0131n de\u011ferini y\u00fckseltmek isteyen ki\u015filerin yerine getirmesi ve \u00fczerinde durmas\u0131 gereken birka\u00e7 i\u015flem mevcuttur. Bu i\u015flemleri yapan ve \u00fczerinde d\u00fczenli bir \u015fekilde duran ki\u015filerin hesaplar\u0131n\u0131n de\u011feri son derece artmaktad\u0131r. Hesaplar\u0131n\u0131n de\u011ferini y\u00fckseltmek isteyen ki\u015filer bu hususlar\u0131n \u00fczerinde durmal\u0131d\u0131r.<\/p>\n<p><em>Instagram hesab\u0131n\u0131n de\u011ferini y\u00fckseltmek isteyen ki\u015filerin yerine getirmesi gereken hususlar \u015fu \u015fekilde s\u0131ralanmaktad\u0131r;<\/em><\/p>\n<ul>\n<li>Instagram yorumlar\u0131 sat\u0131n almak.<\/li>\n<li>Instagram takip\u00e7i sat\u0131n almak.<\/li>\n<li>Instagram video g\u00f6r\u00fcnt\u00fclenme sat\u0131n almak.<\/li>\n<li>Instagram story g\u00f6r\u00fcnt\u00fclenme sat\u0131n almak.<\/li>\n<li>Instagram combo paketleri sat\u0131n almak.<\/li>\n<\/ul>\n<p>Instagram yorumlar\u0131 sat\u0131n almak hesaplar\u0131n de\u011ferini her zaman y\u00fckseltmektedir. \u00c7\u00fcnk\u00fc gelen yorumlar g\u00f6nderilerin en \u00f6ne \u00e7\u0131kmas\u0131n\u0131 sa\u011flamaktad\u0131r. Hesaplar\u0131n\u0131n ke\u015ffet b\u00f6l\u00fcm\u00fcne d\u00fc\u015fmesini isteyen ki\u015filerin d\u00fczenli olarak hesaplar\u0131na yorum sat\u0131n almalar\u0131 gerekmektedir. Ayr\u0131ca sat\u0131n al\u0131nan yorumlar\u0131n her birisi ger\u00e7ek kullan\u0131c\u0131lara aittir. \u0130lerleyen zamanlarda yorumlarda hi\u00e7bir \u015fekilde d\u00fc\u015f\u00fc\u015f g\u00f6r\u00fclmez. Bu da hesab\u0131n de\u011ferini art\u0131r\u0131r.<\/p>\n<h2><span class=\"ez-toc-section\" id=\"Yorum-Satin-Alarak-Hesaplari-Yukseltmek\"><\/span><strong>Yorum Sat\u0131n Alarak Hesaplar\u0131 Y\u00fckseltmek<\/strong><span class=\"ez-toc-section-end\"><\/span><\/h2>\n<p>Instagram hesaplar\u0131na yorum sat\u0131n alan kullan\u0131c\u0131lar, hesaplar\u0131n\u0131 en k\u0131sa s\u00fcrede ve h\u0131zl\u0131 bir \u015fekilde y\u00fckseltebilmektedir. Instagram hesaplar\u0131na sat\u0131n al\u0131nan yorumlar, hesaplar\u0131n de\u011ferini y\u00fckseltmenin yan\u0131 s\u0131ra hesaplar\u0131 aktif bir \u015fekilde ayakta tutmaktad\u0131r. Bir\u00e7ok Instagram fenomeni de yorum sat\u0131n alarak hesaplar\u0131n\u0131n aktif kalmas\u0131n\u0131 sa\u011flamaktad\u0131r. Aktif kalan Instagram hesaplar\u0131n\u0131n de\u011ferinde ise b\u00fcy\u00fck bir art\u0131\u015f s\u00f6z konusu olmaktad\u0131r.<\/p>\n<p>Instagram hesaplar\u0131na y\u00f6nelik sat\u0131n al\u0131nan Instagram yorumlar\u0131, g\u00f6nderilerin ve hesab\u0131n ke\u015ffet b\u00f6l\u00fcm\u00fcne d\u00fc\u015fmesini en iyi \u015fekilde sa\u011flamaktad\u0131r. Bu i\u015flem sayesinde, k\u0131sa s\u00fcre i\u00e7erisinde Instagram ke\u015ffetine d\u00fc\u015fmek olduk\u00e7a kolayd\u0131r. Instagram\u0131n ke\u015ffet b\u00f6l\u00fcm\u00fcne d\u00fc\u015fen kullan\u0131c\u0131lar\u0131n hesaplar\u0131 da binlerce ki\u015finin \u00f6n\u00fcne \u00e7\u0131kmaktad\u0131r. Bu \u00e7\u0131k\u0131\u015f ile Instagram hesab\u0131 k\u0131sa s\u00fcre i\u00e7erisinde b\u00fcy\u00fcmektedir ve y\u00fcksek takip\u00e7i say\u0131s\u0131na ula\u015fmaktad\u0131r.<\/p>\n<h2><span class=\"ez-toc-section\" id=\"Instagram-Yorumlari-Gercek-Mi\"><\/span><strong>Instagram Yorumlar\u0131 Ger\u00e7ek Mi?<\/strong><span class=\"ez-toc-section-end\"><\/span><\/h2>\n<p>Instagram hesaplar\u0131na yorum sat\u0131n almak isteyen kullan\u0131c\u0131lar, gelecek olan yorumlar\u0131n ger\u00e7ek olup olmad\u0131\u011f\u0131n\u0131 merak etmektedir. Instagram \u00fczerinde yap\u0131lan yorumlar\u0131n her biri ger\u00e7ek hesaplar ile yap\u0131lmaktad\u0131r. Ger\u00e7ek hesaplar ile yap\u0131lan bu yorumlar, hesab\u0131n k\u0131sa s\u00fcrede b\u00fcy\u00fcmesini ve de\u011ferinin artmas\u0131n\u0131 sa\u011flamaktad\u0131r. Hesab\u0131n\u0131n de\u011ferini art\u0131rmak isteyen kullan\u0131c\u0131lar, itina ile Instagram yorumlar\u0131n\u0131 sat\u0131n almaktad\u0131rlar.<\/p>\n","protected":false},"excerpt":{"rendered":"<p>Bir\u00e7ok Instagram kullan\u0131c\u0131s\u0131 taraf\u0131n sat\u0131n al\u0131nan Instagram g\u00f6nderi yorumlar\u0131 hakk\u0131nda birka\u00e7 soru t\u00fcm kullan\u0131c\u0131lar\u0131n akl\u0131n\u0131 kurcalamaktad\u0131r. Kullan\u0131c\u0131lar taraf\u0131ndan sat\u0131n al\u0131nan Instagram yorumlar\u0131 ve kullan\u0131c\u0131lar taraf\u0131ndan g\u00f6nderilere yap\u0131lan yorumlar hesap sahiplerine yeni yeni sorular do\u011furmaktad\u0131r. Kullan\u0131c\u0131lar en \u00e7ok ger\u00e7ek \u0131nstagram yorumlar\u0131 hesab\u0131n de\u011ferini artt\u0131r\u0131r m\u0131? Sorusunu merak etmektedir. Kullan\u0131c\u0131lar taraf\u0131ndan merak edilen ger\u00e7ek instagram yorumlar\u0131 hesab\u0131n &hellip;<\/p>\n","protected":false},"author":1,"featured_media":657,"comment_status":"open","ping_status":"open","sticky":false,"template":"","format":"standard","meta":{"footnotes":""},"categories":[74],"tags":[],"class_list":["post-656","post","type-post","status-publish","format-standard","has-post-thumbnail","hentry","category-instagram-destek"],"_links":{"self":[{"href":"https:\/\/sosyalevin.com\/blog\/wp-json\/wp\/v2\/posts\/656","targetHints":{"allow":["GET"]}}],"collection":[{"href":"https:\/\/sosyalevin.com\/blog\/wp-json\/wp\/v2\/posts"}],"about":[{"href":"https:\/\/sosyalevin.com\/blog\/wp-json\/wp\/v2\/types\/post"}],"author":[{"embeddable":true,"href":"https:\/\/sosyalevin.com\/blog\/wp-json\/wp\/v2\/users\/1"}],"replies":[{"embeddable":true,"href":"https:\/\/sosyalevin.com\/blog\/wp-json\/wp\/v2\/comments?post=656"}],"version-history":[{"count":1,"href":"https:\/\/sosyalevin.com\/blog\/wp-json\/wp\/v2\/posts\/656\/revisions"}],"predecessor-version":[{"id":6844,"href":"https:\/\/sosyalevin.com\/blog\/wp-json\/wp\/v2\/posts\/656\/revisions\/6844"}],"wp:featuredmedia":[{"embeddable":true,"href":"https:\/\/sosyalevin.com\/blog\/wp-json\/wp\/v2\/media\/657"}],"wp:attachment":[{"href":"https:\/\/sosyalevin.com\/blog\/wp-json\/wp\/v2\/media?parent=656"}],"wp:term":[{"taxonomy":"category","embeddable":true,"href":"https:\/\/sosyalevin.com\/blog\/wp-json\/wp\/v2\/categories?post=656"},{"taxonomy":"post_tag","embeddable":true,"href":"https:\/\/sosyalevin.com\/blog\/wp-json\/wp\/v2\/tags?post=656"}],"curies":[{"name":"wp","href":"https:\/\/api.w.org\/{rel}","templated":true}]}}