{"id":6962,"date":"2026-01-23T12:59:48","date_gmt":"2026-01-23T09:59:48","guid":{"rendered":"https:\/\/sosyalevin.com\/blog\/?p=6962"},"modified":"2026-01-24T23:06:32","modified_gmt":"2026-01-24T20:06:32","slug":"instagram-kisisel-hesaba-gecme-adimlari","status":"publish","type":"post","link":"https:\/\/sosyalevin.com\/blog\/instagram-kisisel-hesaba-gecme-adimlari\/","title":{"rendered":"Instagram Ki\u015fisel Hesaba Ge\u00e7me Ad\u0131mlar\u0131: 5 Ad\u0131mda Hesap T\u00fcr\u00fc De\u011fi\u015ftirme"},"content":{"rendered":"<p><strong>Instagram ki\u015fisel hesaba ge\u00e7me <\/strong>s\u00fcreci olduk\u00e7a basittir. Bu i\u015flemi Ayarlar b\u00f6l\u00fcm\u00fcnden tamamlars\u0131n\u0131z; ancak s\u00f6z konusu i\u015flemleri ger\u00e7ekle\u015ftirmeden \u00f6nce dikkat edilmesi gereken baz\u0131 hususlar vard\u0131r. Instagram ki\u015fisel hesaba ge\u00e7i\u015f halinde istatistik ve reklam eri\u015fimini kapat\u0131r. \u0130leti\u015fim bilgileri de art\u0131k profilde g\u00f6r\u00fcnmez. Profesyonel hesab\u0131n verilerine ihtiya\u00e7 duyabilirsiniz. Bu nedenle i\u015flemden \u00f6nce bilgileri kaydetmek gerekir. \u015eayet profesyonel hesap t\u00fcr\u00fc kullanman\u0131z\u0131 gerektiren bir durum yoksa do\u011frudan profil t\u00fcr\u00fcn\u00fc de\u011fi\u015ftirmeniz m\u00fcmk\u00fcnd\u00fcr.<\/p>\n<div id=\"ez-toc-container\" class=\"ez-toc-v2_0_82_2 counter-hierarchy ez-toc-counter ez-toc-grey ez-toc-container-direction\">\n<div class=\"ez-toc-title-container\"><p class=\"ez-toc-title\" style=\"cursor:inherit\">\u0130\u00e7indekiler<\/p>\n<\/div><nav><ul class='ez-toc-list ez-toc-list-level-1 ' ><li class='ez-toc-page-1 ez-toc-heading-level-2'><a class=\"ez-toc-link ez-toc-heading-1\" href=\"https:\/\/sosyalevin.com\/blog\/instagram-kisisel-hesaba-gecme-adimlari\/#Instagram-Kisisel-Hesaba-Nasil-Gecilir\" >Instagram Ki\u015fisel Hesaba Nas\u0131l Ge\u00e7ilir?<\/a><ul class='ez-toc-list-level-3' ><li class='ez-toc-heading-level-3'><a class=\"ez-toc-link ez-toc-heading-2\" href=\"https:\/\/sosyalevin.com\/blog\/instagram-kisisel-hesaba-gecme-adimlari\/#1-%E2%80%93-Profil-Alanina-Erisim-Saglayin\" >1 &#8211; Profil Alan\u0131na Eri\u015fim Sa\u011flay\u0131n<\/a><\/li><li class='ez-toc-page-1 ez-toc-heading-level-3'><a class=\"ez-toc-link ez-toc-heading-3\" href=\"https:\/\/sosyalevin.com\/blog\/instagram-kisisel-hesaba-gecme-adimlari\/#2-%E2%80%93-Ayarlar-Menusunu-Etkinlestirin\" >2 &#8211; Ayarlar Men\u00fcs\u00fcn\u00fc Etkinle\u015ftirin<\/a><\/li><li class='ez-toc-page-1 ez-toc-heading-level-3'><a class=\"ez-toc-link ez-toc-heading-4\" href=\"https:\/\/sosyalevin.com\/blog\/instagram-kisisel-hesaba-gecme-adimlari\/#3-%E2%80%93-Hesap-Turu-Ayarlarina-Ulasin\" >3 &#8211; Hesap T\u00fcr\u00fc Ayarlar\u0131na Ula\u015f\u0131n<\/a><\/li><li class='ez-toc-page-1 ez-toc-heading-level-3'><a class=\"ez-toc-link ez-toc-heading-5\" href=\"https:\/\/sosyalevin.com\/blog\/instagram-kisisel-hesaba-gecme-adimlari\/#4-%E2%80%93-Hesap-Donusumunu-Baslatin\" >4 &#8211; Hesap D\u00f6n\u00fc\u015f\u00fcm\u00fcn\u00fc Ba\u015flat\u0131n<\/a><\/li><li class='ez-toc-page-1 ez-toc-heading-level-3'><a class=\"ez-toc-link ez-toc-heading-6\" href=\"https:\/\/sosyalevin.com\/blog\/instagram-kisisel-hesaba-gecme-adimlari\/#5-%E2%80%93-Gecis-Islemini-Tamamlayin\" >5 &#8211; Ge\u00e7i\u015f \u0130\u015flemini Tamamlay\u0131n<\/a><\/li><\/ul><\/li><li class='ez-toc-page-1 ez-toc-heading-level-2'><a class=\"ez-toc-link ez-toc-heading-7\" href=\"https:\/\/sosyalevin.com\/blog\/instagram-kisisel-hesaba-gecme-adimlari\/#Instagramda-Isletme-Hesabindan-Nasil-Cikilir\" >Instagram\u2019da \u0130\u015fletme Hesab\u0131ndan Nas\u0131l \u00c7\u0131k\u0131l\u0131r?<\/a><\/li><li class='ez-toc-page-1 ez-toc-heading-level-2'><a class=\"ez-toc-link ez-toc-heading-8\" href=\"https:\/\/sosyalevin.com\/blog\/instagram-kisisel-hesaba-gecme-adimlari\/#Instagram-Kisisel-Hesaba-Gecme-Sorunu-Nasil-Cozulur\" >Instagram Ki\u015fisel Hesaba Ge\u00e7me Sorunu Nas\u0131l \u00c7\u00f6z\u00fcl\u00fcr?<\/a><\/li><\/ul><\/nav><\/div>\n<h2><span class=\"ez-toc-section\" id=\"Instagram-Kisisel-Hesaba-Nasil-Gecilir\"><\/span>Instagram Ki\u015fisel Hesaba Nas\u0131l Ge\u00e7ilir?<span class=\"ez-toc-section-end\"><\/span><\/h2>\n<p>Profesyonel \u00f6zelliklere ihtiya\u00e7 duymuyor olabilirsiniz. Instagram ki\u015fisel hesaba ge\u00e7me bu durumda idealdir. De\u011fi\u015fiklik yap\u0131lmas\u0131 halinde hesab\u0131n i\u015flevselli\u011fi yal\u0131nla\u015f\u0131r ve daha ki\u015fisel bir kullan\u0131m deneyimi elde edilir. <strong>Instagram ki\u015fisel hesaba ge\u00e7i\u015f<\/strong> s\u00fcrecini tamamlamak i\u00e7in izlemeniz gereken 5 ad\u0131m ise a\u015fa\u011f\u0131daki gibidir:<\/p>\n<h3><span class=\"ez-toc-section\" id=\"1-%E2%80%93-Profil-Alanina-Erisim-Saglayin\"><\/span>1 &#8211; Profil Alan\u0131na Eri\u015fim Sa\u011flay\u0131n<span class=\"ez-toc-section-end\"><\/span><\/h3>\n<p>Kullan\u0131c\u0131, uygulamaya giri\u015f yapt\u0131ktan sonra aray\u00fcz\u00fcn sa\u011f alt k\u00f6\u015fesinde bulunan profil simgesine t\u0131klamal\u0131d\u0131r. Ki\u015fisel payla\u015f\u0131mlar\u0131n ve hesap bilgilerinin g\u00f6r\u00fcnt\u00fclendi\u011fi sayfa \u00fczerinden \u201c<strong>Ayarlar<\/strong>\u201d men\u00fcs\u00fcne ge\u00e7i\u015f yap\u0131lmal\u0131d\u0131r.<\/p>\n<h3><span class=\"ez-toc-section\" id=\"2-%E2%80%93-Ayarlar-Menusunu-Etkinlestirin\"><\/span>2 &#8211; Ayarlar Men\u00fcs\u00fcn\u00fc Etkinle\u015ftirin<span class=\"ez-toc-section-end\"><\/span><\/h3>\n<p>Profilin sa\u011f \u00fcst k\u0131sm\u0131nda konumlanan men\u00fc simgesine (\u00fc\u00e7 yatay \u00e7izgi) t\u0131klayarak \u201c<strong>Ayarlar<\/strong>\u201d sayfas\u0131na eri\u015fim sa\u011flamak m\u00fcmk\u00fcnd\u00fcr. Baz\u0131 hesap t\u00fcrlerinde \u201c<strong>Ayarlar ve Gizlilik<\/strong>\u201d sekmesine de rastlanabilir. S\u00f6z konusu b\u00f6l\u00fcm, profil y\u00f6netimi i\u00e7in gereken t\u00fcm kontrolleri kullan\u0131c\u0131ya sunar.<\/p>\n<h3><span class=\"ez-toc-section\" id=\"3-%E2%80%93-Hesap-Turu-Ayarlarina-Ulasin\"><\/span>3 &#8211; Hesap T\u00fcr\u00fc Ayarlar\u0131na Ula\u015f\u0131n<span class=\"ez-toc-section-end\"><\/span><\/h3>\n<p><strong>Instagram ki\u015fisel hesaba ge\u00e7me<\/strong> s\u00fcrecinin bir sonraki a\u015famas\u0131nda men\u00fc i\u00e7erisindeki \u201c<strong>Profil<\/strong>\u201d b\u00f6l\u00fcm\u00fcne girilir. Kullan\u0131c\u0131, bu etapta profil kategorisine ba\u011fl\u0131 olarak a\u015fa\u011f\u0131daki iki se\u00e7enekten birisini tercih etmelidir:<\/p>\n<ul>\n<li>\u0130\u015fletme ara\u00e7lar\u0131 ve kontrolleri<\/li>\n<li>\u0130\u00e7erik \u00fcreticisi ara\u00e7lar\u0131 ve kontrolleri<\/li>\n<\/ul>\n<p>Yukar\u0131daki se\u00e7eneklere rastlanmad\u0131\u011f\u0131 takdirde \u201c<strong>Tercihler<\/strong>\u201d k\u0131sm\u0131na eri\u015fim sa\u011flanmal\u0131d\u0131r.<\/p>\n<h3><span class=\"ez-toc-section\" id=\"4-%E2%80%93-Hesap-Donusumunu-Baslatin\"><\/span>4 &#8211; Hesap D\u00f6n\u00fc\u015f\u00fcm\u00fcn\u00fc Ba\u015flat\u0131n<span class=\"ez-toc-section-end\"><\/span><\/h3>\n<p>Kullan\u0131c\u0131lar, \u201c<strong>Ara\u00e7lar ve kontroller<\/strong>\u201d sayfas\u0131ndaki \u201c<strong>Hesap t\u00fcr\u00fcn\u00fc de\u011fi\u015ftir<\/strong>\u201d butonuna dokunmal\u0131d\u0131r. Ard\u0131ndan a\u00e7\u0131lan yeni ekrandaki \u201c<strong>Ki\u015fisel hesaba ge\u00e7i\u015f yap<\/strong>\u201d se\u00e7ene\u011fi aktif hale getirilmelidir. Instagram, bu a\u015famada kullan\u0131c\u0131ya de\u011fi\u015fiklikle birlikte kald\u0131r\u0131lan profesyonel \u00f6zelliklerle ilgili bir uyar\u0131 g\u00f6nderir.<\/p>\n<h3><span class=\"ez-toc-section\" id=\"5-%E2%80%93-Gecis-Islemini-Tamamlayin\"><\/span>5 &#8211; Ge\u00e7i\u015f \u0130\u015flemini Tamamlay\u0131n<span class=\"ez-toc-section-end\"><\/span><\/h3>\n<p><strong>Instagram tekrar ki\u015fisel hesaba ge\u00e7me<\/strong> s\u00fcreci son bir onay ile biter. Penceredeki butona t\u0131klayarak i\u015flemi tamamlars\u0131n\u0131z. Profil, bu i\u015flemin ard\u0131ndan standart ki\u015fisel hesap format\u0131na d\u00f6n\u00fc\u015ft\u00fcr\u00fcl\u00fcr. B\u00f6ylece kullan\u0131c\u0131, daha sade bir aray\u00fczle sosyal medya deneyimine devam eder.<\/p>\n<p><img decoding=\"async\" class=\"wp-image-6970 size-full aligncenter\" src=\"https:\/\/sosyalevin.com\/blog\/wp-content\/uploads\/2026\/01\/instagramda-isletme-hesabindan-nasil-ciklilir.webp\" alt=\"\u0130\u015fletme profilinden Instagram ki\u015fisel hesaba ge\u00e7me i\u015flemini simgeleyen g\u00f6rsel\" width=\"1200\" height=\"780\" title=\"\" srcset=\"https:\/\/sosyalevin.com\/blog\/wp-content\/uploads\/2026\/01\/instagramda-isletme-hesabindan-nasil-ciklilir.webp 1200w, https:\/\/sosyalevin.com\/blog\/wp-content\/uploads\/2026\/01\/instagramda-isletme-hesabindan-nasil-ciklilir-300x195.webp 300w, https:\/\/sosyalevin.com\/blog\/wp-content\/uploads\/2026\/01\/instagramda-isletme-hesabindan-nasil-ciklilir-1024x666.webp 1024w, https:\/\/sosyalevin.com\/blog\/wp-content\/uploads\/2026\/01\/instagramda-isletme-hesabindan-nasil-ciklilir-768x499.webp 768w\" sizes=\"(max-width: 1200px) 100vw, 1200px\" \/><\/p>\n<h2><span class=\"ez-toc-section\" id=\"Instagramda-Isletme-Hesabindan-Nasil-Cikilir\"><\/span>Instagram\u2019da \u0130\u015fletme Hesab\u0131ndan Nas\u0131l \u00c7\u0131k\u0131l\u0131r?<span class=\"ez-toc-section-end\"><\/span><\/h2>\n<p>\u201c<strong>Instagram\u2019da i\u015fletme hesab\u0131ndan nas\u0131l \u00e7\u0131k\u0131l\u0131r?<\/strong>\u201d sorusuna; profil sayfas\u0131ndaki \u201c<strong>Ayarlar<\/strong>\u201d men\u00fcs\u00fc \u00fczerinden hesap t\u00fcr\u00fcn\u00fc de\u011fi\u015ftirmeniz m\u00fcmk\u00fcnd\u00fcr, \u015feklinde yan\u0131t verilebilir. Ki\u015fisel hesaba ge\u00e7meniz mevcut takip\u00e7i listenizde ya da payla\u015f\u0131mlarda herhangi bir de\u011fi\u015fikli\u011fe yol a\u00e7maz. Sadece uygulaman\u0131n sunmu\u015f oldu\u011fu profesyonel \u00f6zelliklere eri\u015fiminiz kald\u0131r\u0131l\u0131r.<\/p>\n<h2><span class=\"ez-toc-section\" id=\"Instagram-Kisisel-Hesaba-Gecme-Sorunu-Nasil-Cozulur\"><\/span>Instagram Ki\u015fisel Hesaba Ge\u00e7me Sorunu Nas\u0131l \u00c7\u00f6z\u00fcl\u00fcr?<span class=\"ez-toc-section-end\"><\/span><\/h2>\n<p><strong>Instagram ki\u015fisel hesaba ge\u00e7i\u015f sorunu <\/strong>teknik aksakl\u0131klardan kaynaklan\u0131r. Aktif ayarlar veya ge\u00e7ici problemler de buna sebep olur. Bu t\u00fcr sorunlar\u0131n \u00e7\u00f6z\u00fcm\u00fc i\u00e7in a\u015fa\u011f\u0131daki ad\u0131mlar\u0131 takip etmek gerekir:<\/p>\n<ul>\n<li>Google Play ya da App Store \u00fczerinden uygulamay\u0131 g\u00fcncelleyebilirsiniz. Sorun devam ederse uygulamay\u0131 kald\u0131r\u0131p yeniden y\u00fckleyebilirsiniz.<\/li>\n<li>Facebook ba\u011flant\u0131s\u0131n\u0131 kald\u0131r\u0131p i\u015flemi tekrar ger\u00e7ekle\u015ftirmeniz m\u00fcmk\u00fcnd\u00fcr.<\/li>\n<li>Instagram Reklam Y\u00f6neticisi veya <a href=\"https:\/\/business.facebook.com\/\" target=\"_blank\" rel=\"noopener\">Meta Business Suite<\/a>\u2019te devam eden tan\u0131t\u0131mlar olabilir. Bunlar\u0131 sonland\u0131rmak da sorunu \u00e7\u00f6zebilir.<\/li>\n<\/ul>\n<p>Instagram ki\u015fisel hesaba ge\u00e7me s\u00fcrecinde sorun ya\u015fayabilirsiniz. Yard\u0131m Merkezi \u00fczerinden teknik bildirim g\u00f6nderebilirsiniz. Ayn\u0131 zamanda uygulama, yard\u0131m sayfas\u0131nda hesap t\u00fcr\u00fc de\u011fi\u015fikli\u011fine dair gerekli t\u00fcm bilgileri de kullan\u0131c\u0131larla payla\u015f\u0131r. Bu sayede men\u00fc \u00fczerinden sorunun hangi sebepten kaynakland\u0131\u011f\u0131n\u0131 ve \u00e7\u00f6z\u00fcm\u00fcn\u00fc \u00f6\u011frenebilirsiniz.<\/p>\n\n\t\t<div class=\"clearfix\"><\/div>\n\t\t<div class=\"toggle tie-sc-open\">\n\t\t\t<h3 class=\"toggle-head\">Instagram\u2019da ki\u015fisel hesaba nas\u0131l ge\u00e7i\u015f yap\u0131l\u0131r? <span class=\"fa fa-angle-down\" aria-hidden=\"true\"><\/span><\/h3>\n\t\t\t<div class=\"toggle-content\">\nProfil &gt; Men\u00fc (\u2261) &gt; Ayarlar ve gizlilik &gt; Hesap t\u00fcr\u00fc ve ara\u00e7lar &gt; Ki\u015fisel hesaba ge\u00e7 ad\u0131mlar\u0131 izlenir.<br \/>\n\n\t\t\t<\/div>\n\t\t<\/div>\n\t\n\n\t\t<div class=\"clearfix\"><\/div>\n\t\t<div class=\"toggle tie-sc-close\">\n\t\t\t<h3 class=\"toggle-head\">Instagram\u2019da i\u015fletme hesab\u0131 nas\u0131l kald\u0131r\u0131l\u0131r? <span class=\"fa fa-angle-down\" aria-hidden=\"true\"><\/span><\/h3>\n\t\t\t<div class=\"toggle-content\">\nAyarlar ve gizlilik &gt; Hesap t\u00fcr\u00fc ve ara\u00e7lar &gt; Ki\u015fisel hesaba ge\u00e7 se\u00e7ene\u011fi kullan\u0131l\u0131r.<br \/>\n\n\t\t\t<\/div>\n\t\t<\/div>\n\t\n\n\t\t<div class=\"clearfix\"><\/div>\n\t\t<div class=\"toggle tie-sc-close\">\n\t\t\t<h3 class=\"toggle-head\">Instagram i\u015fletme ayarlar\u0131 nerede? <span class=\"fa fa-angle-down\" aria-hidden=\"true\"><\/span><\/h3>\n\t\t\t<div class=\"toggle-content\">\nProfil &gt; Men\u00fc (\u2261) &gt; Ayarlar ve gizlilik &gt; \u0130\u015fletme ara\u00e7lar\u0131 b\u00f6l\u00fcm\u00fcnde yer al\u0131r.<br \/>\n\n\t\t\t<\/div>\n\t\t<\/div>\n\t\n\n\t\t<div class=\"clearfix\"><\/div>\n\t\t<div class=\"toggle tie-sc-close\">\n\t\t\t<h3 class=\"toggle-head\">Instagram profesyonel hesaba ge\u00e7ince ne olur? <span class=\"fa fa-angle-down\" aria-hidden=\"true\"><\/span><\/h3>\n\t\t\t<div class=\"toggle-content\">\n\u0130statistikler, ileti\u015fim butonlar\u0131 ve reklam ara\u00e7lar\u0131 aktif olur.<br \/>\n\n\t\t\t<\/div>\n\t\t<\/div>\n\t\n","protected":false},"excerpt":{"rendered":"<p>Instagram ki\u015fisel hesaba ge\u00e7me s\u00fcreci olduk\u00e7a basittir. Bu i\u015flemi Ayarlar b\u00f6l\u00fcm\u00fcnden tamamlars\u0131n\u0131z; ancak s\u00f6z konusu i\u015flemleri ger\u00e7ekle\u015ftirmeden \u00f6nce dikkat edilmesi gereken baz\u0131 hususlar vard\u0131r. Instagram ki\u015fisel hesaba ge\u00e7i\u015f halinde istatistik ve reklam eri\u015fimini kapat\u0131r. \u0130leti\u015fim bilgileri de art\u0131k profilde g\u00f6r\u00fcnmez. Profesyonel hesab\u0131n verilerine ihtiya\u00e7 duyabilirsiniz. Bu nedenle i\u015flemden \u00f6nce bilgileri kaydetmek gerekir. \u015eayet profesyonel hesap &hellip;<\/p>\n","protected":false},"author":9,"featured_media":6969,"comment_status":"open","ping_status":"open","sticky":false,"template":"","format":"standard","meta":{"footnotes":""},"categories":[74],"tags":[],"class_list":["post-6962","post","type-post","status-publish","format-standard","has-post-thumbnail","hentry","category-instagram-destek"],"_links":{"self":[{"href":"https:\/\/sosyalevin.com\/blog\/wp-json\/wp\/v2\/posts\/6962","targetHints":{"allow":["GET"]}}],"collection":[{"href":"https:\/\/sosyalevin.com\/blog\/wp-json\/wp\/v2\/posts"}],"about":[{"href":"https:\/\/sosyalevin.com\/blog\/wp-json\/wp\/v2\/types\/post"}],"author":[{"embeddable":true,"href":"https:\/\/sosyalevin.com\/blog\/wp-json\/wp\/v2\/users\/9"}],"replies":[{"embeddable":true,"href":"https:\/\/sosyalevin.com\/blog\/wp-json\/wp\/v2\/comments?post=6962"}],"version-history":[{"count":7,"href":"https:\/\/sosyalevin.com\/blog\/wp-json\/wp\/v2\/posts\/6962\/revisions"}],"predecessor-version":[{"id":6965,"href":"https:\/\/sosyalevin.com\/blog\/wp-json\/wp\/v2\/posts\/6962\/revisions\/6965"}],"wp:featuredmedia":[{"embeddable":true,"href":"https:\/\/sosyalevin.com\/blog\/wp-json\/wp\/v2\/media\/6969"}],"wp:attachment":[{"href":"https:\/\/sosyalevin.com\/blog\/wp-json\/wp\/v2\/media?parent=6962"}],"wp:term":[{"taxonomy":"category","embeddable":true,"href":"https:\/\/sosyalevin.com\/blog\/wp-json\/wp\/v2\/categories?post=6962"},{"taxonomy":"post_tag","embeddable":true,"href":"https:\/\/sosyalevin.com\/blog\/wp-json\/wp\/v2\/tags?post=6962"}],"curies":[{"name":"wp","href":"https:\/\/api.w.org\/{rel}","templated":true}]}}