{"id":7491,"date":"2026-09-02T21:11:45","date_gmt":"2026-09-02T18:11:45","guid":{"rendered":"https:\/\/sosyalevin.com\/blog\/?p=7491"},"modified":"2026-09-02T21:11:45","modified_gmt":"2026-09-02T18:11:45","slug":"instagram-yapay-zeka-profil-etiketi-nedir","status":"publish","type":"post","link":"https:\/\/sosyalevin.com\/blog\/instagram-yapay-zeka-profil-etiketi-nedir\/","title":{"rendered":"Instagram Yapay Zeka Profil Etiketi Nedir, Nas\u0131l Eklenir?"},"content":{"rendered":"<p>Instagram, ger\u00e7ek insan gibi g\u00f6r\u00fcnen ama asl\u0131nda tamamen yapay zeka ile olu\u015fturulmu\u015f profillere y\u00f6nelik kurallar\u0131n\u0131 sertle\u015ftirdi. Daha \u00f6nce <strong>AI creator<\/strong> ad\u0131yla bilinen etiket art\u0131k <strong>Yapay Zeka Taraf\u0131ndan Olu\u015fturulan Profil<\/strong>\u00a0(<strong>AI-generated profile<\/strong>) olarak de\u011fi\u015fiyor ve bu etiketi kullanmayan hesaplar\u0131n eri\u015fimi do\u011frudan k\u0131s\u0131tlan\u0131yor.<\/p>\n<p>Kural\u0131 ihlal eden hesaplar\u0131n i\u00e7erikleri, takip\u00e7i olmayan kullan\u0131c\u0131lara Ke\u015ffet sekmesinde, Reels ak\u0131\u015f\u0131nda veya \u00f6neri listelerinde art\u0131k g\u00f6sterilmiyor. Instagram bu karar\u0131n arkas\u0131nda, kullan\u0131c\u0131lar\u0131n ger\u00e7ek sand\u0131klar\u0131 bir profilin sonradan yapay zeka oldu\u011funu \u00f6\u011frenmekten duyduklar\u0131 rahats\u0131zl\u0131\u011f\u0131n yatt\u0131\u011f\u0131n\u0131 belirtiyor.<\/p>\n<div id=\"ez-toc-container\" class=\"ez-toc-v2_0_87 counter-hierarchy ez-toc-counter ez-toc-grey ez-toc-container-direction\">\n<div class=\"ez-toc-title-container\"><p class=\"ez-toc-title\" style=\"cursor:inherit\">\u0130\u00e7indekiler<\/p>\n<\/div><nav><ul class='ez-toc-list ez-toc-list-level-1 ' ><li class='ez-toc-page-1 ez-toc-heading-level-2'><a class=\"ez-toc-link ez-toc-heading-1\" href=\"https:\/\/sosyalevin.com\/blog\/instagram-yapay-zeka-profil-etiketi-nedir\/#Hangi-Hesaplar-Bu-Etiketi-Kullanmak-Zorunda\" >Hangi Hesaplar Bu Etiketi Kullanmak Zorunda?<\/a><\/li><li class='ez-toc-page-1 ez-toc-heading-level-2'><a class=\"ez-toc-link ez-toc-heading-2\" href=\"https:\/\/sosyalevin.com\/blog\/instagram-yapay-zeka-profil-etiketi-nedir\/#Etiketi-Kullanmazsaniz-Ne-Olur\" >Etiketi Kullanmazsan\u0131z Ne Olur?<\/a><\/li><li class='ez-toc-page-1 ez-toc-heading-level-2'><a class=\"ez-toc-link ez-toc-heading-3\" href=\"https:\/\/sosyalevin.com\/blog\/instagram-yapay-zeka-profil-etiketi-nedir\/#Etiket-Profile-Nasil-Eklenir\" >Etiket Profile Nas\u0131l Eklenir?<\/a><\/li><li class='ez-toc-page-1 ez-toc-heading-level-2'><a class=\"ez-toc-link ez-toc-heading-4\" href=\"https:\/\/sosyalevin.com\/blog\/instagram-yapay-zeka-profil-etiketi-nedir\/#Sik-Sorulan-Sorular\" >S\u0131k Sorulan Sorular<\/a><ul class='ez-toc-list-level-3' ><li class='ez-toc-heading-level-3'><a class=\"ez-toc-link ez-toc-heading-5\" href=\"https:\/\/sosyalevin.com\/blog\/instagram-yapay-zeka-profil-etiketi-nedir\/#Instagramdaki-her-yapay-zeka-icerigi-bu-etiketi-gerektiriyor-mu\" >Instagram&#8217;daki her yapay zeka i\u00e7eri\u011fi bu etiketi gerektiriyor mu?<\/a><\/li><li class='ez-toc-page-1 ez-toc-heading-level-3'><a class=\"ez-toc-link ez-toc-heading-6\" href=\"https:\/\/sosyalevin.com\/blog\/instagram-yapay-zeka-profil-etiketi-nedir\/#Etiketi-yanlislikla-eklenen-ya-da-kaldirilan-hesaplar-ne-yapabilir\" >Etiketi yanl\u0131\u015fl\u0131kla eklenen ya da kald\u0131r\u0131lan hesaplar ne yapabilir?<\/a><\/li><li class='ez-toc-page-1 ez-toc-heading-level-3'><a class=\"ez-toc-link ez-toc-heading-7\" href=\"https:\/\/sosyalevin.com\/blog\/instagram-yapay-zeka-profil-etiketi-nedir\/#Kisitlama-ne-kadar-suruyor\" >K\u0131s\u0131tlama ne kadar s\u00fcr\u00fcyor?<\/a><\/li><\/ul><\/li><\/ul><\/nav><\/div>\n<h2><span class=\"ez-toc-section\" id=\"Hangi-Hesaplar-Bu-Etiketi-Kullanmak-Zorunda\"><\/span>Hangi Hesaplar Bu Etiketi Kullanmak Zorunda?<span class=\"ez-toc-section-end\"><\/span><\/h2>\n<p>Burada kafa kar\u0131\u015f\u0131kl\u0131\u011f\u0131na yer b\u0131rakmayan net bir ayr\u0131m var. Etiket, profilin <b>temsil etti\u011fi ki\u015finin kimli\u011fiyle<\/b> ilgili; i\u00e7erik \u00fcretim s\u00fcrecinde kullan\u0131lan ara\u00e7larla de\u011fil.<\/p>\n<ul>\n<li><b>Etiket zorunlu:<\/b> Profildeki ki\u015fi tamamen veya b\u00fcy\u00fck \u00f6l\u00e7\u00fcde yapay zeka ile olu\u015fturulmu\u015fsa ve ger\u00e7ek bir insana aitmi\u015f gibi sunuluyorsa.<\/li>\n<li><b>Etiket zorunlu de\u011fil:<\/b> Ger\u00e7ek bir ki\u015fi, foto\u011fraflar\u0131n\u0131 d\u00fczenlemek, altyaz\u0131 yazmak veya grafik haz\u0131rlamak i\u00e7in yapay zeka ara\u00e7lar\u0131ndan yararlan\u0131yorsa.<\/li>\n<\/ul>\n<p>Yani bir influencer&#8217;\u0131n foto\u011fraflar\u0131n\u0131 Photoshop yerine yapay zeka ile d\u00fczenlemesi bu kapsama girmiyor. Sorun, arkas\u0131nda hi\u00e7 var olmayan bir <strong>ki\u015finin<\/strong>\u00a0ger\u00e7ekmi\u015f gibi sunulmas\u0131.<\/p>\n<h2><span class=\"ez-toc-section\" id=\"Etiketi-Kullanmazsaniz-Ne-Olur\"><\/span>Etiketi Kullanmazsan\u0131z Ne Olur?<span class=\"ez-toc-section-end\"><\/span><\/h2>\n<p>Kural\u0131 g\u00f6rmezden gelen hesaplar i\u00e7in yapt\u0131r\u0131m net \u015fekilde tan\u0131mlanm\u0131\u015f durumda.<\/p>\n<table>\n<thead>\n<tr>\n<th>Durum<\/th>\n<th>Sonu\u00e7<\/th>\n<\/tr>\n<\/thead>\n<tbody>\n<tr>\n<td>Etiket do\u011fru kullan\u0131l\u0131yor<\/td>\n<td>Herhangi bir eri\u015fim cezas\u0131 uygulanm\u0131yor, hesap normal \u015fekilde \u00f6nerilebiliyor<\/td>\n<\/tr>\n<tr>\n<td>Etiket eklenmemi\u015f \/ gizlenmi\u015f<\/td>\n<td>Ke\u015ffet, Reels ve \u00f6neri ak\u0131\u015flar\u0131nda takip\u00e7i olmayanlara g\u00f6sterilmiyor<\/td>\n<\/tr>\n<tr>\n<td>Hesap hatal\u0131 i\u015faretlendi\u011fini d\u00fc\u015f\u00fcn\u00fcyor<\/td>\n<td>Account Status <strong>(Hesap Durumu)<\/strong> paneli \u00fczerinden itiraz hakk\u0131 bulunuyor<\/td>\n<\/tr>\n<\/tbody>\n<\/table>\n<p>Bu k\u0131s\u0131tlama, hesab\u0131n tamamen kald\u0131r\u0131lmas\u0131 anlam\u0131na gelmiyor; sadece organik ke\u015ffedilebilirli\u011fini b\u00fcy\u00fck \u00f6l\u00e7\u00fcde d\u00fc\u015f\u00fcr\u00fcyor. Bir hesab\u0131n halihaz\u0131rdaki takip\u00e7ileri i\u00e7eriklere eri\u015fmeye devam ediyor, etkilenen k\u0131s\u0131m daha \u00e7ok yeni kitleye ula\u015fma potansiyeli.<\/p>\n<p><img decoding=\"async\" class=\"alignnone size-full wp-image-7496\" src=\"https:\/\/sosyalevin.com\/blog\/wp-content\/uploads\/2026\/09\/etiketi-kullanmazsaniz-ne-olur.webp\" alt=\"Siyah arka planda yapay zeka etiketi (AI label) uyar\u0131s\u0131, profil gereksinim detaylar\u0131 ve inceleme talebi ad\u0131mlar\u0131n\u0131 g\u00f6steren \u00fc\u00e7 ak\u0131ll\u0131 telefon ekran\u0131.\" width=\"1200\" height=\"675\" title=\"\" srcset=\"https:\/\/sosyalevin.com\/blog\/wp-content\/uploads\/2026\/09\/etiketi-kullanmazsaniz-ne-olur.webp 1200w, https:\/\/sosyalevin.com\/blog\/wp-content\/uploads\/2026\/09\/etiketi-kullanmazsaniz-ne-olur-300x169.webp 300w, https:\/\/sosyalevin.com\/blog\/wp-content\/uploads\/2026\/09\/etiketi-kullanmazsaniz-ne-olur-1024x576.webp 1024w, https:\/\/sosyalevin.com\/blog\/wp-content\/uploads\/2026\/09\/etiketi-kullanmazsaniz-ne-olur-768x432.webp 768w, https:\/\/sosyalevin.com\/blog\/wp-content\/uploads\/2026\/09\/etiketi-kullanmazsaniz-ne-olur-390x220.webp 390w\" sizes=\"(max-width: 1200px) 100vw, 1200px\" \/><\/p>\n\n\t\t<div class=\"box success  alignleft\">\n\t\t\t<div class=\"box-inner-block\">\n\t\t\t\t<span class=\"fa tie-shortcode-boxicon\"><\/span>\ud83d\udca1 <strong>B\u00fcy\u00fcme \u0130pucu:<\/strong> Profilinizin etkile\u015fimini y\u00fcksek tutmak ve hedef kitlenize daha h\u0131zl\u0131 ula\u015fmak i\u00e7in <strong><a href=\"https:\/\/sosyalevin.com\/instagram\/\">Instagram\u00a0paketlerimizi<\/a><\/strong> inceleyebilirsiniz.\n\t\t\t<\/div>\n\t\t<\/div>\n\t\n<h2><span class=\"ez-toc-section\" id=\"Etiket-Profile-Nasil-Eklenir\"><\/span>Etiket Profile Nas\u0131l Eklenir?<span class=\"ez-toc-section-end\"><\/span><\/h2>\n<p>Yapay zeka ki\u015fili\u011fi bar\u0131nd\u0131ran bir hesap i\u015fletiyorsan\u0131z etiketi eklemek birka\u00e7 ad\u0131mda tamamlan\u0131yor:<\/p>\n<ol>\n<li>Instagram uygulamas\u0131nda <strong>Profilinize<\/strong> gidin,<\/li>\n<li><strong>Profili D\u00fczenle<\/strong> b\u00f6l\u00fcm\u00fcn\u00fc a\u00e7\u0131n,<\/li>\n<li><strong>Yapay Zeka \u0130\u00e7erik \u00dcreticisi<\/strong>\u00a0se\u00e7ene\u011fini aktif edin,<\/li>\n<li>De\u011fi\u015fikli\u011fi <strong>kaydedin<\/strong>.<\/li>\n<\/ol>\n<p>Etiket aktif olduktan sonra profilinizde ve payla\u015ft\u0131\u011f\u0131n\u0131z i\u00e7eriklerde g\u00f6r\u00fcn\u00fcr hale geliyor, kullan\u0131c\u0131lar bu profille etkile\u015fime girmeden \u00f6nce durumu net \u015fekilde g\u00f6rebiliyor.<\/p>\n<p><b>Bu de\u011fi\u015fiklik neden \u015fimdi geldi?<\/b> Son d\u00f6nemde baz\u0131 yapay zeka <strong>etkileyicilerinin<\/strong>\u00a0\u00fcr\u00fcn sat\u0131\u015f\u0131 yapt\u0131\u011f\u0131 ve ger\u00e7ek uzmanm\u0131\u015f gibi g\u00f6r\u00fcnen sahte <strong>wellness<\/strong>\u00a0hesaplar\u0131n\u0131n ortaya \u00e7\u0131kar\u0131lmas\u0131, platform \u00fczerindeki bask\u0131y\u0131 art\u0131rm\u0131\u015ft\u0131. Instagram, bu tarz kimlik gizleme vakalar\u0131n\u0131n kullan\u0131c\u0131 g\u00fcvenini zedeledi\u011fini kabul ediyor.<\/p>\n<h2><span class=\"ez-toc-section\" id=\"Sik-Sorulan-Sorular\"><\/span>S\u0131k Sorulan Sorular<span class=\"ez-toc-section-end\"><\/span><\/h2>\n\n\t\t<div class=\"clearfix\"><\/div>\n\t\t<div class=\"toggle tie-sc-open\">\n\t\t\t<h3 class=\"toggle-head\"><span class=\"ez-toc-section\" id=\"Instagramdaki-her-yapay-zeka-icerigi-bu-etiketi-gerektiriyor-mu\"><\/span>Instagram&#8217;daki her yapay zeka i\u00e7eri\u011fi bu etiketi gerektiriyor mu? <span class=\"fa fa-angle-down\" aria-hidden=\"true\"><\/span><span class=\"ez-toc-section-end\"><\/span><\/h3>\n\t\t\t<div class=\"toggle-content\">\n<p>Hay\u0131r. Etiket yaln\u0131zca profilin merkezindeki <strong>ki\u015finin<\/strong>\u00a0yapay zeka ile olu\u015fturuldu\u011fu durumlarda zorunlu. \u0130\u00e7erik \u00fcretiminde yard\u0131mc\u0131 ara\u00e7 olarak AI kullanmak bu kapsama girmiyor.<\/p>\n\n\t\t\t<\/div>\n\t\t<\/div>\n\t\n\n\t\t<div class=\"clearfix\"><\/div>\n\t\t<div class=\"toggle tie-sc-close\">\n\t\t\t<h3 class=\"toggle-head\"><span class=\"ez-toc-section\" id=\"Etiketi-yanlislikla-eklenen-ya-da-kaldirilan-hesaplar-ne-yapabilir\"><\/span>Etiketi yanl\u0131\u015fl\u0131kla eklenen ya da kald\u0131r\u0131lan hesaplar ne yapabilir? <span class=\"fa fa-angle-down\" aria-hidden=\"true\"><\/span><span class=\"ez-toc-section-end\"><\/span><\/h3>\n\t\t\t<div class=\"toggle-content\">\n<p>Hesap sahipleri, hatal\u0131 i\u015faretlendiklerini d\u00fc\u015f\u00fcn\u00fcyorlarsa <strong>Account Status<\/strong> <strong>(Hesap Durumu)<\/strong> paneli \u00fczerinden itiraz ba\u015fvurusu yapabiliyor.<\/p>\n\n\t\t\t<\/div>\n\t\t<\/div>\n\t\n\n\t\t<div class=\"clearfix\"><\/div>\n\t\t<div class=\"toggle tie-sc-close\">\n\t\t\t<h3 class=\"toggle-head\"><span class=\"ez-toc-section\" id=\"Kisitlama-ne-kadar-suruyor\"><\/span>K\u0131s\u0131tlama ne kadar s\u00fcr\u00fcyor? <span class=\"fa fa-angle-down\" aria-hidden=\"true\"><\/span><span class=\"ez-toc-section-end\"><\/span><\/h3>\n\t\t\t<div class=\"toggle-content\">\n<p>Instagram bunun i\u00e7in sabit bir s\u00fcre a\u00e7\u0131klamad\u0131; etiket eklenip kurallara uyum sa\u011fland\u0131\u011f\u0131nda k\u0131s\u0131tlaman\u0131n kalkmas\u0131 bekleniyor.<\/p>\n\n\t\t\t<\/div>\n\t\t<\/div>\n\t\n","protected":false},"excerpt":{"rendered":"<p>Instagram, ger\u00e7ek insan gibi g\u00f6r\u00fcnen ama asl\u0131nda tamamen yapay zeka ile olu\u015fturulmu\u015f profillere y\u00f6nelik kurallar\u0131n\u0131 sertle\u015ftirdi. Daha \u00f6nce AI creator ad\u0131yla bilinen etiket art\u0131k Yapay Zeka Taraf\u0131ndan Olu\u015fturulan Profil\u00a0(AI-generated profile) olarak de\u011fi\u015fiyor ve bu etiketi kullanmayan hesaplar\u0131n eri\u015fimi do\u011frudan k\u0131s\u0131tlan\u0131yor. Kural\u0131 ihlal eden hesaplar\u0131n i\u00e7erikleri, takip\u00e7i olmayan kullan\u0131c\u0131lara Ke\u015ffet sekmesinde, Reels ak\u0131\u015f\u0131nda veya \u00f6neri listelerinde &hellip;<\/p>\n","protected":false},"author":9,"featured_media":7497,"comment_status":"open","ping_status":"open","sticky":false,"template":"","format":"standard","meta":{"footnotes":""},"categories":[74],"tags":[],"class_list":["post-7491","post","type-post","status-publish","format-standard","has-post-thumbnail","hentry","category-instagram-destek"],"_links":{"self":[{"href":"https:\/\/sosyalevin.com\/blog\/wp-json\/wp\/v2\/posts\/7491","targetHints":{"allow":["GET"]}}],"collection":[{"href":"https:\/\/sosyalevin.com\/blog\/wp-json\/wp\/v2\/posts"}],"about":[{"href":"https:\/\/sosyalevin.com\/blog\/wp-json\/wp\/v2\/types\/post"}],"author":[{"embeddable":true,"href":"https:\/\/sosyalevin.com\/blog\/wp-json\/wp\/v2\/users\/9"}],"replies":[{"embeddable":true,"href":"https:\/\/sosyalevin.com\/blog\/wp-json\/wp\/v2\/comments?post=7491"}],"version-history":[{"count":10,"href":"https:\/\/sosyalevin.com\/blog\/wp-json\/wp\/v2\/posts\/7491\/revisions"}],"predecessor-version":[{"id":7503,"href":"https:\/\/sosyalevin.com\/blog\/wp-json\/wp\/v2\/posts\/7491\/revisions\/7503"}],"wp:featuredmedia":[{"embeddable":true,"href":"https:\/\/sosyalevin.com\/blog\/wp-json\/wp\/v2\/media\/7497"}],"wp:attachment":[{"href":"https:\/\/sosyalevin.com\/blog\/wp-json\/wp\/v2\/media?parent=7491"}],"wp:term":[{"taxonomy":"category","embeddable":true,"href":"https:\/\/sosyalevin.com\/blog\/wp-json\/wp\/v2\/categories?post=7491"},{"taxonomy":"post_tag","embeddable":true,"href":"https:\/\/sosyalevin.com\/blog\/wp-json\/wp\/v2\/tags?post=7491"}],"curies":[{"name":"wp","href":"https:\/\/api.w.org\/{rel}","templated":true}]}}