{"id":911,"date":"2021-05-26T08:54:30","date_gmt":"2021-05-26T05:54:30","guid":{"rendered":"https:\/\/sosyalevin.com\/blog\/?p=911"},"modified":"2025-12-22T19:50:15","modified_gmt":"2025-12-22T16:50:15","slug":"instagram-fotograf-boyutu-kaca-kac-olmalidir","status":"publish","type":"post","link":"https:\/\/sosyalevin.com\/blog\/instagram-fotograf-boyutu-kaca-kac-olmalidir\/","title":{"rendered":"Instagram Foto\u011fraf Boyutu Ka\u00e7a Ka\u00e7 Olmal\u0131d\u0131r?"},"content":{"rendered":"<p>Bir milyardan fazla aktif kullan\u0131c\u0131ya sahip olan Instagram, g\u00f6rselli\u011fi \u00f6n planda tutan bir platform oldu\u011fu i\u00e7in Instagram kullan\u0131c\u0131lar\u0131 \u201c<strong><a href=\"https:\/\/sosyalevin.com\/\">Instagram<\/a> foto\u011fraf boyutu ka\u00e7a ka\u00e7 olmal\u0131d\u0131r?<\/strong>\u201d diye soruyor. G\u00fcnl\u00fck olarak 600 milyondan fazla aktif kullan\u0131c\u0131 olan Instagram g\u00f6rsel yarat\u0131c\u0131l\u0131\u011f\u0131n\u0131z\u0131 sergilemek amac\u0131yla kullanabilece\u011finiz en g\u00fczel platform olarak de\u011ferlendiriliyor.<\/p>\n<p>Haliyle g\u00f6rsel olarak payla\u015faca\u011f\u0131n\u0131z g\u00f6nderilerin profilinizde g\u00fczel bir d\u00fczen olu\u015fturabilmesi i\u00e7in belirli boyutlara dikkat etmeniz gerekebiliyor. Orijinal boyutlar\u0131 kullanarak foto\u011fraflar\u0131n\u0131z\u0131n k\u0131rp\u0131lmas\u0131n\u0131 engelleyebilir, profilinizin ilk bak\u0131\u015fta dahi g\u00fczel g\u00f6z\u00fckmesini sa\u011flayabilirsiniz.<\/p>\n<div id=\"ez-toc-container\" class=\"ez-toc-v2_0_82_2 counter-hierarchy ez-toc-counter ez-toc-grey ez-toc-container-direction\">\n<div class=\"ez-toc-title-container\"><p class=\"ez-toc-title\" style=\"cursor:inherit\">\u0130\u00e7indekiler<\/p>\n<\/div><nav><ul class='ez-toc-list ez-toc-list-level-1 ' ><li class='ez-toc-page-1 ez-toc-heading-level-2'><a class=\"ez-toc-link ez-toc-heading-1\" href=\"https:\/\/sosyalevin.com\/blog\/instagram-fotograf-boyutu-kaca-kac-olmalidir\/#Instagram-Gonderilerinizin-Boyutlarinin-Uygun-Olmasi-Neden-Onemlidir\" >Instagram G\u00f6nderilerinizin Boyutlar\u0131n\u0131n Uygun Olmas\u0131 Neden \u00d6nemlidir?<\/a><\/li><li class='ez-toc-page-1 ez-toc-heading-level-2'><a class=\"ez-toc-link ez-toc-heading-2\" href=\"https:\/\/sosyalevin.com\/blog\/instagram-fotograf-boyutu-kaca-kac-olmalidir\/#Instagram-Profilinizdeki-Fotograflarin-Boyutlari-Nasil-Olmalidir\" >Instagram Profilinizdeki Foto\u011fraflar\u0131n Boyutlar\u0131 Nas\u0131l Olmal\u0131d\u0131r?<\/a><\/li><li class='ez-toc-page-1 ez-toc-heading-level-2'><a class=\"ez-toc-link ez-toc-heading-3\" href=\"https:\/\/sosyalevin.com\/blog\/instagram-fotograf-boyutu-kaca-kac-olmalidir\/#Instagramda-Gonderi-Olarak-Paylasacaginiz-Fotograflarin-Boyutu-Nasil-Olmalidir\" >Instagram\u2019da G\u00f6nderi Olarak Payla\u015faca\u011f\u0131n\u0131z Foto\u011fraflar\u0131n Boyutu Nas\u0131l Olmal\u0131d\u0131r?<\/a><\/li><li class='ez-toc-page-1 ez-toc-heading-level-2'><a class=\"ez-toc-link ez-toc-heading-4\" href=\"https:\/\/sosyalevin.com\/blog\/instagram-fotograf-boyutu-kaca-kac-olmalidir\/#Instagram-Hikayelerinizdeki-Paylasimlarin-Boyutlari-Nasil-Olmalidir\" >Instagram Hikayelerinizdeki Payla\u015f\u0131mlar\u0131n Boyutlar\u0131 Nas\u0131l Olmal\u0131d\u0131r?<\/a><\/li><li class='ez-toc-page-1 ez-toc-heading-level-2'><a class=\"ez-toc-link ez-toc-heading-5\" href=\"https:\/\/sosyalevin.com\/blog\/instagram-fotograf-boyutu-kaca-kac-olmalidir\/#Instagramdaki-Yatay-Gorseller-Icin-Kullanmaniz-Gereken-Boyutlar-Nelerdir\" >Instagram\u2019daki Yatay G\u00f6rseller \u0130\u00e7in Kullanman\u0131z Gereken Boyutlar Nelerdir?<\/a><\/li><\/ul><\/nav><\/div>\n<h2><span class=\"ez-toc-section\" id=\"Instagram-Gonderilerinizin-Boyutlarinin-Uygun-Olmasi-Neden-Onemlidir\"><\/span>Instagram G\u00f6nderilerinizin Boyutlar\u0131n\u0131n Uygun Olmas\u0131 Neden \u00d6nemlidir?<span class=\"ez-toc-section-end\"><\/span><\/h2>\n<p><em>Bu yaz\u0131da bahsedilecek olan orijinal Instagram boyutlar\u0131n\u0131 kullanmak a\u015fa\u011f\u0131da listelenen sebeplerden dolay\u0131 \u00f6nemlidir:<\/em><\/p>\n<ul>\n<li>E\u011fer \u015f\u0131k bir Instagram profil sayfas\u0131 g\u00f6r\u00fcn\u00fcm\u00fcne sahip olmak istiyorsan\u0131z Instagram\u0131n tavsiye etti\u011fi boyutlar\u0131 kullanmal\u0131s\u0131n\u0131z.<\/li>\n<li>Foto\u011fraflar\u0131n\u0131z\u0131 kaliteli bir \u015fekilde payla\u015fmak istiyorsan\u0131z orijinal boyutlara uymak b\u00fcy\u00fck \u00f6nem ta\u015f\u0131yor.<\/li>\n<li>Profilinize uygun olarak se\u00e7ti\u011finizi d\u00fc\u015f\u00fcnd\u00fc\u011f\u00fcn\u00fcz foto\u011fraf\u0131n Instagram\u2019\u0131n otomatik k\u0131rpma mekanizmas\u0131 y\u00fcz\u00fcnden k\u0131rp\u0131ld\u0131\u011f\u0131n\u0131 g\u00f6rmek sinir bozucu olabilir. Orijinal g\u00f6rsel boyutlar\u0131na sad\u0131k kalmak bu durumu engellemenize yard\u0131mc\u0131 olacakt\u0131r.<\/li>\n<\/ul>\n<p>K\u0131sacas\u0131, daha g\u00fczel bir profile sahip olmak ad\u0131na Instagram\u2019\u0131n tavsiye etti\u011fi orijinal foto\u011fraf boyutlar\u0131n\u0131 kullanmak do\u011fru bir se\u00e7im olacakt\u0131r.<\/p>\n<figure id=\"attachment_912\" aria-describedby=\"caption-attachment-912\" style=\"width: 1880px\" class=\"wp-caption aligncenter\"><img decoding=\"async\" class=\"wp-image-912 size-full\" src=\"https:\/\/sosyalevin.com\/blog\/wp-content\/uploads\/2021\/05\/instagram-3.jpeg\" alt=\"Instagram Foto\u011fraf Boyutu Ka\u00e7a Ka\u00e7 Olmal\u0131d\u0131r?\" width=\"1880\" height=\"1253\" title=\"\" srcset=\"https:\/\/sosyalevin.com\/blog\/wp-content\/uploads\/2021\/05\/instagram-3.jpeg 1880w, https:\/\/sosyalevin.com\/blog\/wp-content\/uploads\/2021\/05\/instagram-3-300x200.jpeg 300w, https:\/\/sosyalevin.com\/blog\/wp-content\/uploads\/2021\/05\/instagram-3-1024x682.jpeg 1024w, https:\/\/sosyalevin.com\/blog\/wp-content\/uploads\/2021\/05\/instagram-3-768x512.jpeg 768w, https:\/\/sosyalevin.com\/blog\/wp-content\/uploads\/2021\/05\/instagram-3-1536x1024.jpeg 1536w, https:\/\/sosyalevin.com\/blog\/wp-content\/uploads\/2021\/05\/instagram-3-100x67.jpeg 100w, https:\/\/sosyalevin.com\/blog\/wp-content\/uploads\/2021\/05\/instagram-3-675x450.jpeg 675w, https:\/\/sosyalevin.com\/blog\/wp-content\/uploads\/2021\/05\/instagram-3-1600x1066.jpeg 1600w\" sizes=\"(max-width: 1880px) 100vw, 1880px\" \/><figcaption id=\"caption-attachment-912\" class=\"wp-caption-text\">Instagram Foto\u011fraf Boyutu Ka\u00e7a Ka\u00e7 Olmal\u0131d\u0131r?<\/figcaption><\/figure>\n<h2><span class=\"ez-toc-section\" id=\"Instagram-Profilinizdeki-Fotograflarin-Boyutlari-Nasil-Olmalidir\"><\/span>Instagram Profilinizdeki Foto\u011fraflar\u0131n Boyutlar\u0131 Nas\u0131l Olmal\u0131d\u0131r?<span class=\"ez-toc-section-end\"><\/span><\/h2>\n<p>Instagram profilinizin size ait olup olmad\u0131\u011f\u0131n\u0131n anla\u015f\u0131labilmesi a\u00e7\u0131s\u0131ndan kaliteli bir profil foto\u011fraf\u0131 kullanman\u0131z gerekiyor. Biri profilinize girdi\u011finde profil foto\u011fraf\u0131n\u0131z\u0131n b\u00fcy\u00fckl\u00fc\u011f\u00fc sadece 110&#215;110 piksel olaca\u011f\u0131ndan profil foto\u011fraf\u0131 se\u00e7iminde dikkat etmeniz gereken tek nokta 1:1 en boy oran\u0131n\u0131 korumak olacakt\u0131r.<\/p>\n<p>Biri profil sayfan\u0131za girdi\u011finde payla\u015ft\u0131\u011f\u0131n\u0131z foto\u011fraflar\u0131n ve videolar\u0131n \u00f6n izlemeleri k\u00fc\u00e7\u00fck foto\u011fraflar olarak kar\u015f\u0131daki insana g\u00f6sterilir. G\u00f6sterilen bu k\u00fc\u00e7\u00fck foto\u011fraflar\u0131n piksel boyutu 161&#215;161\u2019dir, b\u00fct\u00fcn g\u00f6nderilerinizin Instagram taraf\u0131ndan \u00f6n izleme amac\u0131yla k\u00fc\u00e7\u00fclt\u00fclece\u011fini ve 1:1 en boy oran\u0131nda kesilece\u011fini unutmamal\u0131s\u0131n\u0131z.<\/p>\n<h2><span class=\"ez-toc-section\" id=\"Instagramda-Gonderi-Olarak-Paylasacaginiz-Fotograflarin-Boyutu-Nasil-Olmalidir\"><\/span>Instagram\u2019da G\u00f6nderi Olarak Payla\u015faca\u011f\u0131n\u0131z Foto\u011fraflar\u0131n Boyutu Nas\u0131l Olmal\u0131d\u0131r?<span class=\"ez-toc-section-end\"><\/span><\/h2>\n<p>E\u011fer ilgi uyand\u0131rmak istiyorsan\u0131z, listenizde bulunan ve sizi takip eden insanlar\u0131n ana sayfas\u0131na d\u00fc\u015fecek olan foto\u011fraflar\u0131n\u0131z\u0131n ve videolar\u0131n\u0131z\u0131n kalitesi y\u00fcksek olmal\u0131d\u0131r. Foto\u011fraf\u0131n \u00e7ekildi\u011fi cihazdan y\u00fcklenen foto\u011fraflar\u0131n \u00e7ok daha kaliteli olaca\u011f\u0131n\u0131, kalitesinin d\u00fc\u015f\u00fcr\u00fclmeyece\u011fini s\u00f6ylemekte yarar var.<\/p>\n<p>Instagrama y\u00fckleyece\u011finiz g\u00f6r\u00fcnt\u00fclerin boyutlar\u0131n\u0131n 1080&#215;1080 piksel olmas\u0131 profilinizde kaliteli bir g\u00f6r\u00fcn\u00fcm sa\u011flayacakt\u0131r ancak yine de Instagram bu foto\u011fraflar\u0131 612&#215;612 piksele kadar k\u00fc\u00e7\u00fclt\u00fcyor. Kare veya dikd\u00f6rtgen olarak y\u00fckleyece\u011finiz foto\u011fraflar\u0131n 1,91:1 ve 4:5 oranlar\u0131n\u0131 korudu\u011fundan emin olmal\u0131s\u0131n\u0131z. 4:5 oran\u0131na sahip olan foto\u011fraflar i\u00e7in \u00f6nerilen boyutlar 1080&#215;1350\u2019dir, bu boyut foto\u011fraf\u0131n\u0131z\u0131n kaliteli g\u00f6z\u00fckmesine yard\u0131mc\u0131 olacakt\u0131r.<\/p>\n<h2><span class=\"ez-toc-section\" id=\"Instagram-Hikayelerinizdeki-Paylasimlarin-Boyutlari-Nasil-Olmalidir\"><\/span>Instagram Hikayelerinizdeki Payla\u015f\u0131mlar\u0131n Boyutlar\u0131 Nas\u0131l Olmal\u0131d\u0131r?<span class=\"ez-toc-section-end\"><\/span><\/h2>\n<p>G\u00fcnl\u00fck olarak 600 milyondan fazla kullan\u0131c\u0131 bulunan Instagram\u2019da hikayeler b\u00f6l\u00fcm\u00fcn\u00fc Instagram kullan\u0131c\u0131lar\u0131n\u0131n yar\u0131s\u0131ndan fazlas\u0131 g\u00fcnl\u00fck olarak kullan\u0131yor. G\u00f6rsel olarak payla\u015f\u0131m yap\u0131lan Instagram hikayelerde hem video hem de g\u00f6r\u00fcnt\u00fc se\u00e7enekleri bulunuyor. Bu b\u00f6l\u00fcmde normal payla\u015f\u0131m yapar gibi kendi i\u00e7eri\u011finizi y\u00fckleyebilirsiniz. Instagram hikayeler i\u00e7in \u00f6nerilen \u00e7\u00f6z\u00fcn\u00fcrl\u00fck 1080&#215;1920 olarak belirlenmekle beraber minimum \u00e7\u00f6z\u00fcn\u00fcrl\u00fck 600&#215;1067\u2019dir. En boy oran\u0131 9:16 olan Instagram hikayelere y\u00fckleyebilece\u011finiz maksimum dosya boyutu 4 GB\u2019t\u0131r.<\/p>\n<h2><span class=\"ez-toc-section\" id=\"Instagramdaki-Yatay-Gorseller-Icin-Kullanmaniz-Gereken-Boyutlar-Nelerdir\"><\/span>Instagram\u2019daki Yatay G\u00f6rseller \u0130\u00e7in Kullanman\u0131z Gereken Boyutlar Nelerdir?<span class=\"ez-toc-section-end\"><\/span><\/h2>\n<p>Bir\u00e7ok foto\u011fraf\u00e7\u0131n\u0131n kulland\u0131\u011f\u0131 Instagram, yatay foto\u011fraf imk\u00e2n\u0131 ile manzara foto\u011fraflar\u0131 i\u00e7in de vazge\u00e7ilmez bir sosyal medya uygulamas\u0131 olmu\u015ftur. D\u0131\u015f mek\u00e2n veya seyahat \u00e7ekimleri i\u00e7in \u00e7ok kullan\u0131lan bu payla\u015f\u0131m t\u00fcr\u00fc reklamlar i\u00e7in de olduk\u00e7a idealdir.<\/p>\n<p>Yatay g\u00f6rsel payla\u015f\u0131m\u0131 yapmak i\u00e7in \u00f6nerilen resim boyutu 1200&#215;628 pikseldir, kullanabilece\u011finiz minimum \u00e7\u00f6z\u00fcn\u00fcrl\u00fck ise 600&#215;315 pikseldir. \u00d6nerilen en boy oran\u0131 1,91:1 olmakla beraber y\u00fckleyebilece\u011finiz maksimum dosya boyutu 30 MB\u2019t\u0131r. Ayr\u0131ca foto\u011fraf\u0131n\u0131z\u0131n kaliteli olmas\u0131 ad\u0131na JPG veya PNG dosyalar\u0131n\u0131 tercih etmeniz gerekiyor.<\/p>\n","protected":false},"excerpt":{"rendered":"<p>Bir milyardan fazla aktif kullan\u0131c\u0131ya sahip olan Instagram, g\u00f6rselli\u011fi \u00f6n planda tutan bir platform oldu\u011fu i\u00e7in Instagram kullan\u0131c\u0131lar\u0131 \u201cInstagram foto\u011fraf boyutu ka\u00e7a ka\u00e7 olmal\u0131d\u0131r?\u201d diye soruyor. G\u00fcnl\u00fck olarak 600 milyondan fazla aktif kullan\u0131c\u0131 olan Instagram g\u00f6rsel yarat\u0131c\u0131l\u0131\u011f\u0131n\u0131z\u0131 sergilemek amac\u0131yla kullanabilece\u011finiz en g\u00fczel platform olarak de\u011ferlendiriliyor. Haliyle g\u00f6rsel olarak payla\u015faca\u011f\u0131n\u0131z g\u00f6nderilerin profilinizde g\u00fczel bir d\u00fczen olu\u015fturabilmesi &hellip;<\/p>\n","protected":false},"author":1,"featured_media":913,"comment_status":"open","ping_status":"open","sticky":false,"template":"","format":"standard","meta":{"footnotes":""},"categories":[74],"tags":[],"class_list":["post-911","post","type-post","status-publish","format-standard","has-post-thumbnail","hentry","category-instagram-destek"],"_links":{"self":[{"href":"https:\/\/sosyalevin.com\/blog\/wp-json\/wp\/v2\/posts\/911","targetHints":{"allow":["GET"]}}],"collection":[{"href":"https:\/\/sosyalevin.com\/blog\/wp-json\/wp\/v2\/posts"}],"about":[{"href":"https:\/\/sosyalevin.com\/blog\/wp-json\/wp\/v2\/types\/post"}],"author":[{"embeddable":true,"href":"https:\/\/sosyalevin.com\/blog\/wp-json\/wp\/v2\/users\/1"}],"replies":[{"embeddable":true,"href":"https:\/\/sosyalevin.com\/blog\/wp-json\/wp\/v2\/comments?post=911"}],"version-history":[{"count":1,"href":"https:\/\/sosyalevin.com\/blog\/wp-json\/wp\/v2\/posts\/911\/revisions"}],"predecessor-version":[{"id":6779,"href":"https:\/\/sosyalevin.com\/blog\/wp-json\/wp\/v2\/posts\/911\/revisions\/6779"}],"wp:featuredmedia":[{"embeddable":true,"href":"https:\/\/sosyalevin.com\/blog\/wp-json\/wp\/v2\/media\/913"}],"wp:attachment":[{"href":"https:\/\/sosyalevin.com\/blog\/wp-json\/wp\/v2\/media?parent=911"}],"wp:term":[{"taxonomy":"category","embeddable":true,"href":"https:\/\/sosyalevin.com\/blog\/wp-json\/wp\/v2\/categories?post=911"},{"taxonomy":"post_tag","embeddable":true,"href":"https:\/\/sosyalevin.com\/blog\/wp-json\/wp\/v2\/tags?post=911"}],"curies":[{"name":"wp","href":"https:\/\/api.w.org\/{rel}","templated":true}]}}