{"id":915,"date":"2021-05-27T11:35:25","date_gmt":"2021-05-27T08:35:25","guid":{"rendered":"https:\/\/sosyalevin.com\/blog\/?p=915"},"modified":"2025-12-22T19:50:15","modified_gmt":"2025-12-22T16:50:15","slug":"instagram-fotograf-kirpmadan-nasil-atilir","status":"publish","type":"post","link":"https:\/\/sosyalevin.com\/blog\/instagram-fotograf-kirpmadan-nasil-atilir\/","title":{"rendered":"Instagram Foto\u011fraf K\u0131rpmadan Nas\u0131l At\u0131l\u0131r?"},"content":{"rendered":"<p><strong>Instagram payla\u015f\u0131m\u0131n\u0131 ister video isterseniz foto\u011fraflar aras\u0131ndan se\u00e7ebilirsiniz. Instagram Foto\u011fraf k\u0131rpmadan nas\u0131l at\u0131l\u0131r? sorusunu sizlere yan\u0131tl\u0131yoruz.<\/strong><\/p>\n<p>Size \u00f6zel olan ve \u00f6nemi b\u00fcy\u00fck olan de\u011ferli payla\u015f\u0131mlar\u0131n\u0131z\u0131 Instagram da \u00f6nemsiyor. Payla\u015f\u0131m yaparken kullan\u0131c\u0131lar\u0131n dikkat etti\u011fi baz\u0131 detaylar oluyor. Netlik bunlardan bir tanesidir. Her zaman y\u00fckleme s\u0131ras\u0131nda netli\u011fin bozulmas\u0131, bulan\u0131k bir g\u00f6r\u00fcn\u00fcm olu\u015fmas\u0131 kullan\u0131c\u0131lar\u0131 rahats\u0131z eder. Bu sorunun kayna\u011f\u0131n\u0131n ne oldu\u011fu ise \u00e7o\u011fu kullan\u0131c\u0131 taraf\u0131ndan bilinmiyor.<\/p>\n<p>\u015eimdi foto\u011fraflarda nas\u0131l sorunlar olu\u015fuyor, \u00e7\u00f6z\u00fcmleri nedir biraz ona de\u011finelim. Her sorunun \u00e7\u00f6z\u00fcm\u00fc i\u00e7in \u00e7al\u0131\u015fan uzman ekip bulunur. Instagram alan\u0131nda tamamen profesyonelle\u015fti ve dijital \u00e7a\u011f\u0131n bir ad\u0131m \u00f6n\u00fcne ge\u00e7meyi ba\u015fard\u0131. Bunca geli\u015fime ra\u011fmen hala foto\u011fraflar\u0131n tam ekran olarak at\u0131lmas\u0131na ili\u015fkin sorunlar \u00e7\u00f6z\u00fcmlenmi\u015f g\u00f6r\u00fcnm\u00fcyor. Peki, <strong><a href=\"https:\/\/sosyalevin.com\/\">Instagram<\/a> foto\u011fraf k\u0131rpmadan nas\u0131l at\u0131l\u0131r?<\/strong><\/p>\n<h2>Instagram Foto\u011fraf Payla\u015f\u0131m\u0131nda Ya\u015fanan Sorunlar Nelerdir?<\/h2>\n<p>Foto\u011fraf\u0131n en h\u0131zl\u0131 hali eski d\u00f6nemlerde \u015fip\u015fak foto\u011fraflard\u0131. G\u00fcn\u00fcm\u00fczde ise art\u0131k Instagram \u00fczerinden direkt \u00e7ekip saniyeler i\u00e7erisinde payla\u015f\u0131m yap\u0131labiliyor. \u00dcstelik diledi\u011finiz s\u0131n\u0131rlar d\u00e2hilinde oluyor. Payla\u015f\u0131mlar\u0131n\u0131z herkese a\u00e7\u0131k ya da sadece yak\u0131nlar\u0131n\u0131zla payla\u015f\u0131labilir.<\/p>\n<p><em>Foto\u011fraf payla\u015f\u0131m sorunlar\u0131;<\/em><\/p>\n<ul>\n<li>D\u00fc\u015f\u00fck \u00e7\u00f6z\u00fcn\u00fcrl\u00fck<\/li>\n<li>Eksik g\u00f6rsel<\/li>\n<li>Hatal\u0131 k\u0131rpma<\/li>\n<li>Bulan\u0131kl\u0131k<\/li>\n<\/ul>\n<p>G\u00fczel g\u00f6r\u00fcnmek herkesin istedi\u011fi bir olgudur. O halde en g\u00fczel foto\u011fraflar\u0131n <a href=\"https:\/\/www.instagram.com\/\" target=\"_blank\" rel=\"noopener\">Instagram<\/a>&#8216;da nas\u0131l k\u00f6t\u00fc bir hale geldi\u011fini merak ediyor olmal\u0131s\u0131n\u0131z. Net olmayan resimlerde oynama yap\u0131lmad\u0131\u011f\u0131na ikna etmek olduk\u00e7a zordur. Foto\u011fraf payla\u015f\u0131m\u0131nda bulan\u0131k ya da di\u011fer ad\u0131yla flu g\u00f6r\u00fcn\u00fcm nedeniyle teknolojinin \u00e7ok gerisinde kald\u0131\u011f\u0131n\u0131z\u0131 s\u00f6yleyenler olacakt\u0131r. Genellikle tost makinas\u0131 \u00e7ekimi ile benzetilen bu talihsizlik te\u015fbihte hatalara da neden olabiliyor.<\/p>\n<figure id=\"attachment_756\" aria-describedby=\"caption-attachment-756\" style=\"width: 1024px\" class=\"wp-caption aligncenter\"><img decoding=\"async\" class=\"wp-image-756 size-full\" src=\"https:\/\/sosyalevin.com\/blog\/wp-content\/uploads\/2021\/03\/en-populer-instagram-araclari.jpg\" alt=\"Instagram Foto\u011fraf K\u0131rpmadan Nas\u0131l At\u0131l\u0131r?\" width=\"1024\" height=\"683\" title=\"\" srcset=\"https:\/\/sosyalevin.com\/blog\/wp-content\/uploads\/2021\/03\/en-populer-instagram-araclari.jpg 1024w, https:\/\/sosyalevin.com\/blog\/wp-content\/uploads\/2021\/03\/en-populer-instagram-araclari-300x200.jpg 300w, https:\/\/sosyalevin.com\/blog\/wp-content\/uploads\/2021\/03\/en-populer-instagram-araclari-768x512.jpg 768w, https:\/\/sosyalevin.com\/blog\/wp-content\/uploads\/2021\/03\/en-populer-instagram-araclari-100x67.jpg 100w, https:\/\/sosyalevin.com\/blog\/wp-content\/uploads\/2021\/03\/en-populer-instagram-araclari-675x450.jpg 675w\" sizes=\"(max-width: 1024px) 100vw, 1024px\" \/><figcaption id=\"caption-attachment-756\" class=\"wp-caption-text\">Instagram Foto\u011fraf K\u0131rpmadan Nas\u0131l At\u0131l\u0131r?<\/figcaption><\/figure>\n<p><strong>Instagram Foto\u011fraflar\u0131 Tam Ekran Olur Mu?<\/strong><\/p>\n<p>Foto\u011fraf\u0131 k\u0131rpmadan tam boyutuyla payla\u015fmak Instagram i\u00e7in bir hayal olabilir. Geli\u015ftirilen ve Google Play \u00fczerinden \u00fccretsiz indirilen bir\u00e7ok sosyal medya geli\u015ftiricisi program bulunuyor. O halde hemen Instagram&#8217;a \u00f6zel olarak olu\u015fturulmu\u015f yaz\u0131l\u0131ma sahip uygulamalardan birisini se\u00e7erek foto\u011fraf\u0131n\u0131z\u0131 tam ekran s\u0131\u011fd\u0131rabilirsiniz.<\/p>\n<p><strong>Instagram Foto\u011fraf\u0131n\u0131 K\u0131rpma Sorunlar\u0131<\/strong><\/p>\n<p>Instagram&#8217;da gezintiye \u00e7\u0131karken dikkatinizi \u00e7ekmi\u015ftir. Bir\u00e7ok resim yar\u0131da kesilmi\u015f gibi ya da ayaklar \u00e7\u0131kmam\u0131\u015f olarak g\u00f6r\u00fcl\u00fcr. H\u00e2lbuki bir\u00e7ok g\u00f6rsel tam \u00e7\u0131kmal\u0131d\u0131r. Yanlardan, \u00fcstten ya da alttan derken bir bakm\u0131\u015fs\u0131n\u0131z foto\u011fraftan geriye bo\u015fluk kalm\u0131\u015f. No Crop Pic for Instagram adl\u0131 uygulamada foto\u011fraf\u0131n\u0131z\u0131 y\u00fckleyebilir, birden fazla foto\u011fraf\u0131 d\u00fczenleyerek toplu payla\u015fabilirsiniz.<\/p>\n<p><strong>Instagram Collage K\u0131rpmadan Payla\u015f\u0131l\u0131r M\u0131?<\/strong><\/p>\n<p>Birden fazla yani \u00e7oklu resimler payla\u015fmak Instagram&#8217;da kolay olacak. 10 tane resim birden payla\u015farak bir alb\u00fcm\u00fc kayd\u0131rma \u00f6zelli\u011fiyle takip\u00e7ilerinize sunabilirsiniz. Tek resimler y\u00fcz\u00fcnden binlerce ayr\u0131 resim profilinizi gereksiz yere kaplayabilir. \u015eimdi buna gerek kalmayacak ve t\u00fcm payla\u015f\u0131mlar\u0131n\u0131z\u0131 tek alb\u00fcmde k\u0131rpmadan payla\u015fabileceksiniz. Yeni teknoloji ile d\u00fc\u015f\u00fck maliyette t\u00fcm an\u0131lar\u0131 zaman kaybetmeden, an\u0131lar kaybolmadan payla\u015fabiliyorsunuz.<\/p>\n<p>Foto\u011fraf bask\u0131 maliyeti, bask\u0131 zaman\u0131 ya da pozun ziyan olmas\u0131 gibi durumlar ya\u015fanm\u0131yor. Instagram k\u0131rpma \u00f6zelli\u011fi kullanmasan\u0131z da uygulama sayesinde at\u0131l bir resim olmayacak. Birden fazla pozu hemen payla\u015facak, foto\u011fraf\u0131 kesmeyeceksiniz. Bir\u00e7ok kullan\u0131c\u0131 i\u00e7in fiziki foto\u011fraf\u0131 makasla kesmek kadar zor olan k\u0131rpma i\u015flemi tarihe kar\u0131\u015f\u0131yor.<\/p>\n<p><strong>Instagram Tam Ekran Uygulamas\u0131 \u00dccretli Mi?<\/strong><\/p>\n<p>Dijital d\u00f6nemin faydalar\u0131ndan birisi de hi\u00e7 para vermiyor olman\u0131zd\u0131r. Bir\u00e7ok uygulama Instagram uygulamas\u0131 gibi kazanc\u0131n\u0131 kullan\u0131c\u0131lar\u0131na mal etmiyor. Kar\u015f\u0131l\u0131ks\u0131z bir sevgi ile kullan\u0131c\u0131lar\u0131na yakla\u015fan Instagram, \u00f6zeliklerini durmadan geli\u015ftiriyor. Tam ekran uygulamas\u0131nda da buna istinaden \u00fccret al\u0131nm\u0131yor ancak k\u0131sac\u0131k reklamlar izlettiriyor.<\/p>\n<p>Her g\u00fczel \u015feyin bir bedeli olsa da siz bu bedeli saniyeler s\u00fcren reklam\u0131 izleyerek \u00f6d\u00fcyorsunuz. Kar\u015f\u0131l\u0131\u011f\u0131nda k\u0131rpmadan \u00f6zg\u00fcrce payla\u015f\u0131lan resimler, dokunulmayan an\u0131lar veriyor. Dahas\u0131 birden fazla resim i\u00e7in de bu imk\u00e2n\u0131 tan\u0131yarak, boyuta uygun bir payla\u015f\u0131m yapman\u0131za olanak tan\u0131yor.<\/p>\n","protected":false},"excerpt":{"rendered":"<p>Instagram payla\u015f\u0131m\u0131n\u0131 ister video isterseniz foto\u011fraflar aras\u0131ndan se\u00e7ebilirsiniz. Instagram Foto\u011fraf k\u0131rpmadan nas\u0131l at\u0131l\u0131r? sorusunu sizlere yan\u0131tl\u0131yoruz. Size \u00f6zel olan ve \u00f6nemi b\u00fcy\u00fck olan de\u011ferli payla\u015f\u0131mlar\u0131n\u0131z\u0131 Instagram da \u00f6nemsiyor. Payla\u015f\u0131m yaparken kullan\u0131c\u0131lar\u0131n dikkat etti\u011fi baz\u0131 detaylar oluyor. Netlik bunlardan bir tanesidir. Her zaman y\u00fckleme s\u0131ras\u0131nda netli\u011fin bozulmas\u0131, bulan\u0131k bir g\u00f6r\u00fcn\u00fcm olu\u015fmas\u0131 kullan\u0131c\u0131lar\u0131 rahats\u0131z eder. Bu sorunun &hellip;<\/p>\n","protected":false},"author":1,"featured_media":916,"comment_status":"open","ping_status":"open","sticky":false,"template":"","format":"standard","meta":{"footnotes":""},"categories":[74],"tags":[],"class_list":["post-915","post","type-post","status-publish","format-standard","has-post-thumbnail","hentry","category-instagram-destek"],"_links":{"self":[{"href":"https:\/\/sosyalevin.com\/blog\/wp-json\/wp\/v2\/posts\/915","targetHints":{"allow":["GET"]}}],"collection":[{"href":"https:\/\/sosyalevin.com\/blog\/wp-json\/wp\/v2\/posts"}],"about":[{"href":"https:\/\/sosyalevin.com\/blog\/wp-json\/wp\/v2\/types\/post"}],"author":[{"embeddable":true,"href":"https:\/\/sosyalevin.com\/blog\/wp-json\/wp\/v2\/users\/1"}],"replies":[{"embeddable":true,"href":"https:\/\/sosyalevin.com\/blog\/wp-json\/wp\/v2\/comments?post=915"}],"version-history":[{"count":1,"href":"https:\/\/sosyalevin.com\/blog\/wp-json\/wp\/v2\/posts\/915\/revisions"}],"predecessor-version":[{"id":6778,"href":"https:\/\/sosyalevin.com\/blog\/wp-json\/wp\/v2\/posts\/915\/revisions\/6778"}],"wp:featuredmedia":[{"embeddable":true,"href":"https:\/\/sosyalevin.com\/blog\/wp-json\/wp\/v2\/media\/916"}],"wp:attachment":[{"href":"https:\/\/sosyalevin.com\/blog\/wp-json\/wp\/v2\/media?parent=915"}],"wp:term":[{"taxonomy":"category","embeddable":true,"href":"https:\/\/sosyalevin.com\/blog\/wp-json\/wp\/v2\/categories?post=915"},{"taxonomy":"post_tag","embeddable":true,"href":"https:\/\/sosyalevin.com\/blog\/wp-json\/wp\/v2\/tags?post=915"}],"curies":[{"name":"wp","href":"https:\/\/api.w.org\/{rel}","templated":true}]}}