{"id":926,"date":"2021-05-31T11:03:24","date_gmt":"2021-05-31T08:03:24","guid":{"rendered":"https:\/\/sosyalevin.com\/blog\/?p=926"},"modified":"2025-12-22T19:50:15","modified_gmt":"2025-12-22T16:50:15","slug":"instagram-hikaye-fotograf-boyutu-ayarlama-nasil-yapilir","status":"publish","type":"post","link":"https:\/\/sosyalevin.com\/blog\/instagram-hikaye-fotograf-boyutu-ayarlama-nasil-yapilir\/","title":{"rendered":"Instagram Hikaye Foto\u011fraf Boyutu Ayarlama Nas\u0131l Yap\u0131l\u0131r?"},"content":{"rendered":"<p>Instagram hik\u00e2yenizde kullanabilece\u011finiz foto\u011fraf boyutunu ayarlarken elbette bilginizin olmas\u0131 gerekiyor. Aksi halde yanl\u0131\u015f y\u00fcklenen resimler, k\u00f6t\u00fc bir g\u00f6rsel ve d\u00fc\u015f\u00fck \u00e7\u00f6z\u00fcn\u00fcrl\u00fck ortaya \u00e7\u0131k\u0131yor. Sosyal medya hesaplar\u0131ndan birini ya da birka\u00e7\u0131n\u0131 kullan\u0131yorsan\u0131z ayn\u0131 payla\u015f\u0131mlar\u0131n aras\u0131nda bulunan netlik fark\u0131n\u0131 da g\u00f6rm\u00fc\u015fs\u00fcn\u00fczd\u00fcr. Bu fark rahats\u0131z edici bir boyuta ula\u015fabilir. Net ve tamamen do\u011fal olan foto\u011fraf\u0131n\u0131z sadece bir silueti an\u0131msatabilir. Peki, <strong><a href=\"https:\/\/sosyalevin.com\/\">\u0131nstagram<\/a> hikaye foto\u011fraf boyutu ayarlama nas\u0131l yap\u0131l\u0131r?<\/strong><\/p>\n<div id=\"ez-toc-container\" class=\"ez-toc-v2_0_82_2 counter-hierarchy ez-toc-counter ez-toc-grey ez-toc-container-direction\">\n<div class=\"ez-toc-title-container\"><p class=\"ez-toc-title\" style=\"cursor:inherit\">\u0130\u00e7indekiler<\/p>\n<\/div><nav><ul class='ez-toc-list ez-toc-list-level-1 ' ><li class='ez-toc-page-1 ez-toc-heading-level-2'><a class=\"ez-toc-link ez-toc-heading-1\" href=\"https:\/\/sosyalevin.com\/blog\/instagram-hikaye-fotograf-boyutu-ayarlama-nasil-yapilir\/#Instagram-Hikaye-Nedir\" >Instagram Hik\u00e2ye Nedir?<\/a><\/li><li class='ez-toc-page-1 ez-toc-heading-level-2'><a class=\"ez-toc-link ez-toc-heading-2\" href=\"https:\/\/sosyalevin.com\/blog\/instagram-hikaye-fotograf-boyutu-ayarlama-nasil-yapilir\/#Instagram-Fotograf-Boyutlari-Uygun-Degilse-Ne-Olur\" >Instagram Foto\u011fraf Boyutlar\u0131 Uygun De\u011filse Ne Olur?<\/a><\/li><li class='ez-toc-page-1 ez-toc-heading-level-2'><a class=\"ez-toc-link ez-toc-heading-3\" href=\"https:\/\/sosyalevin.com\/blog\/instagram-hikaye-fotograf-boyutu-ayarlama-nasil-yapilir\/#Instagram-Dikey-Fotograf-Boyutu\" >Instagram Dikey Foto\u011fraf Boyutu<\/a><\/li><li class='ez-toc-page-1 ez-toc-heading-level-2'><a class=\"ez-toc-link ez-toc-heading-4\" href=\"https:\/\/sosyalevin.com\/blog\/instagram-hikaye-fotograf-boyutu-ayarlama-nasil-yapilir\/#Instagram-Yatay-Fotograf-Boyutu\" >Instagram Yatay Foto\u011fraf Boyutu<\/a><\/li><li class='ez-toc-page-1 ez-toc-heading-level-2'><a class=\"ez-toc-link ez-toc-heading-5\" href=\"https:\/\/sosyalevin.com\/blog\/instagram-hikaye-fotograf-boyutu-ayarlama-nasil-yapilir\/#Instagram-Kare-Fotograf-Boyutu\" >Instagram Kare Foto\u011fraf Boyutu<\/a><\/li><li class='ez-toc-page-1 ez-toc-heading-level-2'><a class=\"ez-toc-link ez-toc-heading-6\" href=\"https:\/\/sosyalevin.com\/blog\/instagram-hikaye-fotograf-boyutu-ayarlama-nasil-yapilir\/#Instagram-Hikaye-Boyutu-Ayarlarken-Neler-Yapilmalidir\" >Instagram Hik\u00e2ye Boyutu Ayarlarken Neler Yap\u0131lmal\u0131d\u0131r?<\/a><\/li><\/ul><\/nav><\/div>\n<h2><span class=\"ez-toc-section\" id=\"Instagram-Hikaye-Nedir\"><\/span>Instagram Hik\u00e2ye Nedir?<span class=\"ez-toc-section-end\"><\/span><\/h2>\n<p>Instagram&#8217;\u0131n yakla\u015f\u0131k 10 \u00f6nemli \u00f6zelli\u011fi bulunuyor. Bu \u00f6zellikler aras\u0131nda en verimlisi g\u00fcncel olarak hik\u00e2ye diyebiliriz. Hik\u00e2yede, i\u015fletme ya da ki\u015fisel hesap payla\u015f\u0131mlar\u0131 yap\u0131l\u0131yor ve g\u00f6zlemlere g\u00f6re daha fazla ki\u015fi taraf\u0131ndan g\u00f6r\u00fcnt\u00fcleniyor.<\/p>\n<p>Hik\u00e2yenin bu kadar g\u00f6r\u00fcnt\u00fclenme nedeni kullan\u0131c\u0131lar\u0131n zaman kaybetmeden k\u0131sa s\u00fcrede daha fazla payla\u015f\u0131ma bakmak istemesinden kaynakl\u0131d\u0131r. Zaman de\u011ferli ve bir\u00e7ok kullan\u0131c\u0131 yolda ya da i\u015f yerinde Instagram&#8217;a k\u0131sa s\u00fcreli ba\u011flan\u0131r. Hik\u00e2ye k\u0131sm\u0131nda be\u011fenilen bir payla\u015f\u0131m kullan\u0131c\u0131lar\u0131n o hesaba girmesi anlam\u0131na gelir.<\/p>\n<h2><span class=\"ez-toc-section\" id=\"Instagram-Fotograf-Boyutlari-Uygun-Degilse-Ne-Olur\"><\/span>Instagram Foto\u011fraf Boyutlar\u0131 Uygun De\u011filse Ne Olur?<span class=\"ez-toc-section-end\"><\/span><\/h2>\n<p>Instagram payla\u015f\u0131mlar\u0131n\u0131n yatay, dikey ya da klasik kullan\u0131lan kare boyutunda olmas\u0131 dikkat edilmesi gerekenlerdendir. \u00d6ncelikle payla\u015f\u0131m\u0131n\u0131z\u0131n hangi ebatta olaca\u011f\u0131na karar vermek i\u00e7in hik\u00e2yede mi ak\u0131\u015fta m\u0131 payla\u015fmak istedi\u011finizi belirleyin. Ak\u0131\u015fta uygun olan bir foto\u011fraf boyutu hik\u00e2ye i\u00e7in uygun olmayabilir. Zaten ufak bir deneme ile ayn\u0131 resmi iki tarafta payla\u015ft\u0131\u011f\u0131n\u0131zda da g\u00f6rebilirsiniz.<\/p>\n<figure id=\"attachment_908\" aria-describedby=\"caption-attachment-908\" style=\"width: 1501px\" class=\"wp-caption aligncenter\"><img decoding=\"async\" class=\"wp-image-908 size-full\" src=\"https:\/\/sosyalevin.com\/blog\/wp-content\/uploads\/2021\/05\/instagram.jpg\" alt=\"Instagram Hikaye Foto\u011fraf Boyutu Ayarlama Nas\u0131l Yap\u0131l\u0131r?\" width=\"1501\" height=\"1208\" title=\"\" srcset=\"https:\/\/sosyalevin.com\/blog\/wp-content\/uploads\/2021\/05\/instagram.jpg 1501w, https:\/\/sosyalevin.com\/blog\/wp-content\/uploads\/2021\/05\/instagram-300x241.jpg 300w, https:\/\/sosyalevin.com\/blog\/wp-content\/uploads\/2021\/05\/instagram-1024x824.jpg 1024w, https:\/\/sosyalevin.com\/blog\/wp-content\/uploads\/2021\/05\/instagram-768x618.jpg 768w, https:\/\/sosyalevin.com\/blog\/wp-content\/uploads\/2021\/05\/instagram-100x80.jpg 100w, https:\/\/sosyalevin.com\/blog\/wp-content\/uploads\/2021\/05\/instagram-559x450.jpg 559w, https:\/\/sosyalevin.com\/blog\/wp-content\/uploads\/2021\/05\/instagram-1491x1200.jpg 1491w\" sizes=\"(max-width: 1501px) 100vw, 1501px\" \/><figcaption id=\"caption-attachment-908\" class=\"wp-caption-text\">Instagram Hikaye Foto\u011fraf Boyutu Ayarlama Nas\u0131l Yap\u0131l\u0131r?<\/figcaption><\/figure>\n<h2><span class=\"ez-toc-section\" id=\"Instagram-Dikey-Fotograf-Boyutu\"><\/span>Instagram Dikey Foto\u011fraf Boyutu<span class=\"ez-toc-section-end\"><\/span><\/h2>\n<p>Dikey \u00e7ekilen foto\u011fraflar i\u00e7in ak\u0131ll\u0131 cihaz\u0131n\u0131z\u0131n dikey olmas\u0131 gerekmiyor. D\u00fczenleme ile galeriden d\u00f6nd\u00fcr se\u00e7ene\u011fine t\u0131klayarak dikey boyuta getirebiliyorsunuz. Unutmaman\u0131z gereken olabildi\u011fince az d\u00fczenleme yapman\u0131zd\u0131r. Bu nedenle dikey foto\u011fraf istiyorsan\u0131z cihaz\u0131n\u0131z\u0131 dike y\u00f6nde tutarak orijinal \u00e7ekim yapmal\u0131s\u0131n\u0131z. Dikey foto\u011fraf boyutu portrait olarak da biliniyor. Portrait boyutlar ise 1080&#215;1350 olarak belirlenmi\u015ftir. Hik\u00e2ye k\u0131sm\u0131nda payla\u015f\u0131m yaparken de bu ebad\u0131 kullanabilirsiniz.<\/p>\n<h2><span class=\"ez-toc-section\" id=\"Instagram-Yatay-Fotograf-Boyutu\"><\/span>Instagram Yatay Foto\u011fraf Boyutu<span class=\"ez-toc-section-end\"><\/span><\/h2>\n<p>Yatay \u00e7ekim kullan\u0131m nedeni daha geni\u015f bir a\u00e7\u0131 alabilmek i\u00e7indir. Aile ya da manzara foto\u011fraflar\u0131n\u0131 \u00e7ekerken yatay boyut kullanmak ak\u0131ll\u0131ca olur. Instagram hik\u00e2ye payla\u015f\u0131m\u0131nda ise muhtemelen foto\u011fraf\u0131n yar\u0131s\u0131 kesilip gidecektir. Uygulama \u00fczerinden ayarlanan foto\u011fraf\u0131 payla\u015farak foto\u011fraf\u0131n tamam\u0131n\u0131 kullanabilirsiniz. Landscape boyutunu kullanman\u0131z halinde hik\u00e2yenizde tam verim alamayabilirsiniz.<\/p>\n<h2><span class=\"ez-toc-section\" id=\"Instagram-Kare-Fotograf-Boyutu\"><\/span>Instagram Kare Foto\u011fraf Boyutu<span class=\"ez-toc-section-end\"><\/span><\/h2>\n<p>Genel anlamda kullan\u0131lan bir boyut se\u00e7ene\u011fi olan kare ya da square boyutu 1080&#215;1080 \u00f6l\u00e7\u00fclerindedir. Bu \u00f6l\u00e7\u00fclerin avantajl\u0131 oldu\u011fu taraf foto\u011fraf\u0131n istenilen \u00f6l\u00e7\u00fclerde kullan\u0131labilir olmas\u0131d\u0131r. Kare foto\u011fraf \u00e7ekilerek ya da herhangi bir g\u00f6rseli kullanarak hik\u00e2yenizi hareketlendirebilirsiniz. \u0130\u015flem gerektirmeden payla\u015f\u0131m yapabilirsiniz. Instagram kare boyutunu tercih etti\u011finizde yer alan a\u00e7\u0131klama k\u0131sm\u0131n\u0131n alt tarafta oldu\u011funu bilmeniz gerekir.<\/p>\n<h2><span class=\"ez-toc-section\" id=\"Instagram-Hikaye-Boyutu-Ayarlarken-Neler-Yapilmalidir\"><\/span>Instagram Hik\u00e2ye Boyutu Ayarlarken Neler Yap\u0131lmal\u0131d\u0131r?<span class=\"ez-toc-section-end\"><\/span><\/h2>\n<p>Instagram payla\u015f\u0131m\u0131n\u0131z\u0131n video kapak resmini ya da foto\u011fraf se\u00e7iminizi belirlerken boyutun \u00f6nemini unutmay\u0131n. Boyut her alanda \u00f6nem arz ediyor. Takip\u00e7ilerin zamanla azalmas\u0131nda en b\u00fcy\u00fck etkenlerden birisi i\u00e7eri\u011fin amat\u00f6r olmas\u0131d\u0131r. Teknolojik geli\u015fmelere ek olarak Instagram destek b\u00f6l\u00fcm\u00fcnden t\u00fcm ara\u00e7lar\u0131 aktif kullanabilece\u011finiz bilgiler yer al\u0131yor. Art\u0131k siz de profesyonel bir foto\u011fraf\u00e7\u0131 gibi hem resim \u00e7ekecek hem de sunacaks\u0131n\u0131z.<\/p>\n<p><em>Instagram hik\u00e2yede boyut ayarlarken;<\/em><\/p>\n<ul>\n<li>Foto\u011fraf\u0131n dikey olmas\u0131na \u00f6zen g\u00f6sterin<\/li>\n<li>Foto\u011fraf\u0131 ortalay\u0131n<\/li>\n<li>Takip\u00e7ilerin ilk g\u00f6r\u00fc\u015f noktas\u0131n\u0131n orta k\u0131s\u0131m oldu\u011funu unutmay\u0131n<\/li>\n<li>Foto\u011fraf\u0131 ideal \u00f6l\u00e7\u00fc ile konumland\u0131r\u0131n<\/li>\n<li>Birka\u00e7 deneme payla\u015f\u0131m yap\u0131n<\/li>\n<\/ul>\n<p>Hik\u00e2yenizde her payla\u015f\u0131m yapt\u0131\u011f\u0131n\u0131zda daha \u00f6nceki hatalar\u0131n\u0131z\u0131 ke\u015ffedeceksiniz. Zamanla profesyonel i\u00e7erik \u00fcreticileri aras\u0131na gireceksiniz. Instagram faydalar\u0131ndan yararlanacak, hik\u00e2yeniz ile bol bol alk\u0131\u015f alacaks\u0131n\u0131z. Hik\u00e2yenize gelen olumlu tepkiler, sorulan sorular ve verdi\u011finiz cevaplar Instagram payla\u015f\u0131mlar\u0131n\u0131zda ba\u015far\u0131l\u0131 oldu\u011funuzun bir kan\u0131t\u0131 olacak.<\/p>\n<p>&nbsp;<\/p>\n","protected":false},"excerpt":{"rendered":"<p>Instagram hik\u00e2yenizde kullanabilece\u011finiz foto\u011fraf boyutunu ayarlarken elbette bilginizin olmas\u0131 gerekiyor. Aksi halde yanl\u0131\u015f y\u00fcklenen resimler, k\u00f6t\u00fc bir g\u00f6rsel ve d\u00fc\u015f\u00fck \u00e7\u00f6z\u00fcn\u00fcrl\u00fck ortaya \u00e7\u0131k\u0131yor. Sosyal medya hesaplar\u0131ndan birini ya da birka\u00e7\u0131n\u0131 kullan\u0131yorsan\u0131z ayn\u0131 payla\u015f\u0131mlar\u0131n aras\u0131nda bulunan netlik fark\u0131n\u0131 da g\u00f6rm\u00fc\u015fs\u00fcn\u00fczd\u00fcr. Bu fark rahats\u0131z edici bir boyuta ula\u015fabilir. Net ve tamamen do\u011fal olan foto\u011fraf\u0131n\u0131z sadece bir silueti &hellip;<\/p>\n","protected":false},"author":1,"featured_media":927,"comment_status":"open","ping_status":"open","sticky":false,"template":"","format":"standard","meta":{"footnotes":""},"categories":[74],"tags":[],"class_list":["post-926","post","type-post","status-publish","format-standard","has-post-thumbnail","hentry","category-instagram-destek"],"_links":{"self":[{"href":"https:\/\/sosyalevin.com\/blog\/wp-json\/wp\/v2\/posts\/926","targetHints":{"allow":["GET"]}}],"collection":[{"href":"https:\/\/sosyalevin.com\/blog\/wp-json\/wp\/v2\/posts"}],"about":[{"href":"https:\/\/sosyalevin.com\/blog\/wp-json\/wp\/v2\/types\/post"}],"author":[{"embeddable":true,"href":"https:\/\/sosyalevin.com\/blog\/wp-json\/wp\/v2\/users\/1"}],"replies":[{"embeddable":true,"href":"https:\/\/sosyalevin.com\/blog\/wp-json\/wp\/v2\/comments?post=926"}],"version-history":[{"count":1,"href":"https:\/\/sosyalevin.com\/blog\/wp-json\/wp\/v2\/posts\/926\/revisions"}],"predecessor-version":[{"id":6774,"href":"https:\/\/sosyalevin.com\/blog\/wp-json\/wp\/v2\/posts\/926\/revisions\/6774"}],"wp:featuredmedia":[{"embeddable":true,"href":"https:\/\/sosyalevin.com\/blog\/wp-json\/wp\/v2\/media\/927"}],"wp:attachment":[{"href":"https:\/\/sosyalevin.com\/blog\/wp-json\/wp\/v2\/media?parent=926"}],"wp:term":[{"taxonomy":"category","embeddable":true,"href":"https:\/\/sosyalevin.com\/blog\/wp-json\/wp\/v2\/categories?post=926"},{"taxonomy":"post_tag","embeddable":true,"href":"https:\/\/sosyalevin.com\/blog\/wp-json\/wp\/v2\/tags?post=926"}],"curies":[{"name":"wp","href":"https:\/\/api.w.org\/{rel}","templated":true}]}}