{"id":932,"date":"2021-06-02T09:58:41","date_gmt":"2021-06-02T06:58:41","guid":{"rendered":"https:\/\/sosyalevin.com\/blog\/?p=932"},"modified":"2025-12-22T19:50:15","modified_gmt":"2025-12-22T16:50:15","slug":"instagram-post-nedir","status":"publish","type":"post","link":"https:\/\/sosyalevin.com\/blog\/instagram-post-nedir\/","title":{"rendered":"Instagram Post Nedir? Post Payla\u015f\u0131rken Nelere Dikkat Edilmesi Gerekir?"},"content":{"rendered":"<p>Instagram kullanan ki\u015filer <strong>Instagram post nedir? <\/strong>Sorusunun cevab\u0131n\u0131 merak ediyor. Instagram uygulamas\u0131; foto\u011fraf, hikaye, video gibi payla\u015f\u0131mlar\u0131n yap\u0131ld\u0131\u011f\u0131 bir platformdur. Bu platform \u00e7ok say\u0131da kullan\u0131c\u0131ya hizmet verir. Olduk\u00e7a pop\u00fclerdir. Bu uygulaman\u0131n kendine \u00f6z bir dili vard\u0131r. Kullan\u0131lan post kelimesi asl\u0131nda payla\u015f\u0131lan g\u00f6nderi anlam\u0131na gelir. Bu i\u00e7eri\u011fimizde ayn\u0131 zamanda Instagram post payla\u015f\u0131rken nelere dikkat edilmesi gerekir beraber inceleyece\u011fiz.<\/p>\n<p>Bu post bir resim, video, karikat\u00fcr veya herhangi bir yaz\u0131 olabilir. Yani Instagram ana sayfas\u0131nda payla\u015f\u0131lan g\u00f6nderi i\u00e7in post ifadesi kullan\u0131l\u0131r. Instagram postu ba\u015fka kullan\u0131c\u0131lar taraf\u0131ndan be\u011feni al\u0131r. Ayr\u0131ca postun alt\u0131na yorumda yap\u0131labilir. Postun ald\u0131\u011f\u0131 be\u011feni ve yorum say\u0131s\u0131 takip\u00e7i kazanmak i\u00e7in \u00f6nemli bir unsurdur. Bu y\u00fczden uygulamaya at\u0131lan postlar\u0131n ilgi \u00e7ekici olmas\u0131nda fayda vard\u0131r.<\/p>\n<div id=\"ez-toc-container\" class=\"ez-toc-v2_0_82_2 counter-hierarchy ez-toc-counter ez-toc-grey ez-toc-container-direction\">\n<div class=\"ez-toc-title-container\"><p class=\"ez-toc-title\" style=\"cursor:inherit\">\u0130\u00e7indekiler<\/p>\n<\/div><nav><ul class='ez-toc-list ez-toc-list-level-1 ' ><li class='ez-toc-page-1 ez-toc-heading-level-2'><a class=\"ez-toc-link ez-toc-heading-1\" href=\"https:\/\/sosyalevin.com\/blog\/instagram-post-nedir\/#Instagram-Post-Nasil-Begenilir\" >Instagram Post Nas\u0131l Be\u011fenilir?<\/a><\/li><li class='ez-toc-page-1 ez-toc-heading-level-2'><a class=\"ez-toc-link ez-toc-heading-2\" href=\"https:\/\/sosyalevin.com\/blog\/instagram-post-nedir\/#Instagram-Post-Nasil-Paylasilir\" >Instagram Post Nas\u0131l Payla\u015f\u0131l\u0131r?<\/a><\/li><li class='ez-toc-page-1 ez-toc-heading-level-2'><a class=\"ez-toc-link ez-toc-heading-3\" href=\"https:\/\/sosyalevin.com\/blog\/instagram-post-nedir\/#Instagram-Post-Paylasirken-Nelere-Dikkat-Edilmesi-Gerekir\" >Instagram Post Payla\u015f\u0131rken Nelere Dikkat Edilmesi Gerekir?<\/a><\/li><li class='ez-toc-page-1 ez-toc-heading-level-2'><a class=\"ez-toc-link ez-toc-heading-4\" href=\"https:\/\/sosyalevin.com\/blog\/instagram-post-nedir\/#Instagram-Neden-Post-Paylasmiyor\" >Instagram Neden Post Payla\u015fm\u0131yor?<\/a><\/li><\/ul><\/nav><\/div>\n<h2><span class=\"ez-toc-section\" id=\"Instagram-Post-Nasil-Begenilir\"><\/span>Instagram Post Nas\u0131l Be\u011fenilir?<span class=\"ez-toc-section-end\"><\/span><\/h2>\n<p>Instagram post nedir sorusuna cevap verdikten sonra, bu postlarda i\u015flem yapmay\u0131 anlataca\u011f\u0131z. G\u00f6nderiyi be\u011fenmek ve alt\u0131na yorum b\u0131rakmak oluk\u00e7a kolayd\u0131r. Payla\u015f\u0131lan post takip\u00e7ilerinizin sayfas\u0131nda g\u00f6r\u00fcn\u00fcr. Onlarda postu be\u011fenerek size destek verir. Peki instagram post nas\u0131l be\u011fenilir?<\/p>\n<p><em>Instagram post be\u011feni i\u015flemi i\u00e7in yap\u0131lmas\u0131 gereken a\u015famalar \u015funlard\u0131r:<\/em><\/p>\n<ol>\n<li>Uygulamay\u0131 indirmek i\u00e7in <a href=\"https:\/\/play.google.com\/store\/apps\/details?id=com.instagram.android&amp;hl=tr&amp;gl=US\" target=\"_blank\" rel=\"noopener\">Google Play<\/a> veya <a href=\"https:\/\/apps.apple.com\/cy\/app\/instagram\/id389801252?l=tr\" target=\"_blank\" rel=\"nofollow noopener\">App Store<\/a> uygulamas\u0131 i\u015finize yarayacakt\u0131r.<\/li>\n<li>\u0130lk \u00f6nce kendinize yeni bir Instagram hesab\u0131 a\u00e7\u0131n.<\/li>\n<li>Sonra Instagram hesab\u0131n\u0131za giri\u015f yapmak i\u00e7in \u015fifrenizi kullan\u0131n. Uygulamaya giri\u015f yapm\u0131\u015f olacaks\u0131n\u0131z.<\/li>\n<li>Be\u011fenmek istedi\u011finiz postu inceleyin ve \u00fczerine iki kere t\u0131klay\u0131n. Postun alt\u0131ndaki kalp simgesine t\u0131klayarak da postu be\u011fenmek m\u00fcmk\u00fcnd\u00fcr.<\/li>\n<li>Postun alt\u0131na yorum b\u0131rakmak i\u00e7inde postun alt\u0131ndaki baloncuk simgesini kullan\u0131n. Baloncu\u011fa t\u0131klay\u0131n, istedi\u011finiz yaz\u0131y\u0131 veya simgeyi yorum olarak b\u0131rak\u0131n.<\/li>\n<\/ol>\n<p>Bu a\u015famalar s\u0131ras\u0131 ile yap\u0131ld\u0131\u011f\u0131 taktirde takip etti\u011finiz ki\u015filerin postlar\u0131n\u0131 be\u011fenmi\u015f olursunuz. Bu postlar arkada\u015fa, aileye veya herhangi bir \u00fcnl\u00fc ki\u015fiye ait olabilir.<\/p>\n<p><img decoding=\"async\" class=\"alignnone wp-image-1591 size-full\" src=\"https:\/\/sosyalevin.com\/blog\/wp-content\/uploads\/2021\/06\/instagram-post-nedir-instagram-post-paylasirken-nelere-dikkat-edilmesi-gerekir.png\" alt=\"Instagram Post Nedir? Instagram Post Payla\u015f\u0131l\u0131rken Nelere Dikkat Edilmesi Gerekir?\" width=\"1200\" height=\"628\" title=\"\" srcset=\"https:\/\/sosyalevin.com\/blog\/wp-content\/uploads\/2021\/06\/instagram-post-nedir-instagram-post-paylasirken-nelere-dikkat-edilmesi-gerekir.png 1200w, https:\/\/sosyalevin.com\/blog\/wp-content\/uploads\/2021\/06\/instagram-post-nedir-instagram-post-paylasirken-nelere-dikkat-edilmesi-gerekir-300x157.png 300w, https:\/\/sosyalevin.com\/blog\/wp-content\/uploads\/2021\/06\/instagram-post-nedir-instagram-post-paylasirken-nelere-dikkat-edilmesi-gerekir-1024x536.png 1024w, https:\/\/sosyalevin.com\/blog\/wp-content\/uploads\/2021\/06\/instagram-post-nedir-instagram-post-paylasirken-nelere-dikkat-edilmesi-gerekir-768x402.png 768w\" sizes=\"(max-width: 1200px) 100vw, 1200px\" \/><\/p>\n<h2><span class=\"ez-toc-section\" id=\"Instagram-Post-Nasil-Paylasilir\"><\/span>Instagram Post Nas\u0131l Payla\u015f\u0131l\u0131r?<span class=\"ez-toc-section-end\"><\/span><\/h2>\n<p>Kendi hesab\u0131n\u0131zdan g\u00f6nderi payla\u015fmak i\u00e7in baz\u0131 ad\u0131mlar\u0131 izlemeniz gerekir. \u00d6ncelikle uygulamaya giri\u015f yap\u0131n. Uygulaman\u0131n alt ve orta k\u0131sm\u0131n da ekle ibaresi vard\u0131r. Buna t\u0131klay\u0131n ve galeri k\u0131sm\u0131ndan payla\u015faca\u011f\u0131n\u0131z foto\u011fraf\u0131 se\u00e7in. Yeni foto\u011fraf \u00e7ekmek i\u00e7in ise kameradan foto\u011fraf \u00e7ek k\u0131sm\u0131n\u0131 bulun ve t\u0131klay\u0131n.<\/p>\n<p>Ard\u0131ndan foto\u011fraf \u00fczerine eklemeler yap\u0131n. Efekt, ton, \u0131\u015f\u0131k ayar\u0131 gibi filtrelerle foto\u011fraf\u0131 daha estetik hale getirin. \u0130leri yazan ifadeye t\u0131klay\u0131n. \u0130ste\u011fe ba\u011fl\u0131 olarak konum b\u0131rak\u0131n veya istedi\u011finiz ki\u015fileri etiketleyin. En son a\u015fama olarak payla\u015f tu\u015funa bas\u0131n. Birazc\u0131k bekledikten sonra iste\u011finiz postu payla\u015fm\u0131\u015f olacaks\u0131n\u0131z. Payla\u015ft\u0131\u011f\u0131n\u0131z post se\u00e7ti\u011finiz ki\u015filer taraf\u0131ndan g\u00f6r\u00fcl\u00fcr. \u0130zin vermedi\u011finiz ki\u015filer payla\u015ft\u0131\u011f\u0131n\u0131z i\u00e7erikleri g\u00f6remez.<\/p>\n<h2><span class=\"ez-toc-section\" id=\"Instagram-Post-Paylasirken-Nelere-Dikkat-Edilmesi-Gerekir\"><\/span>Instagram Post Payla\u015f\u0131rken Nelere Dikkat Edilmesi Gerekir?<span class=\"ez-toc-section-end\"><\/span><\/h2>\n<p>Instagram postlar\u0131n\u0131 payla\u015fmadan \u00f6nce baz\u0131 konulara dikkat edilmesi gerekir.<\/p>\n<p><em>Instagram post payla\u015f\u0131rken belere dikkat edilmesi gerekir beraber inceleyelim. Dikkat edilmesi gerekenler \u015funlard\u0131r:<\/em><\/p>\n<ul>\n<li>Postun i\u00e7eri\u011finin zengin olmas\u0131 gerekir. Foto\u011fraf veya video atmadan \u00f6nce etkileyici efektler ile postu ilgi \u00e7ekici hale getirin.<\/li>\n<li>Posta yorum gelmesini istemiyorsan\u0131z yorumlar\u0131 kapat\u0131n.<\/li>\n<li>Be\u011feni say\u0131s\u0131n\u0131n daha fazla olmas\u0131 i\u00e7in postun alt\u0131nda hashtag kullan\u0131n.<\/li>\n<li>Ak\u015fam payla\u015f\u0131lan g\u00f6nderiler sabaha oranla daha fazla be\u011feni al\u0131r. Postlar\u0131 ak\u015fam vakitlerinde Instagram&#8217;a y\u00fckleyin.<\/li>\n<\/ul>\n<p>Bunlara dikkat edildi\u011fi taktirde payla\u015f\u0131lan postlar daha fazla etkile\u015fim al\u0131r. Postun i\u00e7eri\u011fi izlenme say\u0131s\u0131n\u0131 art\u0131r\u0131r. Bu y\u00fczden payla\u015f\u0131lan i\u00e7eriklerin zengin ve \u00f6zg\u00fcn olmas\u0131na dikkat edin.<\/p>\n<p><iframe loading=\"lazy\" title=\"Instagram&#039;da Kaliteli Payla\u015f\u0131m Yapma | Instagram Algoritmas\u0131\" width=\"500\" height=\"281\" src=\"https:\/\/www.youtube.com\/embed\/Vu1j0RaaVK8?feature=oembed\" frameborder=\"0\" allow=\"accelerometer; autoplay; clipboard-write; encrypted-media; gyroscope; picture-in-picture; web-share\" referrerpolicy=\"strict-origin-when-cross-origin\" allowfullscreen><\/iframe><\/p>\n<h2><span class=\"ez-toc-section\" id=\"Instagram-Neden-Post-Paylasmiyor\"><\/span>Instagram Neden Post Payla\u015fm\u0131yor?<span class=\"ez-toc-section-end\"><\/span><\/h2>\n<p>Uygulama \u00fczerinde yap\u0131lan hatalardan ve kullan\u0131m \u015feklinden dolay\u0131 post payla\u015fam\u0131yor olma ihtimaliniz y\u00fcksektir. Kullan\u0131lan cihaz\u0131n haf\u0131zas\u0131n\u0131n dolu olmamas\u0131 gerekir. Haf\u0131zas\u0131 dolu cihazlar daha yava\u015f \u00e7al\u0131\u015f\u0131r ve Instagram haf\u0131zas\u0131n\u0131n da dolmas\u0131na neden olur. Bu y\u00fczden foto\u011fraf payla\u015fma konusunda baz\u0131 s\u0131k\u0131nt\u0131lar ya\u015fan\u0131r.<\/p>\n<p>B\u00f6yle bir durumda telefon haf\u0131zas\u0131n\u0131 bo\u015faltmak ve verileri korumak gerekir. Uygulama s\u00fcrekli kendini yeniliyor. Yenilikleri takip etmek ve g\u00fcncellemeleri zaman\u0131nda yapmak gerekir. G\u00fcncellemeler uygulaman\u0131n daha h\u0131zl\u0131 \u00e7al\u0131\u015fmas\u0131na ve yeni gelen yeniliklere kolay \u015fekilde eri\u015fmeye yard\u0131mc\u0131 olan bir i\u015flemdir.<\/p>\n","protected":false},"excerpt":{"rendered":"<p>Instagram kullanan ki\u015filer Instagram post nedir? Sorusunun cevab\u0131n\u0131 merak ediyor. Instagram uygulamas\u0131; foto\u011fraf, hikaye, video gibi payla\u015f\u0131mlar\u0131n yap\u0131ld\u0131\u011f\u0131 bir platformdur. Bu platform \u00e7ok say\u0131da kullan\u0131c\u0131ya hizmet verir. Olduk\u00e7a pop\u00fclerdir. Bu uygulaman\u0131n kendine \u00f6z bir dili vard\u0131r. Kullan\u0131lan post kelimesi asl\u0131nda payla\u015f\u0131lan g\u00f6nderi anlam\u0131na gelir. Bu i\u00e7eri\u011fimizde ayn\u0131 zamanda Instagram post payla\u015f\u0131rken nelere dikkat edilmesi gerekir &hellip;<\/p>\n","protected":false},"author":1,"featured_media":933,"comment_status":"open","ping_status":"open","sticky":false,"template":"","format":"standard","meta":{"footnotes":""},"categories":[74],"tags":[],"class_list":["post-932","post","type-post","status-publish","format-standard","has-post-thumbnail","hentry","category-instagram-destek"],"_links":{"self":[{"href":"https:\/\/sosyalevin.com\/blog\/wp-json\/wp\/v2\/posts\/932","targetHints":{"allow":["GET"]}}],"collection":[{"href":"https:\/\/sosyalevin.com\/blog\/wp-json\/wp\/v2\/posts"}],"about":[{"href":"https:\/\/sosyalevin.com\/blog\/wp-json\/wp\/v2\/types\/post"}],"author":[{"embeddable":true,"href":"https:\/\/sosyalevin.com\/blog\/wp-json\/wp\/v2\/users\/1"}],"replies":[{"embeddable":true,"href":"https:\/\/sosyalevin.com\/blog\/wp-json\/wp\/v2\/comments?post=932"}],"version-history":[{"count":1,"href":"https:\/\/sosyalevin.com\/blog\/wp-json\/wp\/v2\/posts\/932\/revisions"}],"predecessor-version":[{"id":6772,"href":"https:\/\/sosyalevin.com\/blog\/wp-json\/wp\/v2\/posts\/932\/revisions\/6772"}],"wp:featuredmedia":[{"embeddable":true,"href":"https:\/\/sosyalevin.com\/blog\/wp-json\/wp\/v2\/media\/933"}],"wp:attachment":[{"href":"https:\/\/sosyalevin.com\/blog\/wp-json\/wp\/v2\/media?parent=932"}],"wp:term":[{"taxonomy":"category","embeddable":true,"href":"https:\/\/sosyalevin.com\/blog\/wp-json\/wp\/v2\/categories?post=932"},{"taxonomy":"post_tag","embeddable":true,"href":"https:\/\/sosyalevin.com\/blog\/wp-json\/wp\/v2\/tags?post=932"}],"curies":[{"name":"wp","href":"https:\/\/api.w.org\/{rel}","templated":true}]}}