{"id":965,"date":"2021-06-16T10:54:18","date_gmt":"2021-06-16T07:54:18","guid":{"rendered":"https:\/\/sosyalevin.com\/blog\/?p=965"},"modified":"2025-12-22T19:50:14","modified_gmt":"2025-12-22T16:50:14","slug":"instagramda-nasil-reklam-verebilirim","status":"publish","type":"post","link":"https:\/\/sosyalevin.com\/blog\/instagramda-nasil-reklam-verebilirim\/","title":{"rendered":"Instagramda Nas\u0131l Reklam Verebilirim?"},"content":{"rendered":"<p>Sosyal medya kullananlar\u0131n say\u0131s\u0131 her ge\u00e7en g\u00fcn art\u0131yor. \u00d6zellikle salg\u0131n d\u00f6neminde bu art\u0131\u015f \u00e7ok daha fazla oldu. Bunun en \u00f6nemli nedenlerinden birisinin, sosyal medyan\u0131n g\u00fcc\u00fcn\u00fcn her ge\u00e7en g\u00fcn daha y\u00fckse\u011fe ula\u015fmas\u0131 oldu\u011fu d\u00fc\u015f\u00fcn\u00fcl\u00fcnce, binlerce hatta milyonlarca insan\u0131n hakl\u0131 oldu\u011fu ortaya \u00e7\u0131k\u0131yor.<\/p>\n<p>Bununla birlikte art\u0131k k\u00fc\u00e7\u00fck ve b\u00fcy\u00fck t\u00fcm i\u015fletmeler de ayn\u0131 \u015fekilde sosyal medyan\u0131n g\u00fcc\u00fcnden faydalanmaya ba\u015fl\u0131yor. Bir\u00e7ok firma \u00e7e\u015fitli sosyal medya platformlar\u0131nda \u00e7e\u015fitli reklamlar veriyor ve \u00fcr\u00fcnlerinin ya da hizmetlerinin tan\u0131t\u0131m\u0131n\u0131 yap\u0131yor. En \u00e7ok reklam verilen platformlardan birisi de Instagram.<\/p>\n<p>Hem bireysel olarak, hem de firma bazl\u0131 olarak pek \u00e7ok ki\u015fi her g\u00fcn burada reklam veriyor. Peki, Instagramda nas\u0131l reklam verilir? Instagramda reklam vermek i\u00e7in neler gereklidir? \u0130\u015fte <strong><a href=\"https:\/\/sosyalevin.com\/\">\u0131nstagramda<\/a> nas\u0131l reklam verebilirim? <\/strong>Sorusunun cevab\u0131.<\/p>\n<div id=\"ez-toc-container\" class=\"ez-toc-v2_0_82_2 counter-hierarchy ez-toc-counter ez-toc-grey ez-toc-container-direction\">\n<div class=\"ez-toc-title-container\"><p class=\"ez-toc-title\" style=\"cursor:inherit\">\u0130\u00e7indekiler<\/p>\n<\/div><nav><ul class='ez-toc-list ez-toc-list-level-1 ' ><li class='ez-toc-page-1 ez-toc-heading-level-2'><a class=\"ez-toc-link ez-toc-heading-1\" href=\"https:\/\/sosyalevin.com\/blog\/instagramda-nasil-reklam-verebilirim\/#Instagramda-Reklam-Vermek-Icin-Neler-Gerekli\" >Instagramda Reklam Vermek \u0130\u00e7in Neler Gerekli?<\/a><\/li><li class='ez-toc-page-1 ez-toc-heading-level-2'><a class=\"ez-toc-link ez-toc-heading-2\" href=\"https:\/\/sosyalevin.com\/blog\/instagramda-nasil-reklam-verebilirim\/#Instagrama-Nasil-Reklam-Verilir\" >Instagrama Nas\u0131l Reklam Verilir?<\/a><\/li><\/ul><\/nav><\/div>\n<h2><span class=\"ez-toc-section\" id=\"Instagramda-Reklam-Vermek-Icin-Neler-Gerekli\"><\/span>Instagramda Reklam Vermek \u0130\u00e7in Neler Gerekli?<span class=\"ez-toc-section-end\"><\/span><\/h2>\n<p>Instagram&#8217;da reklam verebilmek i\u00e7in \u00f6ncelikle iki \u015feye ihtiya\u00e7 var.<\/p>\n<ul>\n<li>Instagram hesab\u0131n\u0131z\u0131n tan\u0131ml\u0131 oldu\u011fu Facebook sayfas\u0131<\/li>\n<li>Facebook reklam hesab\u0131<\/li>\n<\/ul>\n<h2><span class=\"ez-toc-section\" id=\"Instagrama-Nasil-Reklam-Verilir\"><\/span>Instagrama Nas\u0131l Reklam Verilir?<span class=\"ez-toc-section-end\"><\/span><\/h2>\n<p><em>Instagram&#8217;da reklam vermek i\u00e7in takip etmeniz gereken ad\u0131mlar \u015funlard\u0131r:<\/em><\/p>\n<ul>\n<li>\u0130lk ad\u0131m olarak; Facebook hesab\u0131n\u0131zdan &#8221; Panel Y\u00f6neticisi &#8221; b\u00f6l\u00fcm\u00fcne giri\u015f yap\u0131n. Daha sonra burada ki reklam olu\u015ftur butonuna t\u0131klay\u0131n.<\/li>\n<li>Bir sonra ki ad\u0131mda ise; reklam\u0131 hangi ama\u00e7la ya da neden vermek istedi\u011finize karar vermek i\u00e7in, mevcut reklam t\u00fcrlerinden birisini se\u00e7in. E\u011fer ilk defa reklam verecekseniz ve bu konuda tecr\u00fcbeniz yoksa dikkat \u00e7ekici bir g\u00f6rsel \u00f6n plana \u00e7\u0131karmak i\u00e7in &#8221; Etkile\u015fim &#8221; butonunun alt\u0131nda ki &#8221; G\u00f6nderi Etkile\u015fimi &#8221; butonuna t\u0131klay\u0131p daha \u00f6nce Facebook sayfan\u0131zda yay\u0131nlad\u0131\u011f\u0131n\u0131z bir reklam\u0131n g\u00f6rselini sayfan\u0131za aktarabilirsiniz.<\/li>\n<li>Etkile\u015fim reklam t\u00fcr\u00fc se\u00e7imini yapt\u0131ktan sonra, kar\u015f\u0131n\u0131za \u00e7\u0131kacak olan b\u00f6l\u00fcmden, reklam kampanyan\u0131z\u0131n ad\u0131n\u0131 belirleyin. E\u011fer birden fazla reklam vermek ve belirli kriterlere g\u00f6re m\u00fc\u015fteri portf\u00f6y\u00fc olu\u015fturmak d\u00fc\u015f\u00fcnceniz varsa, buna uygun bir isim girmenizde fayda var.<\/li>\n<li>Bu i\u015flemleri tamamlad\u0131ktan sonra, &#8221; devam &#8221; butonuna t\u0131klay\u0131p, reklam hedefleme b\u00f6l\u00fcm\u00fcne ge\u00e7in.<\/li>\n<li>Bir sonra ki ad\u0131mda ise; reklam\u0131n\u0131z\u0131n hangi b\u00f6lgede ve kimlere g\u00f6sterilece\u011fini belirleyin. \u00d6rne\u011fin reklam\u0131n\u0131z\u0131n T\u00fcrkiye&#8217;nin tamam\u0131nda g\u00f6sterilmesini istiyorsan\u0131z, se\u00e7iminizi buna g\u00f6re yapabilirsiniz. Bir di\u011fer se\u00e7enek olarak da reklam alan\u0131n\u0131 belirli bir b\u00f6lge olarak belirleyebilirsiniz. Bu durumda reklam\u0131n\u0131z sadece &#8221; \u0130zmir &#8221; ya da &#8221; \u0130stanbul &#8221; b\u00f6lgesinde g\u00f6sterilecektir<\/li>\n<li>Ayr\u0131ca reklam\u0131n\u0131z\u0131n hedef kitlesini ve bu hedef kitlenin ya\u015f aral\u0131\u011f\u0131n\u0131, cinsiyetini bu b\u00f6l\u00fcmde belirleyebilirsiniz.<\/li>\n<li>Bu hedef kitlesini daha sonra da kullanmak isterseniz, kaydedebilirsiniz.<\/li>\n<li>Verece\u011finiz reklamlar\u0131n t\u00fcm sosyal medya platformlar\u0131 yerine, sadece Instagram ve Facebook&#8217;da g\u00f6r\u00fcnmesini istiyorsan\u0131z e\u011fer, bu b\u00f6l\u00fcm\u00fc i\u015faretleyerek, kar\u015f\u0131n\u0131za \u00e7\u0131kan &#8221; Platformlar &#8221; b\u00f6l\u00fcm\u00fcnden gerekli ayarlamay\u0131 yapabilirsiniz. Bu b\u00f6l\u00fcmde cihaz t\u00fcrlerini de belirlemek m\u00fcmk\u00fcn.<\/li>\n<li>S\u0131ra geldi reklam b\u00fct\u00e7esinin belirlenmesine. Bunun i\u00e7in &#8221; g\u00fcnl\u00fck b\u00fct\u00e7e &#8221; yada &#8221; toplam b\u00fct\u00e7e &#8221; se\u00e7eneklerinden birisini i\u015faretleyebilir, ve b\u00fct\u00e7e ayarlamas\u0131 yapabilirsiniz. Fakat her iki se\u00e7enek i\u00e7in de minimum 5 TL alt\u0131na d\u00fc\u015fmemeye dikkat edin.<\/li>\n<li>Reklam\u0131n\u0131zla ilgili s\u00fcreyi de yine bu b\u00f6l\u00fcmden ayarlayabilirsiniz. Yani reklam\u0131n hangi saat ba\u015flayaca\u011f\u0131 ve hangi saat bitece\u011fi, hangi g\u00fcnlerde g\u00f6sterilece\u011fi gibi ayarlamalar\u0131 buradan yapabilirsiniz.<\/li>\n<\/ul>\n<ul>\n<li>Vermi\u015f oldu\u011funuz reklamla ilgili \u00fccretlendirme ayarlamas\u0131n\u0131 da buradan belirleyebilirsiniz.<\/li>\n<li>Instagram&#8217;da yay\u0131nlanacak olan reklam\u0131n g\u00fcn\u00fcn tamam\u0131nda m\u0131 yoksa belirli bir saatinde mi yay\u0131nlanmas\u0131n\u0131 belirlemek de yine sizin elinizde. Bu b\u00f6l\u00fcmden gerekli ayarlamalar\u0131 yaparak, bu konuda bir strateji olu\u015fturabilirsiniz.<\/li>\n<li>Son olarak; reklam\u0131n\u0131zla ilgili g\u00f6rsel boyutu, \u00e7\u00f6z\u00fcn\u00fcrl\u00fck ve piksel gibi ayarlamalar\u0131 yapt\u0131ktan sonra &#8221; sipari\u015f ver &#8221; butonuna t\u0131klay\u0131p, reklam\u0131n\u0131z\u0131n sipari\u015fini verebilirsiniz. Reklam\u0131n\u0131z; ortalama 15-20 dakika i\u00e7inde incelenip size geri d\u00f6n\u00fc\u015f yap\u0131lacakt\u0131r.<\/li>\n<\/ul>\n","protected":false},"excerpt":{"rendered":"<p>Sosyal medya kullananlar\u0131n say\u0131s\u0131 her ge\u00e7en g\u00fcn art\u0131yor. \u00d6zellikle salg\u0131n d\u00f6neminde bu art\u0131\u015f \u00e7ok daha fazla oldu. Bunun en \u00f6nemli nedenlerinden birisinin, sosyal medyan\u0131n g\u00fcc\u00fcn\u00fcn her ge\u00e7en g\u00fcn daha y\u00fckse\u011fe ula\u015fmas\u0131 oldu\u011fu d\u00fc\u015f\u00fcn\u00fcl\u00fcnce, binlerce hatta milyonlarca insan\u0131n hakl\u0131 oldu\u011fu ortaya \u00e7\u0131k\u0131yor. Bununla birlikte art\u0131k k\u00fc\u00e7\u00fck ve b\u00fcy\u00fck t\u00fcm i\u015fletmeler de ayn\u0131 \u015fekilde sosyal medyan\u0131n g\u00fcc\u00fcnden &hellip;<\/p>\n","protected":false},"author":1,"featured_media":791,"comment_status":"open","ping_status":"open","sticky":false,"template":"","format":"standard","meta":{"footnotes":""},"categories":[74],"tags":[],"class_list":["post-965","post","type-post","status-publish","format-standard","has-post-thumbnail","hentry","category-instagram-destek"],"_links":{"self":[{"href":"https:\/\/sosyalevin.com\/blog\/wp-json\/wp\/v2\/posts\/965","targetHints":{"allow":["GET"]}}],"collection":[{"href":"https:\/\/sosyalevin.com\/blog\/wp-json\/wp\/v2\/posts"}],"about":[{"href":"https:\/\/sosyalevin.com\/blog\/wp-json\/wp\/v2\/types\/post"}],"author":[{"embeddable":true,"href":"https:\/\/sosyalevin.com\/blog\/wp-json\/wp\/v2\/users\/1"}],"replies":[{"embeddable":true,"href":"https:\/\/sosyalevin.com\/blog\/wp-json\/wp\/v2\/comments?post=965"}],"version-history":[{"count":1,"href":"https:\/\/sosyalevin.com\/blog\/wp-json\/wp\/v2\/posts\/965\/revisions"}],"predecessor-version":[{"id":6757,"href":"https:\/\/sosyalevin.com\/blog\/wp-json\/wp\/v2\/posts\/965\/revisions\/6757"}],"wp:featuredmedia":[{"embeddable":true,"href":"https:\/\/sosyalevin.com\/blog\/wp-json\/wp\/v2\/media\/791"}],"wp:attachment":[{"href":"https:\/\/sosyalevin.com\/blog\/wp-json\/wp\/v2\/media?parent=965"}],"wp:term":[{"taxonomy":"category","embeddable":true,"href":"https:\/\/sosyalevin.com\/blog\/wp-json\/wp\/v2\/categories?post=965"},{"taxonomy":"post_tag","embeddable":true,"href":"https:\/\/sosyalevin.com\/blog\/wp-json\/wp\/v2\/tags?post=965"}],"curies":[{"name":"wp","href":"https:\/\/api.w.org\/{rel}","templated":true}]}}