{"id":969,"date":"2021-06-17T10:31:22","date_gmt":"2021-06-17T07:31:22","guid":{"rendered":"https:\/\/sosyalevin.com\/blog\/?p=969"},"modified":"2025-12-22T19:50:14","modified_gmt":"2025-12-22T16:50:14","slug":"instagramda-tam-ekran-nasil-yapilir","status":"publish","type":"post","link":"https:\/\/sosyalevin.com\/blog\/instagramda-tam-ekran-nasil-yapilir\/","title":{"rendered":"Instagramda Tam Ekran Nas\u0131l Yap\u0131l\u0131r?"},"content":{"rendered":"<p>T\u00fcm zamanlar\u0131n ve \u00f6yle g\u00f6z\u00fck\u00fcyor ki yeni \u00f6zellikleriyle gelece\u011fin en sevilen sosyal a\u011f\u0131 Instagram&#8217;da payla\u015f\u0131mlar\u0131n\u0131z\u0131 tam ekran yapabileceksiniz. Peki, <strong>Instagramda tam ekran nas\u0131l yap\u0131l\u0131r?<\/strong> Gelin beraber inceleyelim.<\/p>\n<p>Foto\u011fraflar\u0131n\u0131z\u0131 k\u0131rpmaya k\u0131yam\u0131yor ve tam ekran kullan\u0131m\u0131 yapmak istiyorsan\u0131z sizlere baz\u0131 ad\u0131mlar sunaca\u011f\u0131z. Kullan\u0131c\u0131lar Instagram&#8217;\u0131 kulland\u0131k\u00e7a ve yeni g\u00fcncellemelerle daha fayda g\u00f6rd\u00fck\u00e7e yenilerini istiyorlar. Baz\u0131 \u00f6zellikler i\u00e7in taleplerde bulunarak Instagram&#8217;\u0131n geli\u015fimine katk\u0131da bulunuyorlar. Bunlardan birisi de tam ekran sorunudur.<\/p>\n<p><img decoding=\"async\" class=\"alignnone wp-image-1755 size-full\" src=\"https:\/\/sosyalevin.com\/blog\/wp-content\/uploads\/2021\/06\/instagram-tam-ekran-nasil-yapilir.jpg\" alt=\"Instagram Tam Ekran Nas\u0131l Yap\u0131l\u0131r\" width=\"1910\" height=\"1000\" title=\"\" srcset=\"https:\/\/sosyalevin.com\/blog\/wp-content\/uploads\/2021\/06\/instagram-tam-ekran-nasil-yapilir.jpg 1910w, https:\/\/sosyalevin.com\/blog\/wp-content\/uploads\/2021\/06\/instagram-tam-ekran-nasil-yapilir-300x157.jpg 300w, https:\/\/sosyalevin.com\/blog\/wp-content\/uploads\/2021\/06\/instagram-tam-ekran-nasil-yapilir-1024x536.jpg 1024w, https:\/\/sosyalevin.com\/blog\/wp-content\/uploads\/2021\/06\/instagram-tam-ekran-nasil-yapilir-768x402.jpg 768w, https:\/\/sosyalevin.com\/blog\/wp-content\/uploads\/2021\/06\/instagram-tam-ekran-nasil-yapilir-1536x804.jpg 1536w\" sizes=\"(max-width: 1910px) 100vw, 1910px\" \/><\/p>\n<div id=\"ez-toc-container\" class=\"ez-toc-v2_0_82_2 counter-hierarchy ez-toc-counter ez-toc-grey ez-toc-container-direction\">\n<div class=\"ez-toc-title-container\"><p class=\"ez-toc-title\" style=\"cursor:inherit\">\u0130\u00e7indekiler<\/p>\n<\/div><nav><ul class='ez-toc-list ez-toc-list-level-1 ' ><li class='ez-toc-page-1 ez-toc-heading-level-2'><a class=\"ez-toc-link ez-toc-heading-1\" href=\"https:\/\/sosyalevin.com\/blog\/instagramda-tam-ekran-nasil-yapilir\/#Neden-Tam-Ekran-Tercih-Edilir\" >Neden Tam Ekran Tercih Edilir?<\/a><\/li><li class='ez-toc-page-1 ez-toc-heading-level-2'><a class=\"ez-toc-link ez-toc-heading-2\" href=\"https:\/\/sosyalevin.com\/blog\/instagramda-tam-ekran-nasil-yapilir\/#Tam-Ekran-Icin-Bir-Uygulama-Var-Mi\" >Tam Ekran \u0130\u00e7in Bir Uygulama Var M\u0131?<\/a><\/li><li class='ez-toc-page-1 ez-toc-heading-level-2'><a class=\"ez-toc-link ez-toc-heading-3\" href=\"https:\/\/sosyalevin.com\/blog\/instagramda-tam-ekran-nasil-yapilir\/#Instagramda-Tam-Ekran-Nasil-Yapilir-No-Crop-Pic-for-Instagram\" >Instagramda Tam Ekran Nas\u0131l Yap\u0131l\u0131r? (No Crop Pic for Instagram)<\/a><\/li><li class='ez-toc-page-1 ez-toc-heading-level-2'><a class=\"ez-toc-link ez-toc-heading-4\" href=\"https:\/\/sosyalevin.com\/blog\/instagramda-tam-ekran-nasil-yapilir\/#Instagram-Tam-Ekran-Avantajlari\" >Instagram Tam Ekran Avantajlar\u0131<\/a><\/li><li class='ez-toc-page-1 ez-toc-heading-level-2'><a class=\"ez-toc-link ez-toc-heading-5\" href=\"https:\/\/sosyalevin.com\/blog\/instagramda-tam-ekran-nasil-yapilir\/#Instagram-Tam-Ekran-Paylasimi-Hikayede-Olur-Mu\" >Instagram Tam Ekran Payla\u015f\u0131m\u0131 Hik\u00e2yede Olur Mu?<\/a><\/li><\/ul><\/nav><\/div>\n<h2><span class=\"ez-toc-section\" id=\"Neden-Tam-Ekran-Tercih-Edilir\"><\/span>Neden Tam Ekran Tercih Edilir?<span class=\"ez-toc-section-end\"><\/span><\/h2>\n<p>Kullan\u0131c\u0131lar\u0131n Instagram&#8217;da g\u00fcncel payla\u015f\u0131mlar\u0131n\u0131 yapmak istemesi sorunlar\u0131 da beraberinde getiriyor. Bir resim payla\u015fmak i\u00e7in defalarca d\u00fczenleme, k\u0131rpma ya da efekt gibi detaylar\u0131n yap\u0131lmas\u0131 gerekebiliyor. Olduk\u00e7a b\u00fcy\u00fck ya da olduk\u00e7a k\u00fc\u00e7\u00fck olan foto\u011fraflar\u0131 tam ekran payla\u015fman\u0131n elbette yollar\u0131 var. Siz de foto\u011fraflar\u0131 bir t\u00fcrl\u00fc yerine oturtam\u0131yor, payla\u015f\u0131m yapmaktan geri duruyorsan\u0131z o halde yaz\u0131m\u0131z\u0131 dikkatlice okuyun. Art\u0131k payla\u015fmad\u0131\u011f\u0131n\u0131z bir an\u0131 kalmayacak.<\/p>\n<h2><span class=\"ez-toc-section\" id=\"Tam-Ekran-Icin-Bir-Uygulama-Var-Mi\"><\/span>Tam Ekran \u0130\u00e7in Bir Uygulama Var M\u0131?<span class=\"ez-toc-section-end\"><\/span><\/h2>\n<p>Instagram payla\u015f\u0131mlar\u0131n\u0131z\u0131 tam ekran yapabilmek bu aralar m\u00fcmk\u00fcn g\u00f6z\u00fckm\u00fcyor. Yine de Google Play gibi uygulama alanlar\u0131ndan baz\u0131 programlar\u0131 indirerek Instagram&#8217;da tam ekran payla\u015f\u0131m yapabiliyorsunuz. Uygulamalardan destek al\u0131rken \u00fccret \u00f6demiyorsunuz ancak reklam izlemeniz gerekebiliyor.<\/p>\n<h2><span class=\"ez-toc-section\" id=\"Instagramda-Tam-Ekran-Nasil-Yapilir-No-Crop-Pic-for-Instagram\"><\/span>Instagramda Tam Ekran Nas\u0131l Yap\u0131l\u0131r? (No Crop Pic for Instagram)<span class=\"ez-toc-section-end\"><\/span><\/h2>\n<p>Yepyeni bir uygulama bu b\u00fcy\u00fck gibi g\u00f6r\u00fcnen sorunu an\u0131nda \u00e7\u00f6z\u00fcme kavu\u015fturuyor. Instagram tam ekran yapma i\u015flemi i\u00e7in \u00d6ncelikle Google Play&#8217;den hemen program\u0131 indirin. \u00dccretsiz program\u0131 indirdikten sonra sizin i\u00e7in birka\u00e7 k\u00fc\u00e7\u00fck, payla\u015f\u0131m\u0131n\u0131z i\u00e7in b\u00fcy\u00fck bir ad\u0131m atacaks\u0131n\u0131z. Peki ya \u015fimdi Instagram tam ekran nas\u0131l yap\u0131l\u0131r? ad\u0131mlar\u0131 uygulayal\u0131m.<\/p>\n<p><em>No Crop Pic for Instagram;<\/em><\/p>\n<ul>\n<li>Start now mod\u00fcl\u00fcne t\u0131klay\u0131n<\/li>\n<li>Reklam\u0131 izleyin<\/li>\n<li>Reklam\u0131 kapat\u0131n<\/li>\n<li>Sol \u00fcst k\u0131s\u0131mda bulunan \u00fc\u00e7l\u00fc simgeyi t\u0131klay\u0131n<\/li>\n<li>Galeriden resim ekleyin<\/li>\n<li>Sa\u011f \u00fcst k\u0131s\u0131mda bulunan ok i\u015faretine bas\u0131n<\/li>\n<li>Payla\u015f\u0131m yapaca\u011f\u0131n\u0131z sosyal medya platformu Instagram&#8217;\u0131 se\u00e7in<\/li>\n<li>Instagram&#8217;da payla\u015f\u0131m\u0131n\u0131z\u0131 inceleyin<\/li>\n<\/ul>\n<p>Diledi\u011finiz zaman tam ekran resimlerinizi payla\u015farak farkl\u0131l\u0131k yaratacaks\u0131n\u0131z. Art\u0131k foto\u011fraflar\u0131n\u0131z\u0131 k\u0131rparak orijinali bozmayacaks\u0131n\u0131z. Foto\u011fraf \u00fczerinde oynama yapmadan an\u0131nda d\u00fczenleyeceksiniz. Ayn\u0131 zamanda tam ekran \u00f6zelli\u011fi d\u0131\u015f\u0131nda resim collage \u00f6zelli\u011fini de program sayesinde kullanabilirsiniz.<\/p>\n<p><iframe loading=\"lazy\" title=\"Instagram Tam ekran sorunu nas\u0131l \u00e7\u00f6z\u00fcl\u00fcr |Instagram app FullScreen Mode Problem Solved  FT X\u0130OAM\u0130\" width=\"500\" height=\"281\" src=\"https:\/\/www.youtube.com\/embed\/OuTfPzmr6f8?feature=oembed\" frameborder=\"0\" allow=\"accelerometer; autoplay; clipboard-write; encrypted-media; gyroscope; picture-in-picture; web-share\" referrerpolicy=\"strict-origin-when-cross-origin\" allowfullscreen><\/iframe><\/p>\n<h2><span class=\"ez-toc-section\" id=\"Instagram-Tam-Ekran-Avantajlari\"><\/span>Instagram Tam Ekran Avantajlar\u0131<span class=\"ez-toc-section-end\"><\/span><\/h2>\n<p>Foto\u011fraflar\u0131n her biri ayr\u0131 bir an\u0131ya \u015fahitlik yapar. Instagram&#8217;da her foto\u011fraf\u0131n\u0131z\u0131 payla\u015fmak isteseniz de bu \u00e7o\u011fu zaman m\u00fcmk\u00fcn olmaz. En sevdi\u011finiz resimleri elemek ise can\u0131n\u0131z\u0131 s\u0131kabilir. Bir nevi g\u00fcnl\u00fck haline gelen Instagram payla\u015f\u0131mlar\u0131 sayesinde diledi\u011finiz zaman ge\u00e7mi\u015fi an\u0131msayabilirsiniz.<\/p>\n<p>Tarih ve anl\u0131k payla\u015f\u0131m bilgileriyle diledi\u011finizde tekrar payla\u015f\u0131m yaparak ya da di\u011fer sosyal medya hesaplar\u0131n\u0131zda da payla\u015farak nostalji ya\u015fayabilirsiniz. Bu nedenle en b\u00fcy\u00fck avantaj\u0131 foto\u011fraflar i\u00e7erisinden eleme yapmadan bir b\u00fct\u00fcn olarak foto\u011fraflar\u0131n\u0131z\u0131 payla\u015fabilmenizdir.<\/p>\n<h2><span class=\"ez-toc-section\" id=\"Instagram-Tam-Ekran-Paylasimi-Hikayede-Olur-Mu\"><\/span>Instagram Tam Ekran Payla\u015f\u0131m\u0131 Hik\u00e2yede Olur Mu?<span class=\"ez-toc-section-end\"><\/span><\/h2>\n<p>Instagram hik\u00e2yenizde de istenilen boyutta payla\u015f\u0131m yapabilmek zordur. Tam ekran payla\u015f\u0131ma m\u00fcsaade etse de \u00e7ekime g\u00f6re bu boyut bazen yar\u0131s\u0131n\u0131 ifade eder. B\u00fcy\u00fctseniz de k\u00fc\u00e7\u00fcltseniz de bir k\u0131sm\u0131 kaybolup gidebilir. Instagram gibi sosyal medya hesab\u0131n\u0131z\u0131 en fazla kulland\u0131\u011f\u0131n\u0131z bir alandan tam ekran payla\u015f\u0131m yapmak sizi mutlu edecektir.<\/p>\n\n\t\t<div class=\"box note  \">\n\t\t\t<div class=\"box-inner-block\">\n\t\t\t\t<span class=\"fa tie-shortcode-boxicon\"><\/span>Organik takip\u00e7ilerden olu\u015fan hizmetlerimizi hemen incele! Kampanyalar\u0131m\u0131z\u0131 ka\u00e7\u0131rma. \u0130\u00e7eri\u011fe bu ba\u011flant\u0131dan ula\u015f: <a href=\"https:\/\/sosyalevin.com\/instagram-turk-takipci-satin-al\/\" target=\"_blank\" rel=\"noopener sponsored\">sosyalevin.com\/organik-takipci<\/a>\n\t\t\t<\/div>\n\t\t<\/div>\n\t\n<p>Tam ekran payla\u015f\u0131mlar\u0131nda dilerseniz gereken efektleri de seviye \u00f6zelli\u011fi ile olu\u015fturabilirsiniz. Tam ekranda ayarlanan ve seviye ile y\u00fckseltilen payla\u015f\u0131m\u0131n\u0131za dilerseniz hik\u00e2yenizde soru sor \u00f6zelli\u011fini ekleyebilirsiniz. B\u00f6ylelikle t\u00fcm \u00f6zelliklerden yararlan\u0131rken payla\u015f\u0131mlar\u0131n\u0131zdan bir \u015fey kaybetmezsiniz. Uygulamalar\u0131n daha keyifli hale gelmesi i\u00e7in tam kapasite kullan\u0131lmas\u0131 gerekebilir. Bu y\u00f6n\u00fcyle tam ekran, tam kapasite hizmet veren Instagram uygulamalar ile geli\u015ftiriliyor.<\/p>\n<p>Bir\u00e7ok uygulama sadece Instagram&#8217;a \u00f6zel baz\u0131 \u00f6zellikler \u00fcretiyor Instagram&#8217;da faydal\u0131 uygulamalar\u0131 sat\u0131n alarak b\u00fcnyesinde topluyor. Siz kullan\u0131c\u0131lar\u0131n g\u00f6r\u00fc\u015flerine \u00f6nem veriyor ve sorunlar\u0131 tek tek hallediyor. En fazla g\u00fcncelleme ve \u00f6zellik kazand\u0131ran sosyal medya a\u011flar\u0131 aras\u0131nda devle\u015fiyor.<\/p>\n","protected":false},"excerpt":{"rendered":"<p>T\u00fcm zamanlar\u0131n ve \u00f6yle g\u00f6z\u00fck\u00fcyor ki yeni \u00f6zellikleriyle gelece\u011fin en sevilen sosyal a\u011f\u0131 Instagram&#8217;da payla\u015f\u0131mlar\u0131n\u0131z\u0131 tam ekran yapabileceksiniz. Peki, Instagramda tam ekran nas\u0131l yap\u0131l\u0131r? Gelin beraber inceleyelim. Foto\u011fraflar\u0131n\u0131z\u0131 k\u0131rpmaya k\u0131yam\u0131yor ve tam ekran kullan\u0131m\u0131 yapmak istiyorsan\u0131z sizlere baz\u0131 ad\u0131mlar sunaca\u011f\u0131z. Kullan\u0131c\u0131lar Instagram&#8217;\u0131 kulland\u0131k\u00e7a ve yeni g\u00fcncellemelerle daha fayda g\u00f6rd\u00fck\u00e7e yenilerini istiyorlar. Baz\u0131 \u00f6zellikler i\u00e7in taleplerde &hellip;<\/p>\n","protected":false},"author":1,"featured_media":881,"comment_status":"open","ping_status":"closed","sticky":false,"template":"","format":"standard","meta":{"footnotes":""},"categories":[74],"tags":[],"class_list":["post-969","post","type-post","status-publish","format-standard","has-post-thumbnail","hentry","category-instagram-destek"],"_links":{"self":[{"href":"https:\/\/sosyalevin.com\/blog\/wp-json\/wp\/v2\/posts\/969","targetHints":{"allow":["GET"]}}],"collection":[{"href":"https:\/\/sosyalevin.com\/blog\/wp-json\/wp\/v2\/posts"}],"about":[{"href":"https:\/\/sosyalevin.com\/blog\/wp-json\/wp\/v2\/types\/post"}],"author":[{"embeddable":true,"href":"https:\/\/sosyalevin.com\/blog\/wp-json\/wp\/v2\/users\/1"}],"replies":[{"embeddable":true,"href":"https:\/\/sosyalevin.com\/blog\/wp-json\/wp\/v2\/comments?post=969"}],"version-history":[{"count":1,"href":"https:\/\/sosyalevin.com\/blog\/wp-json\/wp\/v2\/posts\/969\/revisions"}],"predecessor-version":[{"id":6756,"href":"https:\/\/sosyalevin.com\/blog\/wp-json\/wp\/v2\/posts\/969\/revisions\/6756"}],"wp:featuredmedia":[{"embeddable":true,"href":"https:\/\/sosyalevin.com\/blog\/wp-json\/wp\/v2\/media\/881"}],"wp:attachment":[{"href":"https:\/\/sosyalevin.com\/blog\/wp-json\/wp\/v2\/media?parent=969"}],"wp:term":[{"taxonomy":"category","embeddable":true,"href":"https:\/\/sosyalevin.com\/blog\/wp-json\/wp\/v2\/categories?post=969"},{"taxonomy":"post_tag","embeddable":true,"href":"https:\/\/sosyalevin.com\/blog\/wp-json\/wp\/v2\/tags?post=969"}],"curies":[{"name":"wp","href":"https:\/\/api.w.org\/{rel}","templated":true}]}}