{"id":998,"date":"2021-08-02T11:26:12","date_gmt":"2021-08-02T08:26:12","guid":{"rendered":"https:\/\/sosyalevin.com\/blog\/?p=998"},"modified":"2025-12-22T19:50:14","modified_gmt":"2025-12-22T16:50:14","slug":"facebook-canli-yayini-nasil-yapilir","status":"publish","type":"post","link":"https:\/\/sosyalevin.com\/blog\/facebook-canli-yayini-nasil-yapilir\/","title":{"rendered":"Facebook Canl\u0131 Yay\u0131n\u0131 Nas\u0131l Yap\u0131l\u0131r?"},"content":{"rendered":"<p>\u0130lk \u00e7\u0131kt\u0131\u011f\u0131nda bir arkada\u015fl\u0131k sitesi olarak \u00f6n plana \u00e7\u0131kan <a href=\"https:\/\/sosyalevin.com\/\">Facebook<\/a>, g\u00fcn\u00fcm\u00fcze gelinceye kadar yapt\u0131\u011f\u0131 g\u00fcncellemeler ile sosyal medya devi haline gelmi\u015ftir. Son d\u00f6nemlerde ise \u00f6n plana \u00e7\u0131kan bir ba\u015fka \u00f6zelli\u011fi ise canl\u0131 yay\u0131n \u00f6zelli\u011fidir. Facebook kullan\u0131c\u0131lar\u0131n\u0131n ilk akl\u0131na gelen <strong>Facebook canl\u0131 yay\u0131n nas\u0131l yap\u0131l\u0131r?<\/strong> Sorusudur. Bu konuda geni\u015f ara\u015ft\u0131rmalar yapma gere\u011fi duyan kullan\u0131c\u0131lar aray\u0131\u015f i\u00e7erisinde bulunmaktad\u0131r.<\/p>\n<div id=\"ez-toc-container\" class=\"ez-toc-v2_0_82_2 counter-hierarchy ez-toc-counter ez-toc-grey ez-toc-container-direction\">\n<div class=\"ez-toc-title-container\"><p class=\"ez-toc-title\" style=\"cursor:inherit\">\u0130\u00e7indekiler<\/p>\n<\/div><nav><ul class='ez-toc-list ez-toc-list-level-1 ' ><li class='ez-toc-page-1 ez-toc-heading-level-2'><a class=\"ez-toc-link ez-toc-heading-1\" href=\"https:\/\/sosyalevin.com\/blog\/facebook-canli-yayini-nasil-yapilir\/#Facebook-Canli-Yayin-Icin-Detaylar\" >Facebook Canl\u0131 Yay\u0131n \u0130\u00e7in Detaylar<\/a><\/li><li class='ez-toc-page-1 ez-toc-heading-level-2'><a class=\"ez-toc-link ez-toc-heading-2\" href=\"https:\/\/sosyalevin.com\/blog\/facebook-canli-yayini-nasil-yapilir\/#Canli-Yayinda-Gectikten-Sonra-Yapilacak-Ayarlar\" >Canl\u0131 Yay\u0131nda Ge\u00e7tikten Sonra Yap\u0131lacak Ayarlar<\/a><\/li><li class='ez-toc-page-1 ez-toc-heading-level-2'><a class=\"ez-toc-link ez-toc-heading-3\" href=\"https:\/\/sosyalevin.com\/blog\/facebook-canli-yayini-nasil-yapilir\/#Masaustu-Cihazlarda-Facebooktan-Canli-Yayin\" >Masa\u00fcst\u00fc Cihazlarda Facebook\u2019tan Canl\u0131 Yay\u0131n<\/a><\/li><li class='ez-toc-page-1 ez-toc-heading-level-2'><a class=\"ez-toc-link ez-toc-heading-4\" href=\"https:\/\/sosyalevin.com\/blog\/facebook-canli-yayini-nasil-yapilir\/#Facebook-Canli-Yayin-Hatalari-Ve-Cozum-Yollari\" >Facebook Canl\u0131 Yay\u0131n Hatalar\u0131 Ve \u00c7\u00f6z\u00fcm Yollar\u0131<\/a><\/li><\/ul><\/nav><\/div>\n<h2><span class=\"ez-toc-section\" id=\"Facebook-Canli-Yayin-Icin-Detaylar\"><\/span>Facebook Canl\u0131 Yay\u0131n \u0130\u00e7in Detaylar<span class=\"ez-toc-section-end\"><\/span><\/h2>\n<p>Canl\u0131 yay\u0131n \u00f6zelli\u011fini 2016 y\u0131l\u0131nda devreye alan Facebook kullan\u0131c\u0131lar\u0131na \u00f6nemli anlar\u0131n\u0131 canl\u0131 olarak payla\u015fmalar\u0131 imk\u00e2n\u0131 sunarak, ki\u015fisel yay\u0131n yapma f\u0131rsat\u0131 sa\u011flam\u0131\u015ft\u0131r. Bu sayede canl\u0131 yay\u0131n a\u00e7an kullan\u0131c\u0131lar d\u00fcnyan\u0131n neresinde olurlarsa olsunlar internet oldu\u011fu m\u00fcddet\u00e7e geni\u015f kitlelere hitap ederek, \u00f6nemli geli\u015fmeleri takip\u00e7ileri ile anl\u0131k payla\u015fabilir. Bu \u00f6zelli\u011fi hen\u00fcz kullanmayan kullan\u0131c\u0131lar i\u00e7in gerek ak\u0131ll\u0131 telefonlarda gerekse masa\u00fcst\u00fc cihazlarda nas\u0131l canl\u0131 yay\u0131n yap\u0131l\u0131r ad\u0131mlar\u0131n\u0131 okumalar\u0131 gerekir. T\u00fcm sorular\u0131n cevaplar\u0131n\u0131 bu yaz\u0131larda bulabilirler.<\/p>\n<p>\u0130nsan hayat\u0131na ak\u0131ll\u0131 telefonlar\u0131n girmesi ile birlikte bir\u00e7ok kullan\u0131c\u0131 \u00f6zellikle mobil cihazlarda Facebook canl\u0131 yay\u0131n yapma ihtiyac\u0131 hissetmi\u015ftir. Canl\u0131 yay\u0131n i\u00e7in herhangi bir programa ihtiya\u00e7 olmayan ve son derece basit olan canl\u0131 yay\u0131n ekleme i\u015flemi mobil cihazlarda nas\u0131l ger\u00e7ekle\u015fti\u011fini merak eden kullan\u0131c\u0131lar belli ba\u015fl\u0131 ad\u0131mlar\u0131 takip etmeleri gerekir.<\/p>\n<p><em>Bu ad\u0131mlar \u015f\u00f6yledir;<\/em><\/p>\n<ul>\n<li>Android veya \u0130os cihazda uygulama a\u00e7\u0131lmal\u0131<\/li>\n<li>Uygulama mevcut de\u011fil ise ma\u011faza \u00fczerinden ilgili uygulama indirilmeli<\/li>\n<li>Sayfan\u0131n \u00fcst k\u0131sm\u0131nda bulunan canl\u0131 butonuna bas\u0131lmal\u0131<\/li>\n<li>Canl\u0131 yay\u0131n ile ilgili ayarlar\u0131n yap\u0131lmas\u0131<\/li>\n<li>Canl\u0131 yay\u0131n i\u00e7in a\u00e7\u0131klama ekle butonu kullan\u0131larak a\u00e7\u0131klama girilmeli<\/li>\n<li>Kime butonu kullan\u0131larak, yay\u0131na kat\u0131lacak olanlar se\u00e7ene\u011fi kullan\u0131larak herkes opsiyonu se\u00e7ilmeli<\/li>\n<li>Sol \u00fcst k\u0131s\u0131mda bulunan kamera simgesi ile kameralar aras\u0131nda ge\u00e7i\u015f sa\u011flan\u0131r.<\/li>\n<li>Canl\u0131 ses yay\u0131n\u0131 yapmak i\u00e7in sa\u011f \u00fcst k\u00f6\u015fede bulunan \u00fc\u00e7 nokta simgesi ile canl\u0131 ses yay\u0131n\u0131 yap\u0131labilir.<\/li>\n<li>Gerekli t\u00fcm ayarlamalar yap\u0131ld\u0131ktan sonra canl\u0131 yay\u0131n ba\u015flat butonu ile yay\u0131na ba\u015flan\u0131r.<\/li>\n<\/ul>\n<h2><span class=\"ez-toc-section\" id=\"Canli-Yayinda-Gectikten-Sonra-Yapilacak-Ayarlar\"><\/span>Canl\u0131 Yay\u0131nda Ge\u00e7tikten Sonra Yap\u0131lacak Ayarlar<span class=\"ez-toc-section-end\"><\/span><\/h2>\n<p><em>Canl\u0131 yay\u0131na ge\u00e7ildikten sonra bir tak\u0131m ayarlamalara yap\u0131labilir. Bu ayarlamalar \u015fu \u015fekilde ger\u00e7ekle\u015febilir;<\/em><\/p>\n<ul>\n<li>Ekran\u0131n alt k\u0131sm\u0131nda bulunan se\u00e7enekler k\u0131sm\u0131ndan arkada\u015flar yay\u0131na davet edilebilir ve yorum yapabilirler.<\/li>\n<li>E\u011flenceli \u015fekilde canl\u0131 yay\u0131n yapmak i\u00e7in sihirli de\u011fnek kullan\u0131larak filtrelerden yararlan\u0131labilir.<\/li>\n<li>A\u00e7\u0131klama de\u011fi\u015ftirmek i\u00e7in kalem simgesi kullan\u0131labilir.<\/li>\n<li>Canl\u0131 yay\u0131n\u0131 son erdirmek i\u00e7in bitir butonu kullan\u0131labilir.<\/li>\n<\/ul>\n<h2><span class=\"ez-toc-section\" id=\"Masaustu-Cihazlarda-Facebooktan-Canli-Yayin\"><\/span>Masa\u00fcst\u00fc Cihazlarda Facebook\u2019tan Canl\u0131 Yay\u0131n<span class=\"ez-toc-section-end\"><\/span><\/h2>\n<p>Kullan\u0131c\u0131lar mobil cihazlardan canl\u0131 yay\u0131n yapmalar\u0131n\u0131n yan\u0131nda, masa\u00fcst\u00fc cihazlar\u0131 kullanarak da canl\u0131 yay\u0131n yapma imk\u00e2n\u0131na sahiptirler. Bunun i\u00e7in masa\u00fcst\u00fc cihazdan Facebook canl\u0131 yay\u0131n se\u00e7ene\u011fini se\u00e7ebilirler. Bunun i\u00e7in mobil cihazlarda izlenen ad\u0131mlar ayn\u0131 \u015fekilde masa\u00fcst\u00fc cihazlarda da izlenebilir.<\/p>\n<h2><span class=\"ez-toc-section\" id=\"Facebook-Canli-Yayin-Hatalari-Ve-Cozum-Yollari\"><\/span>Facebook Canl\u0131 Yay\u0131n Hatalar\u0131 Ve \u00c7\u00f6z\u00fcm Yollar\u0131<span class=\"ez-toc-section-end\"><\/span><\/h2>\n<p>Gerek mobil cihazlarda gerekse masa\u00fcst\u00fc cihazlarda canl\u0131 yay\u0131n yapmak istenildi\u011finde bazen sorunlar \u00e7\u0131kabilir. Canl\u0131 yay\u0131n \u00f6zelli\u011fini kullan\u0131rken de\u011fi\u015fik sebepler ile canl\u0131 yay\u0131n \u00f6zelli\u011fini kullanamaz. Bu gibi durumda kullan\u0131c\u0131lar\u0131n ortaya \u00e7\u0131kan sorunlar\u0131 \u00e7\u00f6zmesi i\u00e7in bir tak\u0131m \u00e7\u00f6z\u00fcmleri kullanmalar\u0131 gerekir.<\/p>\n<p><em>Bu \u00e7\u00f6z\u00fcmleri ise \u015f\u00f6yledir;<\/em><\/p>\n<ul>\n<li>Her iki cihazda da kullan\u0131lan Facebook uygulamas\u0131 g\u00fcncel olmayabilir. Bu nedenle uygulamay\u0131 g\u00fcncellemek sorunu \u00e7\u00f6zebilir.<\/li>\n<li>Mobil cihazlarda kullan\u0131lan i\u015fletim sistemleri g\u00fcncel olmayabilir. Bu durum da Facebook uygulamas\u0131n\u0131 kullanma konusunda s\u0131k\u0131nt\u0131 ya\u015fatabilir.<\/li>\n<li>Kullan\u0131c\u0131lar i\u00e7in a\u00e7\u0131lm\u0131\u015f olan Facebook hesab\u0131n\u0131n do\u011frulanmam\u0131\u015f olabilir. Bu sorunu gidermek i\u00e7in Facebook do\u011frulamas\u0131 yap\u0131lmal\u0131d\u0131r. Ayarlar k\u0131sm\u0131 kullan\u0131larak bu sorun giderilebilir.<\/li>\n<li>Her iki cihaz i\u00e7in indirilen Facebook uygulamas\u0131 resmi ma\u011faza d\u0131\u015f\u0131nda y\u00fcklenmi\u015f ise uygulaman\u0131n \u00f6zellikleri tam manas\u0131 ile kullan\u0131lmayabilir. Bu gibi sorun ile kar\u015f\u0131la\u015fmamak i\u00e7in resmi ma\u011fazada y\u00fcklenmesi mant\u0131kl\u0131 olabilir.<\/li>\n<\/ul>\n<p>&nbsp;<\/p>\n<p>&nbsp;<\/p>\n<p>&nbsp;<\/p>\n","protected":false},"excerpt":{"rendered":"<p>\u0130lk \u00e7\u0131kt\u0131\u011f\u0131nda bir arkada\u015fl\u0131k sitesi olarak \u00f6n plana \u00e7\u0131kan Facebook, g\u00fcn\u00fcm\u00fcze gelinceye kadar yapt\u0131\u011f\u0131 g\u00fcncellemeler ile sosyal medya devi haline gelmi\u015ftir. Son d\u00f6nemlerde ise \u00f6n plana \u00e7\u0131kan bir ba\u015fka \u00f6zelli\u011fi ise canl\u0131 yay\u0131n \u00f6zelli\u011fidir. Facebook kullan\u0131c\u0131lar\u0131n\u0131n ilk akl\u0131na gelen Facebook canl\u0131 yay\u0131n nas\u0131l yap\u0131l\u0131r? Sorusudur. Bu konuda geni\u015f ara\u015ft\u0131rmalar yapma gere\u011fi duyan kullan\u0131c\u0131lar aray\u0131\u015f i\u00e7erisinde &hellip;<\/p>\n","protected":false},"author":1,"featured_media":999,"comment_status":"open","ping_status":"open","sticky":false,"template":"","format":"standard","meta":{"footnotes":""},"categories":[80],"tags":[],"class_list":["post-998","post","type-post","status-publish","format-standard","has-post-thumbnail","hentry","category-facebook-destek"],"_links":{"self":[{"href":"https:\/\/sosyalevin.com\/blog\/wp-json\/wp\/v2\/posts\/998","targetHints":{"allow":["GET"]}}],"collection":[{"href":"https:\/\/sosyalevin.com\/blog\/wp-json\/wp\/v2\/posts"}],"about":[{"href":"https:\/\/sosyalevin.com\/blog\/wp-json\/wp\/v2\/types\/post"}],"author":[{"embeddable":true,"href":"https:\/\/sosyalevin.com\/blog\/wp-json\/wp\/v2\/users\/1"}],"replies":[{"embeddable":true,"href":"https:\/\/sosyalevin.com\/blog\/wp-json\/wp\/v2\/comments?post=998"}],"version-history":[{"count":1,"href":"https:\/\/sosyalevin.com\/blog\/wp-json\/wp\/v2\/posts\/998\/revisions"}],"predecessor-version":[{"id":6748,"href":"https:\/\/sosyalevin.com\/blog\/wp-json\/wp\/v2\/posts\/998\/revisions\/6748"}],"wp:featuredmedia":[{"embeddable":true,"href":"https:\/\/sosyalevin.com\/blog\/wp-json\/wp\/v2\/media\/999"}],"wp:attachment":[{"href":"https:\/\/sosyalevin.com\/blog\/wp-json\/wp\/v2\/media?parent=998"}],"wp:term":[{"taxonomy":"category","embeddable":true,"href":"https:\/\/sosyalevin.com\/blog\/wp-json\/wp\/v2\/categories?post=998"},{"taxonomy":"post_tag","embeddable":true,"href":"https:\/\/sosyalevin.com\/blog\/wp-json\/wp\/v2\/tags?post=998"}],"curies":[{"name":"wp","href":"https:\/\/api.w.org\/{rel}","templated":true}]}}